

{"id":6876,"date":"2025-09-17T22:09:00","date_gmt":"2025-09-17T20:09:00","guid":{"rendered":"https:\/\/gothein.de\/reiseblog\/?p=6876"},"modified":"2025-09-18T11:17:27","modified_gmt":"2025-09-18T09:17:27","slug":"toulouse-noch-ein-spaziergang","status":"publish","type":"post","link":"https:\/\/gothein.de\/reiseblog\/2025\/09\/17\/toulouse-noch-ein-spaziergang\/","title":{"rendered":"Toulouse noch ein Spaziergang"},"content":{"rendered":"\n<p>Um 11:20 f\u00e4hrt der Zug in Ax-les-Thermes ab. Das Wetter ist super und l\u00e4dt eigentlich zu weiteren Wanderungen ein aber f\u00fcr morgen ist Streik angesagt. Man will mal wieder alles blockieren. Besser sich rechtzeitig in Richtung Abflugort zu begeben. Auf die Minute p\u00fcnktlich erreichen wir Toulouse um 13:12. <\/p>\n\n\n\n<p>Die freundliche Rezeptionistin im ziemlich einfache \u00e4n Hotel am Bahnhof l\u00e4sst uns auch gleich auf das bereits fertige Zimmer. <\/p>\n\n\n\n<p>Das Angebot im mittleren Preissegment war \u00e4u\u00dferst knapp bemessen. Wahrscheinlich schon in Beschlag genommen von denen die hier alles blockieren wollen.<\/p>\n\n\n\n<figure class=\"wp-block-image size-large\"><img loading=\"lazy\" decoding=\"async\" width=\"2560\" height=\"2560\" src=\"https:\/\/gothein.de\/reiseblog\/wp-content\/uploads\/2025\/09\/20250917_191915-scaled.jpg\" alt=\"\" class=\"wp-image-6877\" srcset=\"https:\/\/gothein.de\/reiseblog\/wp-content\/uploads\/2025\/09\/20250917_191915-scaled.jpg 2560w, https:\/\/gothein.de\/reiseblog\/wp-content\/uploads\/2025\/09\/20250917_191915-300x300.jpg 300w, https:\/\/gothein.de\/reiseblog\/wp-content\/uploads\/2025\/09\/20250917_191915-1024x1024.jpg 1024w, https:\/\/gothein.de\/reiseblog\/wp-content\/uploads\/2025\/09\/20250917_191915-150x150.jpg 150w, https:\/\/gothein.de\/reiseblog\/wp-content\/uploads\/2025\/09\/20250917_191915-768x768.jpg 768w, https:\/\/gothein.de\/reiseblog\/wp-content\/uploads\/2025\/09\/20250917_191915-1536x1536.jpg 1536w, https:\/\/gothein.de\/reiseblog\/wp-content\/uploads\/2025\/09\/20250917_191915-2048x2048.jpg 2048w, https:\/\/gothein.de\/reiseblog\/wp-content\/uploads\/2025\/09\/20250917_191915-60x60.jpg 60w\" sizes=\"auto, (max-width: 2560px) 100vw, 2560px\" \/><\/figure>\n\n\n\n<p>Diesmal entdecken wir einen anderen Teil von Toulouse mit sch\u00f6nen Einkaufsstra\u00dfenund eindrucksvollen Pl\u00e4tzen. Viele Wohnungen in von au\u00dfen zumindest wundersch\u00f6nen Jugendstilh\u00e4usern stehen zum Verkauf. <\/p>\n\n\n\n<p>An zwei sch\u00f6nen Kirchen kommen wir auch noch vorbei. Zuerst Notre Dame de la Dalbade. Die Fassade rund um das Portal ist sehr sch\u00f6n. Ein alter Wasserspeier liegt im Geb\u00fcsch und drinnen l\u00e4uft Petrus auf dem Wasser. <\/p>\n\n\n\n<figure class=\"wp-block-image size-large\"><img loading=\"lazy\" decoding=\"async\" width=\"2560\" height=\"2560\" src=\"https:\/\/gothein.de\/reiseblog\/wp-content\/uploads\/2025\/09\/20250917_192134-scaled.jpg\" alt=\"\" class=\"wp-image-6878\" srcset=\"https:\/\/gothein.de\/reiseblog\/wp-content\/uploads\/2025\/09\/20250917_192134-scaled.jpg 2560w, https:\/\/gothein.de\/reiseblog\/wp-content\/uploads\/2025\/09\/20250917_192134-300x300.jpg 300w, https:\/\/gothein.de\/reiseblog\/wp-content\/uploads\/2025\/09\/20250917_192134-1024x1024.jpg 1024w, https:\/\/gothein.de\/reiseblog\/wp-content\/uploads\/2025\/09\/20250917_192134-150x150.jpg 150w, https:\/\/gothein.de\/reiseblog\/wp-content\/uploads\/2025\/09\/20250917_192134-768x768.jpg 768w, https:\/\/gothein.de\/reiseblog\/wp-content\/uploads\/2025\/09\/20250917_192134-1536x1536.jpg 1536w, https:\/\/gothein.de\/reiseblog\/wp-content\/uploads\/2025\/09\/20250917_192134-2048x2048.jpg 2048w, https:\/\/gothein.de\/reiseblog\/wp-content\/uploads\/2025\/09\/20250917_192134-60x60.jpg 60w\" sizes=\"auto, (max-width: 2560px) 100vw, 2560px\" \/><\/figure>\n\n\n\n<p>Von dort kommen wir zur Garonne, die hier nicht so toll aussieht, dann zum Brunnen mit zwei Damen, die Ariege und Garonne symbolisieren, die kurz vor Toulouse zusammen flie\u00dfen. Dann geht es weiter durch ein Viertel mit zunehmend edel anmutenden Gesch\u00e4ften zur Kathedrale Saint Etienne. <\/p>\n\n\n\n<figure class=\"wp-block-image size-large\"><img loading=\"lazy\" decoding=\"async\" width=\"2560\" height=\"2560\" src=\"https:\/\/gothein.de\/reiseblog\/wp-content\/uploads\/2025\/09\/20250917_205749-scaled.jpg\" alt=\"\" class=\"wp-image-6879\" srcset=\"https:\/\/gothein.de\/reiseblog\/wp-content\/uploads\/2025\/09\/20250917_205749-scaled.jpg 2560w, https:\/\/gothein.de\/reiseblog\/wp-content\/uploads\/2025\/09\/20250917_205749-300x300.jpg 300w, https:\/\/gothein.de\/reiseblog\/wp-content\/uploads\/2025\/09\/20250917_205749-1024x1024.jpg 1024w, https:\/\/gothein.de\/reiseblog\/wp-content\/uploads\/2025\/09\/20250917_205749-150x150.jpg 150w, https:\/\/gothein.de\/reiseblog\/wp-content\/uploads\/2025\/09\/20250917_205749-768x768.jpg 768w, https:\/\/gothein.de\/reiseblog\/wp-content\/uploads\/2025\/09\/20250917_205749-1536x1536.jpg 1536w, https:\/\/gothein.de\/reiseblog\/wp-content\/uploads\/2025\/09\/20250917_205749-2048x2048.jpg 2048w, https:\/\/gothein.de\/reiseblog\/wp-content\/uploads\/2025\/09\/20250917_205749-60x60.jpg 60w\" sizes=\"auto, (max-width: 2560px) 100vw, 2560px\" \/><\/figure>\n\n\n\n<p>Da ist zwar rund rum eine riesige Baustelle mit viel L\u00e4rm, die asymmetrische Form ist aber ganz gut erkennbar und drinnen ist trotz Baustelle einiges zu sehen. <\/p>\n\n\n\n<p>Morgen im Flieger will ich gerne meinen Rucksack ins Handgep\u00e4ck nehmen und mu\u00df mein Taschenmesser und das Nagelmanik\u00fcreset aufgegeben. Also kaufen wir einen kleinen Karton bei der Post und ein St\u00fcck Schnur in einem Werkzeugladen und hoffen, dass wir das morgen so los bekommen. <\/p>\n\n\n\n<p>Abends sind wir die ersten im gut bewerteten La Pastaciutta, da\u00df sich aber sehr schnell f\u00fcllt und der Bewertung standh\u00e4lt. Die Dame an der Rezeption hat recherchiert und am Vormittag fahren noch Busse zum Flughafen,  danach nicht mehr. <\/p>\n\n\n\n<p>Immerhin haben sich so 10 flache Kilometer summiert. <\/p>\n\n\n\n        <div id=\"map_ol3js_1\"\n             class=\"map undefined\"\n             data-map_name=\"undefined\"\n             data-map=\"map_ol3js_1\"\n             style=\"width:100%;\n                    max-width:100%;\n                    height:450px;\n                    display:block;\n                    overflow:hidden;\n                    border:2px solid grey;\">\n          <div id=\"map_ol3js_1_popup\" class=\"ol-popup\">\n            <a href=\"#\" id=\"map_ol3js_1_popup-closer\" class=\"ol-popup-closer\"><\/a>\n            <div id=\"map_ol3js_1_popup-content\"><\/div>\n          <\/div>\n        <\/div>\n    \n\n\t\t\t\t<script type=\"text\/javascript\">\n\t\t\t\t\ttranslations['openlayer'] = \"open layer\";\n\t\t\t\t\ttranslations['openlayerAtStartup'] = \"open layer at startup\";\n\t\t\t\t\ttranslations['generateLink'] = \"Der Link zur Karte mit ausgew\u00e4hlten Overlays und angezeigtem Ausschnitt\";\n\t\t\t\t\ttranslations['shortDescription'] = \"Kurzbeschreibung\";\n\t\t\t\t\ttranslations['generatedShortCode'] = \"to get a text control link paste this code in your wordpress editor\";\n\t\t\t\t\ttranslations['closeLayer'] = \"close layer\";\n\t\t\t\t\ttranslations['cantGenerateLink'] = \"put this string in the existing map short code to control this map\";\n\t\t\t  <\/script>\n\n\n\t\t\t  <script type=\"text\/javascript\">\n\t\t\t  vectorM['map_ol3js_1'] = [];\n\t        \n        var raster = getTileLayer(\"osm\",\"NoKey\");\t\t\t\n\n\t\t\t  var map_ol3js_1 = new ol.Map({\n\t\t\t\tinteractions: ol.interaction.defaults.defaults({mouseWheelZoom:false}),\n\t\t\t\tlayers: [raster],\n\t\t\t\ttarget: \"map_ol3js_1\",\n\t\t\t\tview: new ol.View({\n\t\t\t\t  center: ol.proj.transform([1.447013,43.599859], \"EPSG:4326\", \"EPSG:3857\"),\n\t\t\t\t  zoom: 14.209648\n\t\t\t\t})\n\t\t\t  });\n\t\t\t  \n    var style0 = {\n      \"Point\": [new ol.style.Style({\n\n          image: new ol.style.Icon({\n            anchor: [0.5, 41],\n            anchorXUnits: \"fraction\",\n            anchorYUnits: \"pixels\",\n            opacity: 0.75,\n            src: \"https:\/\/gothein.de\/reiseblog\/wp-content\/plugins\/osm\/icons\/mic_blue_pinother_02.png\"\n          })\n      })],\n\n      \"LineString\": [new ol.style.Style({\n        stroke: new ol.style.Stroke({\n          color: \"blue\",\n          width: 8\n        })\n      })],\n      \"MultiLineString\": [new ol.style.Style({\n        stroke: new ol.style.Stroke({\n          color: \"blue\",\n          width: 4\n        })\n      })]\n    };\n\t\t  var vectorL0 = new ol.layer.Vector({\n\t\t\t\tsource: new ol.source.Vector({\n\t\t\t\turl:\"\/reiseblog\/wp-content\/uploads\/gpx\/20250917_Toulouse.gpx\",\n\t\t\t\tformat: new ol.format.GPX({\n\t\t\t\t\textractStyles: false\n\t\t\t\t})\n\t\t\t}),\n\t\t\tzIndex: 92,\n\t\t\tstyle: function(feature, resolution) {return style0[feature.getGeometry().getType()];}\n\t\t  });\n\t\t  map_ol3js_1.addLayer(vectorL0);addControls2Map(map_ol3js_1,0,0,3,1,5,6,7,0,1);\nosm_addPopupClickhandler(map_ol3js_1,  \"map_ol3js_1\"); \nosm_addMouseHover(map_ol3js_1); <\/script>\n","protected":false},"excerpt":{"rendered":"<p>Um 11:20 f\u00e4hrt der Zug in Ax-les-Thermes ab. Das Wetter ist super und l\u00e4dt eigentlich zu weiteren Wanderungen ein aber f\u00fcr morgen ist Streik angesagt. Man will mal wieder alles blockieren. Besser sich rechtzeitig in Richtung Abflugort zu begeben. Auf die Minute p\u00fcnktlich erreichen wir Toulouse um 13:12. Die freundliche Rezeptionistin im ziemlich einfache \u00e4n [&hellip;]<\/p>\n","protected":false},"author":1,"featured_media":0,"comment_status":"open","ping_status":"open","sticky":false,"template":"","format":"standard","meta":{"ngg_post_thumbnail":0,"_jetpack_memberships_contains_paid_content":false,"footnotes":""},"categories":[1],"tags":[286,137,331],"class_list":["post-6876","post","type-post","status-publish","format-standard","hentry","category-allgemein","tag-ax-les-thermes","tag-frankreich","tag-toulouse"],"jetpack_featured_media_url":"","jetpack_sharing_enabled":true,"_links":{"self":[{"href":"https:\/\/gothein.de\/reiseblog\/wp-json\/wp\/v2\/posts\/6876","targetHints":{"allow":["GET"]}}],"collection":[{"href":"https:\/\/gothein.de\/reiseblog\/wp-json\/wp\/v2\/posts"}],"about":[{"href":"https:\/\/gothein.de\/reiseblog\/wp-json\/wp\/v2\/types\/post"}],"author":[{"embeddable":true,"href":"https:\/\/gothein.de\/reiseblog\/wp-json\/wp\/v2\/users\/1"}],"replies":[{"embeddable":true,"href":"https:\/\/gothein.de\/reiseblog\/wp-json\/wp\/v2\/comments?post=6876"}],"version-history":[{"count":0,"href":"https:\/\/gothein.de\/reiseblog\/wp-json\/wp\/v2\/posts\/6876\/revisions"}],"wp:attachment":[{"href":"https:\/\/gothein.de\/reiseblog\/wp-json\/wp\/v2\/media?parent=6876"}],"wp:term":[{"taxonomy":"category","embeddable":true,"href":"https:\/\/gothein.de\/reiseblog\/wp-json\/wp\/v2\/categories?post=6876"},{"taxonomy":"post_tag","embeddable":true,"href":"https:\/\/gothein.de\/reiseblog\/wp-json\/wp\/v2\/tags?post=6876"}],"curies":[{"name":"wp","href":"https:\/\/api.w.org\/{rel}","templated":true}]}}