

{"id":6819,"date":"2025-09-11T21:42:15","date_gmt":"2025-09-11T19:42:15","guid":{"rendered":"https:\/\/gothein.de\/reiseblog\/?p=6819"},"modified":"2025-09-11T22:29:10","modified_gmt":"2025-09-11T20:29:10","slug":"spaziergang-in-ax-les-thermes","status":"publish","type":"post","link":"https:\/\/gothein.de\/reiseblog\/2025\/09\/11\/spaziergang-in-ax-les-thermes\/","title":{"rendered":"Spaziergang in Ax-les-Thermes"},"content":{"rendered":"\n<p>Heute sind wir von Montpellier nach Ax-les-Thermes umgezogen. Eine direkte Zugbuchung gestern war nicht m\u00f6glich. Alles ausgebucht oder nicht buchbar. Angesichts Streik und Unruhen fahren vielleicht zu wenig Z\u00fcge? Mit Flixbus gibt es eine Option um 7h. Beim Versuch Tickets nach Toulouse zu buchen bin ich dann aber erfolgreich. Um 9:50 geht es entspannter zun\u00e4chst nach Narbonne (p\u00fcnktlich ab und an) und nach 30 Minuten weiter nach Toulouse. Auch der Anschlusszug f\u00e4hrt p\u00fcnktlich ab und kommt p\u00fcnktlich an. In Toulouse entscheiden wir uns f\u00fcr Ax-les-Thermes, buchen ein kleines Appartement und den Anschlusszug. Novum: der f\u00e4hrt 5 Minuten zu sp\u00e4t ab, weil er auf Reisende wartet. Auf die Minute um 15:40 erreichen wir unseren Zielort und um 16h die \u00fcber dem Ort liegende Wohnung. Sch\u00f6ner Blick aber man mu\u00df ein bisschen steigen.<\/p>\n\n\n\n<p>Die Wohnung ist wirklich sch\u00f6n und diesmal ziemlich preiswert, richtig sauber und modern-pragmatisch eingerichtet. Die vielen Appartements hier sind wahrscheinlich eher im Winter nachgefragt. 10 Minuten : bis in den Ort zum Spar und zum K\u00e4seladen.<\/p>\n\n\n\n<figure class=\"wp-block-image size-large\"><img loading=\"lazy\" decoding=\"async\" width=\"2560\" height=\"2560\" src=\"https:\/\/gothein.de\/reiseblog\/wp-content\/uploads\/2025\/09\/20250911_192124-scaled.jpg\" alt=\"\" class=\"wp-image-6820\" srcset=\"https:\/\/gothein.de\/reiseblog\/wp-content\/uploads\/2025\/09\/20250911_192124-scaled.jpg 2560w, https:\/\/gothein.de\/reiseblog\/wp-content\/uploads\/2025\/09\/20250911_192124-300x300.jpg 300w, https:\/\/gothein.de\/reiseblog\/wp-content\/uploads\/2025\/09\/20250911_192124-1024x1024.jpg 1024w, https:\/\/gothein.de\/reiseblog\/wp-content\/uploads\/2025\/09\/20250911_192124-150x150.jpg 150w, https:\/\/gothein.de\/reiseblog\/wp-content\/uploads\/2025\/09\/20250911_192124-768x768.jpg 768w, https:\/\/gothein.de\/reiseblog\/wp-content\/uploads\/2025\/09\/20250911_192124-1536x1536.jpg 1536w, https:\/\/gothein.de\/reiseblog\/wp-content\/uploads\/2025\/09\/20250911_192124-2048x2048.jpg 2048w, https:\/\/gothein.de\/reiseblog\/wp-content\/uploads\/2025\/09\/20250911_192124-60x60.jpg 60w\" sizes=\"auto, (max-width: 2560px) 100vw, 2560px\" \/><\/figure>\n\n\n\n<p>Der kleine Spaziergang von 2km ist nicht weiter erw\u00e4hnenswert. Die Br\u00fccken \u00fcber die Ariege bieten sch\u00f6ne Motive und auch der Ausblick von unserem Balkon ist sch\u00f6n. Abends geht es noch einmal runter um im &#8222;Table du Sud&#8220; eine gute Galette zu bekommen. Der Laden ist super bewertet, sehr preiswert, eine sehr nette \u00e4ltere Bedienung, die selber kocht und auch f\u00fcr uns ein bisschen langsamer franz\u00f6sisch spricht. Kurzum wir sind zufrieden.<\/p>\n\n\n\n<p>Leider sind die Wetteraussichten durchwachsen. Mal sehen ob wir noch ein paar Wanderungen hier machen k\u00f6nnen.\nDie Vorhersagen sind aber auch nicht sehr stabil.\n<\/p>\n\n\n\n        <div id=\"map_ol3js_1\"\n             class=\"map undefined\"\n             data-map_name=\"undefined\"\n             data-map=\"map_ol3js_1\"\n             style=\"width:100%;\n                    max-width:100%;\n                    height:450px;\n                    display:block;\n                    overflow:hidden;\n                    border:2px solid grey;\">\n          <div id=\"map_ol3js_1_popup\" class=\"ol-popup\">\n            <a href=\"#\" id=\"map_ol3js_1_popup-closer\" class=\"ol-popup-closer\"><\/a>\n            <div id=\"map_ol3js_1_popup-content\"><\/div>\n          <\/div>\n        <\/div>\n    \n\n\t\t\t\t<script type=\"text\/javascript\">\n\t\t\t\t\ttranslations['openlayer'] = \"open layer\";\n\t\t\t\t\ttranslations['openlayerAtStartup'] = \"open layer at startup\";\n\t\t\t\t\ttranslations['generateLink'] = \"Der Link zur Karte mit ausgew\u00e4hlten Overlays und angezeigtem Ausschnitt\";\n\t\t\t\t\ttranslations['shortDescription'] = \"Kurzbeschreibung\";\n\t\t\t\t\ttranslations['generatedShortCode'] = \"to get a text control link paste this code in your wordpress editor\";\n\t\t\t\t\ttranslations['closeLayer'] = \"close layer\";\n\t\t\t\t\ttranslations['cantGenerateLink'] = \"put this string in the existing map short code to control this map\";\n\t\t\t  <\/script>\n\n\n\t\t\t  <script type=\"text\/javascript\">\n\t\t\t  vectorM['map_ol3js_1'] = [];\n\t        \n        var raster = getTileLayer(\"osm\",\"NoKey\");\t\t\t\n\n\t\t\t  var map_ol3js_1 = new ol.Map({\n\t\t\t\tinteractions: ol.interaction.defaults.defaults({mouseWheelZoom:false}),\n\t\t\t\tlayers: [raster],\n\t\t\t\ttarget: \"map_ol3js_1\",\n\t\t\t\tview: new ol.View({\n\t\t\t\t  center: ol.proj.transform([1.836198,42.720558], \"EPSG:4326\", \"EPSG:3857\"),\n\t\t\t\t  zoom: 16.449713\n\t\t\t\t})\n\t\t\t  });\n\t\t\t  \n    var style0 = {\n      \"Point\": [new ol.style.Style({\n\n          image: new ol.style.Icon({\n            anchor: [0.5, 41],\n            anchorXUnits: \"fraction\",\n            anchorYUnits: \"pixels\",\n            opacity: 0.75,\n            src: \"https:\/\/gothein.de\/reiseblog\/wp-content\/plugins\/osm\/icons\/mic_blue_pinother_02.png\"\n          })\n      })],\n\n      \"LineString\": [new ol.style.Style({\n        stroke: new ol.style.Stroke({\n          color: \"blue\",\n          width: 8\n        })\n      })],\n      \"MultiLineString\": [new ol.style.Style({\n        stroke: new ol.style.Stroke({\n          color: \"blue\",\n          width: 4\n        })\n      })]\n    };\n\t\t  var vectorL0 = new ol.layer.Vector({\n\t\t\t\tsource: new ol.source.Vector({\n\t\t\t\turl:\"\/reiseblog\/wp-content\/uploads\/gpx\/20250911_AxlesThermes.gpx\",\n\t\t\t\tformat: new ol.format.GPX({\n\t\t\t\t\textractStyles: false\n\t\t\t\t})\n\t\t\t}),\n\t\t\tzIndex: 92,\n\t\t\tstyle: function(feature, resolution) {return style0[feature.getGeometry().getType()];}\n\t\t  });\n\t\t  map_ol3js_1.addLayer(vectorL0);addControls2Map(map_ol3js_1,0,0,3,1,5,6,7,0,1);\nosm_addPopupClickhandler(map_ol3js_1,  \"map_ol3js_1\"); \nosm_addMouseHover(map_ol3js_1); <\/script>\n\n\n","protected":false},"excerpt":{"rendered":"<p>Heute sind wir von Montpellier nach Ax-les-Thermes umgezogen. Eine direkte Zugbuchung gestern war nicht m\u00f6glich. Alles ausgebucht oder nicht buchbar. Angesichts Streik und Unruhen fahren vielleicht zu wenig Z\u00fcge? Mit Flixbus gibt es eine Option um 7h. Beim Versuch Tickets nach Toulouse zu buchen bin ich dann aber erfolgreich. Um 9:50 geht es entspannter zun\u00e4chst [&hellip;]<\/p>\n","protected":false},"author":1,"featured_media":0,"comment_status":"open","ping_status":"open","sticky":false,"template":"","format":"standard","meta":{"ngg_post_thumbnail":0,"_jetpack_memberships_contains_paid_content":false,"footnotes":""},"categories":[1],"tags":[286,137,281],"class_list":["post-6819","post","type-post","status-publish","format-standard","hentry","category-allgemein","tag-ax-les-thermes","tag-frankreich","tag-pyrenaeen"],"jetpack_featured_media_url":"","jetpack_sharing_enabled":true,"_links":{"self":[{"href":"https:\/\/gothein.de\/reiseblog\/wp-json\/wp\/v2\/posts\/6819","targetHints":{"allow":["GET"]}}],"collection":[{"href":"https:\/\/gothein.de\/reiseblog\/wp-json\/wp\/v2\/posts"}],"about":[{"href":"https:\/\/gothein.de\/reiseblog\/wp-json\/wp\/v2\/types\/post"}],"author":[{"embeddable":true,"href":"https:\/\/gothein.de\/reiseblog\/wp-json\/wp\/v2\/users\/1"}],"replies":[{"embeddable":true,"href":"https:\/\/gothein.de\/reiseblog\/wp-json\/wp\/v2\/comments?post=6819"}],"version-history":[{"count":0,"href":"https:\/\/gothein.de\/reiseblog\/wp-json\/wp\/v2\/posts\/6819\/revisions"}],"wp:attachment":[{"href":"https:\/\/gothein.de\/reiseblog\/wp-json\/wp\/v2\/media?parent=6819"}],"wp:term":[{"taxonomy":"category","embeddable":true,"href":"https:\/\/gothein.de\/reiseblog\/wp-json\/wp\/v2\/categories?post=6819"},{"taxonomy":"post_tag","embeddable":true,"href":"https:\/\/gothein.de\/reiseblog\/wp-json\/wp\/v2\/tags?post=6819"}],"curies":[{"name":"wp","href":"https:\/\/api.w.org\/{rel}","templated":true}]}}