

{"id":6806,"date":"2025-09-10T22:03:00","date_gmt":"2025-09-10T20:03:00","guid":{"rendered":"https:\/\/gothein.de\/reiseblog\/?p=6806"},"modified":"2025-09-11T14:18:53","modified_gmt":"2025-09-11T12:18:53","slug":"rundgang-durch-montpellier","status":"publish","type":"post","link":"https:\/\/gothein.de\/reiseblog\/2025\/09\/10\/rundgang-durch-montpellier\/","title":{"rendered":"Rundgang durch Montpellier"},"content":{"rendered":"\n<p>Nach zwei \u00dcbernachtungen in Narbonne sind wir weiter nach Montpellier gefahren. Der Zug ist p\u00fcnktlich abgefahren und nach einer guten Stunde fast p\u00fcnktlich angekommen. Ein bisschen irritiert war ich dar\u00fcber, dass einige Z\u00fcge gestrichen waren. Ebenso haben wir uns das gro\u00dfe Polizeiaufgebot am Bahnhof in Montpellier gewundert. Sp\u00e4ter sollte sich herausstellen, dass man wieder streiken und alles blockieren will.<\/p>\n\n\n\n<figure class=\"wp-block-image size-large\"><img loading=\"lazy\" decoding=\"async\" width=\"2560\" height=\"2560\" src=\"https:\/\/gothein.de\/reiseblog\/wp-content\/uploads\/2025\/09\/20250910_173121-scaled.jpg\" alt=\"\" class=\"wp-image-6810\" srcset=\"https:\/\/gothein.de\/reiseblog\/wp-content\/uploads\/2025\/09\/20250910_173121-scaled.jpg 2560w, https:\/\/gothein.de\/reiseblog\/wp-content\/uploads\/2025\/09\/20250910_173121-300x300.jpg 300w, https:\/\/gothein.de\/reiseblog\/wp-content\/uploads\/2025\/09\/20250910_173121-1024x1024.jpg 1024w, https:\/\/gothein.de\/reiseblog\/wp-content\/uploads\/2025\/09\/20250910_173121-150x150.jpg 150w, https:\/\/gothein.de\/reiseblog\/wp-content\/uploads\/2025\/09\/20250910_173121-768x768.jpg 768w, https:\/\/gothein.de\/reiseblog\/wp-content\/uploads\/2025\/09\/20250910_173121-1536x1536.jpg 1536w, https:\/\/gothein.de\/reiseblog\/wp-content\/uploads\/2025\/09\/20250910_173121-2048x2048.jpg 2048w, https:\/\/gothein.de\/reiseblog\/wp-content\/uploads\/2025\/09\/20250910_173121-60x60.jpg 60w\" sizes=\"auto, (max-width: 2560px) 100vw, 2560px\" \/><\/figure>\n\n\n\n<p>Im diesmal sehr angenehmen Hotel in unmittelbarer Bahnhofsn\u00e4he konnten wir unsere Rucks\u00e4cke abstellen und mit leichtem Gep\u00e4ck zum Rundgang durch die Altstadt aufbrechen. Kaum kommen wir in den Bereich des zentralen &#8222;Place de la Com\u00e9die&#8220; mehren sich die Menschenmassen, die sich hier zum Protestmarsch sammeln. Es werden Fahnen unterschiedlichster Art geschwenkt und irgendwelche Parolen auf Pappkartons gemalt. Man ist so ziemlich gegen alles bzw. daf\u00fcr die &#8222;Reichen&#8220; zu besteuern und wahrscheinlich auch die Verschuldung zu erh\u00f6hen. Der Brunnen auf dem Platz dient als Kletterturm und wir umlaufen das Areal weitl\u00e4ufig. <\/p>\n\n\n\n<figure class=\"wp-block-image size-large\"><img loading=\"lazy\" decoding=\"async\" width=\"2560\" height=\"2560\" src=\"https:\/\/gothein.de\/reiseblog\/wp-content\/uploads\/2025\/09\/20250910_173239-scaled.jpg\" alt=\"\" class=\"wp-image-6811\" srcset=\"https:\/\/gothein.de\/reiseblog\/wp-content\/uploads\/2025\/09\/20250910_173239-scaled.jpg 2560w, https:\/\/gothein.de\/reiseblog\/wp-content\/uploads\/2025\/09\/20250910_173239-300x300.jpg 300w, https:\/\/gothein.de\/reiseblog\/wp-content\/uploads\/2025\/09\/20250910_173239-1024x1024.jpg 1024w, https:\/\/gothein.de\/reiseblog\/wp-content\/uploads\/2025\/09\/20250910_173239-150x150.jpg 150w, https:\/\/gothein.de\/reiseblog\/wp-content\/uploads\/2025\/09\/20250910_173239-768x768.jpg 768w, https:\/\/gothein.de\/reiseblog\/wp-content\/uploads\/2025\/09\/20250910_173239-1536x1536.jpg 1536w, https:\/\/gothein.de\/reiseblog\/wp-content\/uploads\/2025\/09\/20250910_173239-2048x2048.jpg 2048w, https:\/\/gothein.de\/reiseblog\/wp-content\/uploads\/2025\/09\/20250910_173239-60x60.jpg 60w\" sizes=\"auto, (max-width: 2560px) 100vw, 2560px\" \/><\/figure>\n\n\n<p><!-- \/wp:post-content --><\/p>\n<p>Durch die Einkaufsstra\u00dfen erreichen wir dann den ebenfalls durch Polizisten gesicherten Arc de Triumph. Dahinter ist ein gro\u00dfer sandiger Platz die &#8222;Promenade du Peyrou&#8220; mit einem der Ludwig-K\u00f6nige als Kaiser kost\u00fcmiert. Dahinter kommt ein kleiner Teich vor dem &#8222;Aqueduc Saint Clement&#8220; was erh\u00f6ht liegt und somit einen guten Ausblick \u00fcber die Stadt bietet.&nbsp;<\/p>\n<p><!-- \/wp:paragraph --><\/p>\n<p><!-- wp:image {\"id\":6812,\"sizeSlug\":\"large\"} --><\/p>\n<figure class=\"wp-block-image size-large\"><img loading=\"lazy\" decoding=\"async\" width=\"2560\" height=\"2560\" class=\"wp-image-6812\" src=\"https:\/\/gothein.de\/reiseblog\/wp-content\/uploads\/2025\/09\/20250910_173748-scaled.jpg\" alt=\"\" srcset=\"https:\/\/gothein.de\/reiseblog\/wp-content\/uploads\/2025\/09\/20250910_173748-scaled.jpg 2560w, https:\/\/gothein.de\/reiseblog\/wp-content\/uploads\/2025\/09\/20250910_173748-300x300.jpg 300w, https:\/\/gothein.de\/reiseblog\/wp-content\/uploads\/2025\/09\/20250910_173748-1024x1024.jpg 1024w, https:\/\/gothein.de\/reiseblog\/wp-content\/uploads\/2025\/09\/20250910_173748-150x150.jpg 150w, https:\/\/gothein.de\/reiseblog\/wp-content\/uploads\/2025\/09\/20250910_173748-768x768.jpg 768w, https:\/\/gothein.de\/reiseblog\/wp-content\/uploads\/2025\/09\/20250910_173748-1536x1536.jpg 1536w, https:\/\/gothein.de\/reiseblog\/wp-content\/uploads\/2025\/09\/20250910_173748-2048x2048.jpg 2048w, https:\/\/gothein.de\/reiseblog\/wp-content\/uploads\/2025\/09\/20250910_173748-60x60.jpg 60w\" sizes=\"auto, (max-width: 2560px) 100vw, 2560px\" \/><\/figure>\n<p><!-- \/wp:image --><\/p>\n<p><!-- wp:paragraph --><\/p>\n<p>Es ist gerade 12h geworden und die Glocken der Stadt auf den verschiedenen Kircht\u00fcrmen intonieren gemeinsam eine Melodie. Wir steuern als n\u00e4chstes Ziel die Kathedrale &#8222;Saint Pierre&#8220; an. Die hat allerdings um 11:45 gecchlossen und macht erst um 14:30 wieder auf. Bei einem kleinen Imbiss bei Bruno am Boulevard Pasteur werden wir ungewollt zu Zuschauern des &#8222;Demonstrationszuges&#8220;.<\/p>\n<p>Durch die labyrinthischen Gassen der Altstadt kommen wir zur Kirche des heiligen Rochus von Montpellier in der er auch mittels einer gro\u00dfen Statue als Pilger mit seinem Hund geehrt wird. Gegen\u00fcber ist eine triste fensterlose Fassade mit einem sch\u00f6nen Wandgem\u00e4lde verziert. Das Pflichtprogramm die Kathedrale zu besichtigen absolvieren wir dann p\u00fcnktlich um 14:30, um dann wieder unser Hotel anzusteuern, welches jetzt bestimmt ein Zimmer f\u00fcr uns hat.<\/p>\n<p><!-- \/wp:paragraph --><\/p>\n<p><!-- wp:image {\"id\":6813,\"sizeSlug\":\"large\"} --><\/p>\n<figure class=\"wp-block-image size-large\"><img loading=\"lazy\" decoding=\"async\" width=\"2560\" height=\"2560\" class=\"wp-image-6813\" src=\"https:\/\/gothein.de\/reiseblog\/wp-content\/uploads\/2025\/09\/20250910_174135-scaled.jpg\" alt=\"\" srcset=\"https:\/\/gothein.de\/reiseblog\/wp-content\/uploads\/2025\/09\/20250910_174135-scaled.jpg 2560w, https:\/\/gothein.de\/reiseblog\/wp-content\/uploads\/2025\/09\/20250910_174135-300x300.jpg 300w, https:\/\/gothein.de\/reiseblog\/wp-content\/uploads\/2025\/09\/20250910_174135-1024x1024.jpg 1024w, https:\/\/gothein.de\/reiseblog\/wp-content\/uploads\/2025\/09\/20250910_174135-150x150.jpg 150w, https:\/\/gothein.de\/reiseblog\/wp-content\/uploads\/2025\/09\/20250910_174135-768x768.jpg 768w, https:\/\/gothein.de\/reiseblog\/wp-content\/uploads\/2025\/09\/20250910_174135-1536x1536.jpg 1536w, https:\/\/gothein.de\/reiseblog\/wp-content\/uploads\/2025\/09\/20250910_174135-2048x2048.jpg 2048w, https:\/\/gothein.de\/reiseblog\/wp-content\/uploads\/2025\/09\/20250910_174135-60x60.jpg 60w\" sizes=\"auto, (max-width: 2560px) 100vw, 2560px\" \/><\/figure>\n<p><!-- \/wp:image --><\/p>\n<p><!-- wp:paragraph --><\/p>\n<p>Davor m\u00fcssen wir allerdings wieder den Place de la Com\u00e9die weitr\u00e4umig umgehen, da er vollst\u00e4ndig von Polizei umstellt ist. Die edlen L\u00e4den und Galerien in den Seitenstra\u00dfen haben alles mit Gittern und Rolll\u00e4den dicht gemacht. In der einen Richtung kommen wir nicht weiter, da kommt uns Tr\u00e4nengas entgegen. Auch auf der anderen Seite erreichen uns Tr\u00e4nengasschwaden und ein riesiges Wasserwerferfahrzeug f\u00e4hrt auf den Platz. Mit einem gr\u00f6\u00dferen Umweg erreichen wir das Hotel und k\u00f6nnen unser Zimmer beziehen. Die Bilder der Randalierenden in Paris und Montpellier mit Tr\u00e4nengas und Wasserwerfern und zerst\u00f6rungsbereiten Radikalen sehen wir dann sp\u00e4ter im Fernsehen.<\/p>\n<p><!-- \/wp:paragraph --><\/p>\n<p><!-- wp:image {\"id\":6814,\"sizeSlug\":\"large\"} --><\/p>\n<figure class=\"wp-block-image size-large\"><img loading=\"lazy\" decoding=\"async\" width=\"2560\" height=\"2560\" class=\"wp-image-6814\" src=\"https:\/\/gothein.de\/reiseblog\/wp-content\/uploads\/2025\/09\/20250910_175221-scaled.jpg\" alt=\"\" srcset=\"https:\/\/gothein.de\/reiseblog\/wp-content\/uploads\/2025\/09\/20250910_175221-scaled.jpg 2560w, https:\/\/gothein.de\/reiseblog\/wp-content\/uploads\/2025\/09\/20250910_175221-300x300.jpg 300w, https:\/\/gothein.de\/reiseblog\/wp-content\/uploads\/2025\/09\/20250910_175221-1024x1024.jpg 1024w, https:\/\/gothein.de\/reiseblog\/wp-content\/uploads\/2025\/09\/20250910_175221-150x150.jpg 150w, https:\/\/gothein.de\/reiseblog\/wp-content\/uploads\/2025\/09\/20250910_175221-768x768.jpg 768w, https:\/\/gothein.de\/reiseblog\/wp-content\/uploads\/2025\/09\/20250910_175221-1536x1536.jpg 1536w, https:\/\/gothein.de\/reiseblog\/wp-content\/uploads\/2025\/09\/20250910_175221-2048x2048.jpg 2048w, https:\/\/gothein.de\/reiseblog\/wp-content\/uploads\/2025\/09\/20250910_175221-60x60.jpg 60w\" sizes=\"auto, (max-width: 2560px) 100vw, 2560px\" \/><\/figure>\n<p><!-- \/wp:image --><\/p>\n<p><!-- wp:paragraph --><\/p>\n<p>Zum Abendessen steuern wir das vermeintlich italienische Restaurant Baba an. Zwei Frauen erkl\u00e4ren uns das drau\u00dfen alles voll sei. Wir nehmen innen Platz auf kleinen unbequemen St\u00fchlen und klebrigen Tischen. Die Karte ist klein, die Preise sehr hoch, angesichts Sauberkeit und Freundlichkeit, zu hoch. Es gibt nur ein Hibiskusbier und teure Weine. Kurzum f\u00fchle ich mich nicht wohl und nach einem kleinen Gl\u00e4schen Wein steuern wir das italienische Restaurant Secco an. Da wird man freundlich empfangen, in sehr belebter Stra\u00dfe mit vielen Restaurants sind wir allerdings hier die einzigen G\u00e4ste. Pizza und das Peroni dazu waren in Ordnung. Ausklingen lassen wir den Montpellier-Aufenthalt im &#8222;Les BlockAle&#8220; wo es erwartungsgem\u00e4\u00df gutes Bier gibt und k\u00f6nnen das Viertelfinal EM-Baskeball-Spiel Deutschland-Slowenien auf gro\u00dfer Leinwnd folgen.<\/p>\n<p><!-- \/wp:paragraph --><\/p>\n<p><!-- wp:paragraph --><\/p>\n<p>Immerhin 11 km haben wir unseren Wanderschuhen zugemutet und teilweise ist die Altstadt h\u00fcgelig so kommt es zu 130 H\u00f6henmetern.<\/p>\n<p><!-- \/wp:paragraph --><\/p>\n<p><!-- wp:shortcode --><br>\n        <div id=\"map_ol3js_1\"\n             class=\"map undefined\"\n             data-map_name=\"undefined\"\n             data-map=\"map_ol3js_1\"\n             style=\"width:100%;\n                    max-width:100%;\n                    height:450px;\n                    display:block;\n                    overflow:hidden;\n                    border:2px solid grey;\">\n          <div id=\"map_ol3js_1_popup\" class=\"ol-popup\">\n            <a href=\"#\" id=\"map_ol3js_1_popup-closer\" class=\"ol-popup-closer\"><\/a>\n            <div id=\"map_ol3js_1_popup-content\"><\/div>\n          <\/div>\n        <\/div>\n    \n\n\t\t\t\t<script type=\"text\/javascript\">\n\t\t\t\t\ttranslations['openlayer'] = \"open layer\";\n\t\t\t\t\ttranslations['openlayerAtStartup'] = \"open layer at startup\";\n\t\t\t\t\ttranslations['generateLink'] = \"Der Link zur Karte mit ausgew\u00e4hlten Overlays und angezeigtem Ausschnitt\";\n\t\t\t\t\ttranslations['shortDescription'] = \"Kurzbeschreibung\";\n\t\t\t\t\ttranslations['generatedShortCode'] = \"to get a text control link paste this code in your wordpress editor\";\n\t\t\t\t\ttranslations['closeLayer'] = \"close layer\";\n\t\t\t\t\ttranslations['cantGenerateLink'] = \"put this string in the existing map short code to control this map\";\n\t\t\t  <\/script>\n\n\n\t\t\t  <script type=\"text\/javascript\">\n\t\t\t  vectorM['map_ol3js_1'] = [];\n\t        \n        var raster = getTileLayer(\"osm\",\"NoKey\");\t\t\t\n\n\t\t\t  var map_ol3js_1 = new ol.Map({\n\t\t\t\tinteractions: ol.interaction.defaults.defaults({mouseWheelZoom:false}),\n\t\t\t\tlayers: [raster],\n\t\t\t\ttarget: \"map_ol3js_1\",\n\t\t\t\tview: new ol.View({\n\t\t\t\t  center: ol.proj.transform([3.876380,43.610273], \"EPSG:4326\", \"EPSG:3857\"),\n\t\t\t\t  zoom: 14.694444\n\t\t\t\t})\n\t\t\t  });\n\t\t\t  \n    var style0 = {\n      \"Point\": [new ol.style.Style({\n\n          image: new ol.style.Icon({\n            anchor: [0.5, 41],\n            anchorXUnits: \"fraction\",\n            anchorYUnits: \"pixels\",\n            opacity: 0.75,\n            src: \"https:\/\/gothein.de\/reiseblog\/wp-content\/plugins\/osm\/icons\/mic_blue_pinother_02.png\"\n          })\n      })],\n\n      \"LineString\": [new ol.style.Style({\n        stroke: new ol.style.Stroke({\n          color: \"blue\",\n          width: 8\n        })\n      })],\n      \"MultiLineString\": [new ol.style.Style({\n        stroke: new ol.style.Stroke({\n          color: \"blue\",\n          width: 4\n        })\n      })]\n    };\n\t\t  var vectorL0 = new ol.layer.Vector({\n\t\t\t\tsource: new ol.source.Vector({\n\t\t\t\turl:\"\/reiseblog\/wp-content\/uploads\/gpx\/20250910_Montpellier.gpx\",\n\t\t\t\tformat: new ol.format.GPX({\n\t\t\t\t\textractStyles: false\n\t\t\t\t})\n\t\t\t}),\n\t\t\tzIndex: 92,\n\t\t\tstyle: function(feature, resolution) {return style0[feature.getGeometry().getType()];}\n\t\t  });\n\t\t  map_ol3js_1.addLayer(vectorL0);addControls2Map(map_ol3js_1,0,0,3,1,5,6,7,0,1);\nosm_addPopupClickhandler(map_ol3js_1,  \"map_ol3js_1\"); \nosm_addMouseHover(map_ol3js_1); <\/script><br><!-- \/wp:shortcode --><\/p>\n\n<!-- wp:paragraph -->\n<p><\/p>\n<!-- \/wp:paragraph -->","protected":false},"excerpt":{"rendered":"<p>Nach zwei \u00dcbernachtungen in Narbonne sind wir weiter nach Montpellier gefahren. Der Zug ist p\u00fcnktlich abgefahren und nach einer guten Stunde fast p\u00fcnktlich angekommen. Ein bisschen irritiert war ich dar\u00fcber, dass einige Z\u00fcge gestrichen waren. Ebenso haben wir uns das gro\u00dfe Polizeiaufgebot am Bahnhof in Montpellier gewundert. Sp\u00e4ter sollte sich herausstellen, dass man wieder streiken [&hellip;]<\/p>\n","protected":false},"author":1,"featured_media":0,"comment_status":"open","ping_status":"open","sticky":false,"template":"","format":"standard","meta":{"ngg_post_thumbnail":0,"_jetpack_memberships_contains_paid_content":false,"footnotes":""},"categories":[1],"tags":[137,335],"class_list":["post-6806","post","type-post","status-publish","format-standard","hentry","category-allgemein","tag-frankreich","tag-montpellier"],"jetpack_featured_media_url":"","jetpack_sharing_enabled":true,"_links":{"self":[{"href":"https:\/\/gothein.de\/reiseblog\/wp-json\/wp\/v2\/posts\/6806","targetHints":{"allow":["GET"]}}],"collection":[{"href":"https:\/\/gothein.de\/reiseblog\/wp-json\/wp\/v2\/posts"}],"about":[{"href":"https:\/\/gothein.de\/reiseblog\/wp-json\/wp\/v2\/types\/post"}],"author":[{"embeddable":true,"href":"https:\/\/gothein.de\/reiseblog\/wp-json\/wp\/v2\/users\/1"}],"replies":[{"embeddable":true,"href":"https:\/\/gothein.de\/reiseblog\/wp-json\/wp\/v2\/comments?post=6806"}],"version-history":[{"count":0,"href":"https:\/\/gothein.de\/reiseblog\/wp-json\/wp\/v2\/posts\/6806\/revisions"}],"wp:attachment":[{"href":"https:\/\/gothein.de\/reiseblog\/wp-json\/wp\/v2\/media?parent=6806"}],"wp:term":[{"taxonomy":"category","embeddable":true,"href":"https:\/\/gothein.de\/reiseblog\/wp-json\/wp\/v2\/categories?post=6806"},{"taxonomy":"post_tag","embeddable":true,"href":"https:\/\/gothein.de\/reiseblog\/wp-json\/wp\/v2\/tags?post=6806"}],"curies":[{"name":"wp","href":"https:\/\/api.w.org\/{rel}","templated":true}]}}