

{"id":6210,"date":"2024-09-08T18:02:29","date_gmt":"2024-09-08T16:02:29","guid":{"rendered":"https:\/\/gothein.de\/reiseblog\/?p=6210"},"modified":"2024-09-13T21:39:33","modified_gmt":"2024-09-13T19:39:33","slug":"von-piesport-nach-traben-trarbach","status":"publish","type":"post","link":"https:\/\/gothein.de\/reiseblog\/2024\/09\/08\/von-piesport-nach-traben-trarbach\/","title":{"rendered":"Von Piesport\u00a0 nach Traben-Trarbach"},"content":{"rendered":"\n<p>Heute m\u00fcssen wir in der Ferienwohnung selbst unser Fr\u00fchst\u00fcck organisieren. Damit f\u00e4llt es etwas sp\u00e4rlicher aus und wir sind bereits um 10h auf dem Rad. Heute ist es nur eine ziemlich kurze Etappe und auf knapp der H\u00e4lfte liegt mit Bernkastel-Kues das erste touristische Highlight mit pittoresker Altstadt, riesigem Parplatz und Anleger f\u00fcr viele Flu\u00dfkreuzfahrtschiffe. <\/p>\n\n\n\n<figure class=\"wp-block-image size-large\"><img loading=\"lazy\" decoding=\"async\" width=\"1024\" height=\"1024\" src=\"https:\/\/gothein.de\/reiseblog\/wp-content\/uploads\/2024\/09\/20240908_1723183594458790504461346-1024x1024.jpg\" alt=\"\" class=\"wp-image-6211\" srcset=\"https:\/\/gothein.de\/reiseblog\/wp-content\/uploads\/2024\/09\/20240908_1723183594458790504461346-1024x1024.jpg 1024w, https:\/\/gothein.de\/reiseblog\/wp-content\/uploads\/2024\/09\/20240908_1723183594458790504461346-300x300.jpg 300w, https:\/\/gothein.de\/reiseblog\/wp-content\/uploads\/2024\/09\/20240908_1723183594458790504461346-150x150.jpg 150w, https:\/\/gothein.de\/reiseblog\/wp-content\/uploads\/2024\/09\/20240908_1723183594458790504461346-768x768.jpg 768w, https:\/\/gothein.de\/reiseblog\/wp-content\/uploads\/2024\/09\/20240908_1723183594458790504461346-1536x1536.jpg 1536w, https:\/\/gothein.de\/reiseblog\/wp-content\/uploads\/2024\/09\/20240908_1723183594458790504461346-2048x2048.jpg 2048w, https:\/\/gothein.de\/reiseblog\/wp-content\/uploads\/2024\/09\/20240908_1723183594458790504461346-60x60.jpg 60w\" sizes=\"auto, (max-width: 1024px) 100vw, 1024px\" \/><\/figure>\n\n\n\n<p>An dem Kiosk mit Strohballen, in den vermeintlich ein armer Radler hinein geraten ist, nehmen wir noch nichts zu uns zu. Die Simultankirche oder Gemeinschaftskirche in Brauneberg, 1\/3 abgeteilt f\u00fcr die Evangelischen und 2\/3 f\u00fcr die Katholischen (aufgeteilt nach finanziellem Anteil f\u00fcr den Umbau), schauen wir uns kurz an. Es ist heute Tag des offenen Denkmals. Es gibt schon Kuchenverkauf, aber es ist noch zu fr\u00fch f\u00fcr uns. Die weitere Besonderheit dieser Kirche ist der sehr schiefe Zwiebelkirchturm.<\/p>\n\n\n\n<p>Auf dem Weg nach Traben-Trarbach gibt es dann etliche D\u00f6rfer und Einkehrm\u00f6glichkeiten. Wir suchen uns ausgerechnet einen Kiosk aus, bei dem es heute nur Obstkuchen gibt, so dass ich mich mit Kaffee zufrieden gebe. Der sch\u00f6ne Ort Kr\u00f6v, der leider aufgrund des eingest\u00fcrzten Hotels in die Schlagzeilen geraten ist, liegt auf der andern Moselseite und gr\u00fc\u00dft nur mit seiner Weinlage. Die riesige Hochmoselbr\u00fccke dominiert einige Zeit das Landschaftsbild.<\/p>\n\n\n\n<figure class=\"wp-block-image\"><img loading=\"lazy\" decoding=\"async\" width=\"1024\" height=\"1024\" src=\"https:\/\/gothein.de\/reiseblog\/wp-content\/uploads\/2024\/09\/20240908_1727558005597327675621260-1024x1024.jpg\" alt=\"\" class=\"wp-image-6212\" srcset=\"https:\/\/gothein.de\/reiseblog\/wp-content\/uploads\/2024\/09\/20240908_1727558005597327675621260-1024x1024.jpg 1024w, https:\/\/gothein.de\/reiseblog\/wp-content\/uploads\/2024\/09\/20240908_1727558005597327675621260-300x300.jpg 300w, https:\/\/gothein.de\/reiseblog\/wp-content\/uploads\/2024\/09\/20240908_1727558005597327675621260-150x150.jpg 150w, https:\/\/gothein.de\/reiseblog\/wp-content\/uploads\/2024\/09\/20240908_1727558005597327675621260-768x768.jpg 768w, https:\/\/gothein.de\/reiseblog\/wp-content\/uploads\/2024\/09\/20240908_1727558005597327675621260-1536x1536.jpg 1536w, https:\/\/gothein.de\/reiseblog\/wp-content\/uploads\/2024\/09\/20240908_1727558005597327675621260-2048x2048.jpg 2048w, https:\/\/gothein.de\/reiseblog\/wp-content\/uploads\/2024\/09\/20240908_1727558005597327675621260-60x60.jpg 60w\" sizes=\"auto, (max-width: 1024px) 100vw, 1024px\" \/><\/figure>\n\n\n\n<p>Auf der Trarbacher Seite erreichen wir unser heutiges Ziel. Enten und Nilg\u00e4nse halten eintr\u00e4chtig Wache, wobei die Nilg\u00e4nse eindeutig auf der Stecke dominieren. Es ist Flohmarkt unter der Br\u00fccke. Unser Hotel ist ca. 1km flussabw\u00e4rts gelegen. Knapp eine Stunde zu fr\u00fch k\u00f6nnen wir bald auf das Zimmer und machen uns dann zu einem Spaziergang auf. Nach ein paar hundert Meter kommen wir an der Stelle vorbei, an der die Mosel mit 16,64 Meter am tiefsten ist. Hier flie\u00dft das Wasser gr\u00fcnlich gef\u00e4rbt. Zun\u00e4chst f\u00fchrt der Weg an der Mosel zur\u00fcck wieder \u00fcber die Br\u00fccke nach Trarbach, vorbei am Br\u00fcckentor, wo wir den Weg hoch zur Burgruine suchen. Der Weg steigt sehr steil durch teilweise noch viel steilere Weinlagen bis zum Kriegerdenkmal, auf dem gestorbene Soldaten aus dem Krieg 1871 geehrt werden sollen.<\/p>\n\n\n\n<figure class=\"wp-block-image size-large\"><img decoding=\"async\" src=\"https:\/\/gothein.de\/reiseblog\/wp-content\/uploads\/2024\/09\/20240908_1732057597454281857894354-1024x1024.jpg\" alt=\"\" class=\"wp-image-6215\"\/><\/figure>\n\n\n\n<p>Auf steilen Treppen geht es hoch bis zur Ruine Grevenburg, die wiederum von Franzosen zur sicheren Festung ausgebaut wurde. Hier oben haben wir nun endlich einen Blick auf die gesamte Moselschleife, die ich allerdings nur mit dem Panoramamodus als Ganzes erfassen kann. Auf der anderen Seite schl\u00e4ngelt sich der Weg dann wieder in vielen Serpentinen durch den Wald zur\u00fcck zur Br\u00fccke.<\/p>\n\n\n\n<figure class=\"wp-block-image\"><img decoding=\"async\" src=\"https:\/\/gothein.de\/reiseblog\/wp-content\/uploads\/2024\/09\/20240908_1736181633496333702828354-1024x1024.jpg\" alt=\"\" class=\"wp-image-6214\"\/><\/figure>\n\n\n\n<p>\u00dcber die Br\u00fccke zur\u00fcck nach Traben kommen wir dann am Lorettahaus vorbei, was nach einer Gr\u00e4fin aus dem 14. Jahrhundert benannt. Sie wurde daf\u00fcr bekannt, dass sie den sie bedrohenden Kurf\u00fcrst Balduin an der tiefsten Stelle der Mosel einfangen und entf\u00fchren lie\u00df. Nach mehreren Monaten lenkte er mit L\u00f6segeld und Zugest\u00e4ndnissen in einem \u201eS\u00fchnevertrag\u201c ein. So wird das Stadtbild mit diesem und einigen anderen H\u00e4usern im Jugendstil oder klassizistischen Stil gepr\u00e4gt, dass sich die Stadt auch \u201eHauptstadt des Jugendstils\u201c benennt.<\/p>\n\n\n\n<p>Die \u00fcberschaubare Distanz 43 km mit 161 H\u00f6henmetern, die sich \u00fcber einige sehr kurze und steile Zwischenanstiege summieren, erg\u00e4nzen wir mit weiteren 6 km zu Fu\u00df und 150 H\u00f6henmetern, die diesmal recht schwei\u00dftreibend zur Ruine hoch gef\u00fchrt haben.<\/p>\n\n\n\n<p>Abendessen gab es im sehr empfehlenswerten Anker direkt an der Mosel. Interessanter Weise war zwar verkaufsoffener Sonntag, aber ein Gro\u00dfteil der Gastst\u00e4tten hatte Ruhetag.<\/p>\n\n\n\n        <div id=\"map_ol3js_1\"\n             class=\"map undefined\"\n             data-map_name=\"undefined\"\n             data-map=\"map_ol3js_1\"\n             style=\"width:100%;\n                    max-width:100%;\n                    height:450px;\n                    display:block;\n                    overflow:hidden;\n                    border:2px solid grey;\">\n          <div id=\"map_ol3js_1_popup\" class=\"ol-popup\">\n            <a href=\"#\" id=\"map_ol3js_1_popup-closer\" class=\"ol-popup-closer\"><\/a>\n            <div id=\"map_ol3js_1_popup-content\"><\/div>\n          <\/div>\n        <\/div>\n    \n\n\t\t\t\t<script type=\"text\/javascript\">\n\t\t\t\t\ttranslations['openlayer'] = \"open layer\";\n\t\t\t\t\ttranslations['openlayerAtStartup'] = \"open layer at startup\";\n\t\t\t\t\ttranslations['generateLink'] = \"Der Link zur Karte mit ausgew\u00e4hlten Overlays und angezeigtem Ausschnitt\";\n\t\t\t\t\ttranslations['shortDescription'] = \"Kurzbeschreibung\";\n\t\t\t\t\ttranslations['generatedShortCode'] = \"to get a text control link paste this code in your wordpress editor\";\n\t\t\t\t\ttranslations['closeLayer'] = \"close layer\";\n\t\t\t\t\ttranslations['cantGenerateLink'] = \"put this string in the existing map short code to control this map\";\n\t\t\t  <\/script>\n\n\n\t\t\t  <script type=\"text\/javascript\">\n\t\t\t  vectorM['map_ol3js_1'] = [];\n\t        \n        var raster = getTileLayer(\"osm\",\"NoKey\");\t\t\t\n\n\t\t\t  var map_ol3js_1 = new ol.Map({\n\t\t\t\tinteractions: ol.interaction.defaults.defaults({mouseWheelZoom:false}),\n\t\t\t\tlayers: [raster],\n\t\t\t\ttarget: \"map_ol3js_1\",\n\t\t\t\tview: new ol.View({\n\t\t\t\t  center: ol.proj.transform([7.026607,49.921836], \"EPSG:4326\", \"EPSG:3857\"),\n\t\t\t\t  zoom: 10.847295\n\t\t\t\t})\n\t\t\t  });\n\t\t\t  \n    var style0 = {\n      \"Point\": [new ol.style.Style({\n\n          image: new ol.style.Icon({\n            anchor: [0.5, 41],\n            anchorXUnits: \"fraction\",\n            anchorYUnits: \"pixels\",\n            opacity: 0.75,\n            src: \"https:\/\/gothein.de\/reiseblog\/wp-content\/plugins\/osm\/icons\/mic_blue_pinother_02.png\"\n          })\n      })],\n\n      \"LineString\": [new ol.style.Style({\n        stroke: new ol.style.Stroke({\n          color: \"blue\",\n          width: 8\n        })\n      })],\n      \"MultiLineString\": [new ol.style.Style({\n        stroke: new ol.style.Stroke({\n          color: \"blue\",\n          width: 4\n        })\n      })]\n    };\n\t\t  var vectorL0 = new ol.layer.Vector({\n\t\t\t\tsource: new ol.source.Vector({\n\t\t\t\turl:\"\/reiseblog\/wp-content\/uploads\/gpx\/20240908_Piesport_Traben.gpx\",\n\t\t\t\tformat: new ol.format.GPX({\n\t\t\t\t\textractStyles: false\n\t\t\t\t})\n\t\t\t}),\n\t\t\tzIndex: 92,\n\t\t\tstyle: function(feature, resolution) {return style0[feature.getGeometry().getType()];}\n\t\t  });\n\t\t  map_ol3js_1.addLayer(vectorL0);addControls2Map(map_ol3js_1,0,0,3,1,5,6,7,0,1);\nosm_addPopupClickhandler(map_ol3js_1,  \"map_ol3js_1\"); \nosm_addMouseHover(map_ol3js_1); <\/script>\n","protected":false},"excerpt":{"rendered":"<p>Heute m\u00fcssen wir in der Ferienwohnung selbst unser Fr\u00fchst\u00fcck organisieren. Damit f\u00e4llt es etwas sp\u00e4rlicher aus und wir sind bereits um 10h auf dem Rad. Heute ist es nur eine ziemlich kurze Etappe und auf knapp der H\u00e4lfte liegt mit Bernkastel-Kues das erste touristische Highlight mit pittoresker Altstadt, riesigem Parplatz und Anleger f\u00fcr viele Flu\u00dfkreuzfahrtschiffe. [&hellip;]<\/p>\n","protected":false},"author":1,"featured_media":0,"comment_status":"open","ping_status":"open","sticky":false,"template":"","format":"standard","meta":{"ngg_post_thumbnail":0,"_jetpack_memberships_contains_paid_content":false,"footnotes":""},"categories":[1],"tags":[303,298,183,299],"class_list":["post-6210","post","type-post","status-publish","format-standard","hentry","category-allgemein","tag-moselradweg","tag-piesport","tag-rheinland-pfalz","tag-traben-trarbach"],"jetpack_featured_media_url":"","jetpack_sharing_enabled":true,"_links":{"self":[{"href":"https:\/\/gothein.de\/reiseblog\/wp-json\/wp\/v2\/posts\/6210","targetHints":{"allow":["GET"]}}],"collection":[{"href":"https:\/\/gothein.de\/reiseblog\/wp-json\/wp\/v2\/posts"}],"about":[{"href":"https:\/\/gothein.de\/reiseblog\/wp-json\/wp\/v2\/types\/post"}],"author":[{"embeddable":true,"href":"https:\/\/gothein.de\/reiseblog\/wp-json\/wp\/v2\/users\/1"}],"replies":[{"embeddable":true,"href":"https:\/\/gothein.de\/reiseblog\/wp-json\/wp\/v2\/comments?post=6210"}],"version-history":[{"count":0,"href":"https:\/\/gothein.de\/reiseblog\/wp-json\/wp\/v2\/posts\/6210\/revisions"}],"wp:attachment":[{"href":"https:\/\/gothein.de\/reiseblog\/wp-json\/wp\/v2\/media?parent=6210"}],"wp:term":[{"taxonomy":"category","embeddable":true,"href":"https:\/\/gothein.de\/reiseblog\/wp-json\/wp\/v2\/categories?post=6210"},{"taxonomy":"post_tag","embeddable":true,"href":"https:\/\/gothein.de\/reiseblog\/wp-json\/wp\/v2\/tags?post=6210"}],"curies":[{"name":"wp","href":"https:\/\/api.w.org\/{rel}","templated":true}]}}