

{"id":6202,"date":"2024-09-07T19:28:45","date_gmt":"2024-09-07T17:28:45","guid":{"rendered":"https:\/\/gothein.de\/reiseblog\/?p=6202"},"modified":"2024-09-13T21:34:39","modified_gmt":"2024-09-13T19:34:39","slug":"von-trier-nach-piesport","status":"publish","type":"post","link":"https:\/\/gothein.de\/reiseblog\/2024\/09\/07\/von-trier-nach-piesport\/","title":{"rendered":"Von Trier nach Piesport"},"content":{"rendered":"\n<p>Nach einem guten Fr\u00fchst\u00fcck packen wir noch bei grauem Himmel unsere Sachen ein. Der Fahrstuhl f\u00fchrt in die Tiefgarage, wo unsere R\u00e4der auf einem Doppelparker aneinander geschlossen sind. Direkt neben der Ausfahrt ist tats\u00e4chlich ein M\u00e4rklin-Shop mit einer wundersch\u00f6n gestalteten Eisenbahnlandschaft, die an gute alte Zeiten erinnert. Wir m\u00fcssen einfach nur eine Stra\u00dfe Richtung Mosel runter rollen und \u00fcberqueren diese bei viel Autoverkehr, aber mit tollem Blick auf die wartenden Schiffe und dem roten Sandstein. Der Radweg ist weitgehend perfekt ausgebaut, allerdings gibt es doch einige unerfreuliche Umleitungen, die dann eher irritierend beschildert sind. <\/p>\n\n\n\n<figure class=\"wp-block-image size-large\"><img loading=\"lazy\" decoding=\"async\" width=\"1024\" height=\"1024\" src=\"https:\/\/gothein.de\/reiseblog\/wp-content\/uploads\/2024\/09\/20240907_1912181562557682690444069-1024x1024.jpg\" alt=\"\" class=\"wp-image-6203\" srcset=\"https:\/\/gothein.de\/reiseblog\/wp-content\/uploads\/2024\/09\/20240907_1912181562557682690444069-1024x1024.jpg 1024w, https:\/\/gothein.de\/reiseblog\/wp-content\/uploads\/2024\/09\/20240907_1912181562557682690444069-300x300.jpg 300w, https:\/\/gothein.de\/reiseblog\/wp-content\/uploads\/2024\/09\/20240907_1912181562557682690444069-150x150.jpg 150w, https:\/\/gothein.de\/reiseblog\/wp-content\/uploads\/2024\/09\/20240907_1912181562557682690444069-768x768.jpg 768w, https:\/\/gothein.de\/reiseblog\/wp-content\/uploads\/2024\/09\/20240907_1912181562557682690444069-1536x1536.jpg 1536w, https:\/\/gothein.de\/reiseblog\/wp-content\/uploads\/2024\/09\/20240907_1912181562557682690444069-2048x2048.jpg 2048w, https:\/\/gothein.de\/reiseblog\/wp-content\/uploads\/2024\/09\/20240907_1912181562557682690444069-60x60.jpg 60w\" sizes=\"auto, (max-width: 1024px) 100vw, 1024px\" \/><\/figure>\n\n\n\n<p>Im Gegensatz zu Frankreich ist hier nun die Gastronomiedichte ziemlich hoch. Man k\u00f6nnte eigentlich so ziemlich alle 10 Minuten einkehren. Das machen wir auch zweimal. Ein kleiner Weinausschank ist direkt neben dem r\u00f6mischen Frauenkopf, der bei einem Grab des 3 Jahrhunderts gefunden wurde. Gesellige Radfahrerrunden lassen sich da viel Zeit und wer aus Versehen einen Flammkuchen bestellt, muss ohnehin viel Zeit mitbringen. Das bleibt uns erspart und nach einer kleinen Schorle sind wir schon wieder weg. <\/p>\n\n\n\n<figure class=\"wp-block-image size-large\"><img loading=\"lazy\" decoding=\"async\" width=\"1024\" height=\"1024\" src=\"https:\/\/gothein.de\/reiseblog\/wp-content\/uploads\/2024\/09\/20240907_1914466961087967065489578-1024x1024.jpg\" alt=\"\" class=\"wp-image-6204\" srcset=\"https:\/\/gothein.de\/reiseblog\/wp-content\/uploads\/2024\/09\/20240907_1914466961087967065489578-1024x1024.jpg 1024w, https:\/\/gothein.de\/reiseblog\/wp-content\/uploads\/2024\/09\/20240907_1914466961087967065489578-300x300.jpg 300w, https:\/\/gothein.de\/reiseblog\/wp-content\/uploads\/2024\/09\/20240907_1914466961087967065489578-150x150.jpg 150w, https:\/\/gothein.de\/reiseblog\/wp-content\/uploads\/2024\/09\/20240907_1914466961087967065489578-768x768.jpg 768w, https:\/\/gothein.de\/reiseblog\/wp-content\/uploads\/2024\/09\/20240907_1914466961087967065489578-1536x1536.jpg 1536w, https:\/\/gothein.de\/reiseblog\/wp-content\/uploads\/2024\/09\/20240907_1914466961087967065489578-2048x2048.jpg 2048w, https:\/\/gothein.de\/reiseblog\/wp-content\/uploads\/2024\/09\/20240907_1914466961087967065489578-60x60.jpg 60w\" sizes=\"auto, (max-width: 1024px) 100vw, 1024px\" \/><\/figure>\n\n\n\n<p>Ein paar Kilometer sp\u00e4ter wird mit eigenem Kuchen, Zwiebelkuchen und Federwei\u00dfer geworben und als wir das direkt am Radweg gelegene Caf\u00e9 erreichen, lassen wir uns auch davon \u00fcberzeugen. Ab dann geht es einfach z\u00fcgig entlang des Radwegs, der immer gut von der Stra\u00dfe getrennt ist, auch wenn er ab und zu mal direkt daneben l\u00e4uft. Heute ist der Himmel endlich mal wieder blau und es bleibt trocken, aber gegen Mittag wird es dann wieder hei\u00df, was ein bisschen an unseren Kr\u00e4ften zehrt. <\/p>\n\n\n\n<figure class=\"wp-block-image size-large\"><img loading=\"lazy\" decoding=\"async\" width=\"1024\" height=\"1024\" src=\"https:\/\/gothein.de\/reiseblog\/wp-content\/uploads\/2024\/09\/20240907_1902302362755558792109972-1024x1024.jpg\" alt=\"\" class=\"wp-image-6205\" srcset=\"https:\/\/gothein.de\/reiseblog\/wp-content\/uploads\/2024\/09\/20240907_1902302362755558792109972-1024x1024.jpg 1024w, https:\/\/gothein.de\/reiseblog\/wp-content\/uploads\/2024\/09\/20240907_1902302362755558792109972-300x300.jpg 300w, https:\/\/gothein.de\/reiseblog\/wp-content\/uploads\/2024\/09\/20240907_1902302362755558792109972-150x150.jpg 150w, https:\/\/gothein.de\/reiseblog\/wp-content\/uploads\/2024\/09\/20240907_1902302362755558792109972-768x768.jpg 768w, https:\/\/gothein.de\/reiseblog\/wp-content\/uploads\/2024\/09\/20240907_1902302362755558792109972-1536x1536.jpg 1536w, https:\/\/gothein.de\/reiseblog\/wp-content\/uploads\/2024\/09\/20240907_1902302362755558792109972-2048x2048.jpg 2048w, https:\/\/gothein.de\/reiseblog\/wp-content\/uploads\/2024\/09\/20240907_1902302362755558792109972-60x60.jpg 60w\" sizes=\"auto, (max-width: 1024px) 100vw, 1024px\" \/><\/figure>\n\n\n\n<p>So erreichen wir Piesport und suchen unser Appartement mitten im Ort. Es ist gro\u00df genug f\u00fcr eine ganze Familie, aber der ganze Ort ist voll von Angeboten, die \u00fcber Booking alle nicht zu finden waren. Zu Fu\u00df laufen wir unten am Fluss entlang, decken uns im Edeka f\u00fcr Fr\u00fchst\u00fcck und den Abend ein und suchen dann ein Restaurant. Das erweist sich als gar nicht so einfach, da sie am Telefon dann mit eher bescheidenen mentaler Kraft auf die Herausforderung reagieren k\u00f6nnen, das ggf. ein Tisch frei werden k\u00f6nnte und der dann f\u00fcr den n\u00e4chsten Gast zu reservieren w\u00e4re. Der spontane direkte Besuch f\u00fchrt dann aber zum Erfolg und so bekamen wir in der Moselloreley gegen\u00fcber des gleichnamigen imposanten Felsens einen Tisch und was zu essen und zu trinken. Zuvor sind wir schon den Radweg bis zur\u00fcck zur Br\u00fccke gelaufen. Das Panorama auf die Felsen, die Weinberge, die bis in die letzte Ecke hinein bewirtschaftet werden und die Kirche auf der anderen Seite ist toll.<\/p>\n\n\n\n<p>Wir sind heute 53 km gefahren und haben 223 H\u00f6henmeter erklommen. Ein paar Br\u00fccken und ein paar kleine Zwischenanstiege in die Weinberge. Dennoch war die Belastung heute auf Grund der W\u00e4rme etwas deutlicher sp\u00fcrbar.<\/p>\n\n\n\n        <div id=\"map_ol3js_1\"\n             class=\"map undefined\"\n             data-map_name=\"undefined\"\n             data-map=\"map_ol3js_1\"\n             style=\"width:100%;\n                    max-width:100%;\n                    height:450px;\n                    display:block;\n                    overflow:hidden;\n                    border:2px solid grey;\">\n          <div id=\"map_ol3js_1_popup\" class=\"ol-popup\">\n            <a href=\"#\" id=\"map_ol3js_1_popup-closer\" class=\"ol-popup-closer\"><\/a>\n            <div id=\"map_ol3js_1_popup-content\"><\/div>\n          <\/div>\n        <\/div>\n    \n\n\t\t\t\t<script type=\"text\/javascript\">\n\t\t\t\t\ttranslations['openlayer'] = \"open layer\";\n\t\t\t\t\ttranslations['openlayerAtStartup'] = \"open layer at startup\";\n\t\t\t\t\ttranslations['generateLink'] = \"Der Link zur Karte mit ausgew\u00e4hlten Overlays und angezeigtem Ausschnitt\";\n\t\t\t\t\ttranslations['shortDescription'] = \"Kurzbeschreibung\";\n\t\t\t\t\ttranslations['generatedShortCode'] = \"to get a text control link paste this code in your wordpress editor\";\n\t\t\t\t\ttranslations['closeLayer'] = \"close layer\";\n\t\t\t\t\ttranslations['cantGenerateLink'] = \"put this string in the existing map short code to control this map\";\n\t\t\t  <\/script>\n\n\n\t\t\t  <script type=\"text\/javascript\">\n\t\t\t  vectorM['map_ol3js_1'] = [];\n\t        \n        var raster = getTileLayer(\"osm\",\"NoKey\");\t\t\t\n\n\t\t\t  var map_ol3js_1 = new ol.Map({\n\t\t\t\tinteractions: ol.interaction.defaults.defaults({mouseWheelZoom:false}),\n\t\t\t\tlayers: [raster],\n\t\t\t\ttarget: \"map_ol3js_1\",\n\t\t\t\tview: new ol.View({\n\t\t\t\t  center: ol.proj.transform([6.776515,49.819196], \"EPSG:4326\", \"EPSG:3857\"),\n\t\t\t\t  zoom: 10.479515\n\t\t\t\t})\n\t\t\t  });\n\t\t\t  \n    var style0 = {\n      \"Point\": [new ol.style.Style({\n\n          image: new ol.style.Icon({\n            anchor: [0.5, 41],\n            anchorXUnits: \"fraction\",\n            anchorYUnits: \"pixels\",\n            opacity: 0.75,\n            src: \"https:\/\/gothein.de\/reiseblog\/wp-content\/plugins\/osm\/icons\/mic_blue_pinother_02.png\"\n          })\n      })],\n\n      \"LineString\": [new ol.style.Style({\n        stroke: new ol.style.Stroke({\n          color: \"blue\",\n          width: 8\n        })\n      })],\n      \"MultiLineString\": [new ol.style.Style({\n        stroke: new ol.style.Stroke({\n          color: \"blue\",\n          width: 4\n        })\n      })]\n    };\n\t\t  var vectorL0 = new ol.layer.Vector({\n\t\t\t\tsource: new ol.source.Vector({\n\t\t\t\turl:\"\/reiseblog\/wp-content\/uploads\/gpx\/20240907_Trier_Piersport.gpx\",\n\t\t\t\tformat: new ol.format.GPX({\n\t\t\t\t\textractStyles: false\n\t\t\t\t})\n\t\t\t}),\n\t\t\tzIndex: 92,\n\t\t\tstyle: function(feature, resolution) {return style0[feature.getGeometry().getType()];}\n\t\t  });\n\t\t  map_ol3js_1.addLayer(vectorL0);addControls2Map(map_ol3js_1,0,0,3,1,5,6,7,0,1);\nosm_addPopupClickhandler(map_ol3js_1,  \"map_ol3js_1\"); \nosm_addMouseHover(map_ol3js_1); <\/script>\n","protected":false},"excerpt":{"rendered":"<p>Nach einem guten Fr\u00fchst\u00fcck packen wir noch bei grauem Himmel unsere Sachen ein. Der Fahrstuhl f\u00fchrt in die Tiefgarage, wo unsere R\u00e4der auf einem Doppelparker aneinander geschlossen sind. Direkt neben der Ausfahrt ist tats\u00e4chlich ein M\u00e4rklin-Shop mit einer wundersch\u00f6n gestalteten Eisenbahnlandschaft, die an gute alte Zeiten erinnert. Wir m\u00fcssen einfach nur eine Stra\u00dfe Richtung Mosel [&hellip;]<\/p>\n","protected":false},"author":1,"featured_media":0,"comment_status":"open","ping_status":"open","sticky":false,"template":"","format":"standard","meta":{"ngg_post_thumbnail":0,"_jetpack_memberships_contains_paid_content":false,"footnotes":""},"categories":[1],"tags":[303,298,183,296],"class_list":["post-6202","post","type-post","status-publish","format-standard","hentry","category-allgemein","tag-moselradweg","tag-piesport","tag-rheinland-pfalz","tag-trier"],"jetpack_featured_media_url":"","jetpack_sharing_enabled":true,"_links":{"self":[{"href":"https:\/\/gothein.de\/reiseblog\/wp-json\/wp\/v2\/posts\/6202","targetHints":{"allow":["GET"]}}],"collection":[{"href":"https:\/\/gothein.de\/reiseblog\/wp-json\/wp\/v2\/posts"}],"about":[{"href":"https:\/\/gothein.de\/reiseblog\/wp-json\/wp\/v2\/types\/post"}],"author":[{"embeddable":true,"href":"https:\/\/gothein.de\/reiseblog\/wp-json\/wp\/v2\/users\/1"}],"replies":[{"embeddable":true,"href":"https:\/\/gothein.de\/reiseblog\/wp-json\/wp\/v2\/comments?post=6202"}],"version-history":[{"count":0,"href":"https:\/\/gothein.de\/reiseblog\/wp-json\/wp\/v2\/posts\/6202\/revisions"}],"wp:attachment":[{"href":"https:\/\/gothein.de\/reiseblog\/wp-json\/wp\/v2\/media?parent=6202"}],"wp:term":[{"taxonomy":"category","embeddable":true,"href":"https:\/\/gothein.de\/reiseblog\/wp-json\/wp\/v2\/categories?post=6202"},{"taxonomy":"post_tag","embeddable":true,"href":"https:\/\/gothein.de\/reiseblog\/wp-json\/wp\/v2\/tags?post=6202"}],"curies":[{"name":"wp","href":"https:\/\/api.w.org\/{rel}","templated":true}]}}