

{"id":6159,"date":"2024-09-04T22:10:30","date_gmt":"2024-09-04T20:10:30","guid":{"rendered":"https:\/\/gothein.de\/reiseblog\/?p=6159"},"modified":"2024-09-13T21:15:01","modified_gmt":"2024-09-13T19:15:01","slug":"von-nancy-nach-metz","status":"publish","type":"post","link":"https:\/\/gothein.de\/reiseblog\/2024\/09\/04\/von-nancy-nach-metz\/","title":{"rendered":"Von Nancy nach Metz"},"content":{"rendered":"\n<p>Wie bef\u00fcrchtet ist der Himmel heute ziemlich bedeckt und auch der Fu\u00dfboden im Innenhof verhei\u00dft nichts Gutes. Die Hitzewelle ist zu Ende oder pausiert. Das Fr\u00fchst\u00fcck im Hotel ist fantastisch und wir lassen uns Zeit, da die Wetter App Besserung verspricht.<\/p>\n\n\n\n<p>Um 10h sitzen wir auf dem Rad und folgen dem Komoot Moselradweg aus der Stadt hinaus. Es tr\u00f6pfelt nur ganz leicht und wir durchqueren auf gut asphaltierten Radwegen einige Industrieareale.<\/p>\n\n\n\n<figure class=\"wp-block-image size-large\"><img loading=\"lazy\" decoding=\"async\" width=\"1024\" height=\"1024\" src=\"https:\/\/gothein.de\/reiseblog\/wp-content\/uploads\/2024\/09\/1000065223-1024x1024.jpg\" alt=\"\" class=\"wp-image-6160\" srcset=\"https:\/\/gothein.de\/reiseblog\/wp-content\/uploads\/2024\/09\/1000065223-1024x1024.jpg 1024w, https:\/\/gothein.de\/reiseblog\/wp-content\/uploads\/2024\/09\/1000065223-300x300.jpg 300w, https:\/\/gothein.de\/reiseblog\/wp-content\/uploads\/2024\/09\/1000065223-150x150.jpg 150w, https:\/\/gothein.de\/reiseblog\/wp-content\/uploads\/2024\/09\/1000065223-768x768.jpg 768w, https:\/\/gothein.de\/reiseblog\/wp-content\/uploads\/2024\/09\/1000065223-1536x1536.jpg 1536w, https:\/\/gothein.de\/reiseblog\/wp-content\/uploads\/2024\/09\/1000065223-2048x2048.jpg 2048w, https:\/\/gothein.de\/reiseblog\/wp-content\/uploads\/2024\/09\/1000065223-60x60.jpg 60w\" sizes=\"auto, (max-width: 1024px) 100vw, 1024px\" \/><\/figure>\n\n\n\n<p>Alles l\u00e4uft gut, bis wir in Custines ohne B\u00f6ses zu ahnen vertrauensvoll dem Komoot Weg folgen. Es geht steil den Berg hinauf und kaum ist die Kuppe erreicht, endet der Asphalt. Es beginnt ein Schotterweg, der f\u00fcr Mountainbike ok aber f\u00fcr alles andere inakzeptabel ist. Leider kehren wir hier nicht um sondern folgen dem angezeigten Weg weiter und landen in Schotter, Sand und Morast bis wir wieder auf der Stra\u00dfe bzw. dann auch bald auf dem richtigen fein asphaltierten Radweg landen. Das Vertrauen zum Komoot Weg ist ersch\u00fcttert und wir folgen fortan den offiziellen gr\u00fcnen Schildern auch wenn Komoot mal links oder rechts abbiegen will und der Garmin uns zwischenzeitlich den Weg nach Koblenz auf direktem Weg \u00fcber Land navigieren m\u00f6chte. Guter Rat: folgt der offiziellen Ausschilderung, die ist v\u00f6llig ausreichend.<\/p>\n\n\n\n<p>Der Weg f\u00fchrt nun durch ein un\u00fcbersichtliches Gew\u00e4ssersystem \u00fcber D\u00e4mme, kleine Br\u00fccken entlang verschiedener Kan\u00e4le und Schleusen. Immer wieder kommen ein paar Tropfen aber die gro\u00dfe Regenmontur kann in den Taschen bleiben. Leider sind die R\u00e4der und Taschen aufgrund des Abstechers ziemlich verdreckt. Der Mosel-Radweg ist von Seitenarmen, kleinen Seen, Kan\u00e4len umgeben, oft geht es auf schmalen D\u00e4mmen durch die verschiedenen Gew\u00e4sser. Kleine Anglerh\u00fctten oder Feriendomizile s\u00e4umen oft den Weg. Ein paar Kilometer vor Metz bietet sich dann pl\u00f6tzlich der Ausblick auf eine abgebrochene Br\u00fccke. Diese erweist sich als Rest eines r\u00f6mischen Viadukts. \u00dcber 22 km teilweise unterirdisch, teilweise \u00fcber etliche Kilometer \u00fcber die Mosel hinweg, diente dieses beeindruckende Bauwerk der Wasserversorgung.<\/p>\n\n\n\n<figure class=\"wp-block-image size-large\"><img loading=\"lazy\" decoding=\"async\" width=\"1024\" height=\"1024\" src=\"https:\/\/gothein.de\/reiseblog\/wp-content\/uploads\/2024\/09\/1000065224-1024x1024.jpg\" alt=\"\" class=\"wp-image-6161\" srcset=\"https:\/\/gothein.de\/reiseblog\/wp-content\/uploads\/2024\/09\/1000065224-1024x1024.jpg 1024w, https:\/\/gothein.de\/reiseblog\/wp-content\/uploads\/2024\/09\/1000065224-300x300.jpg 300w, https:\/\/gothein.de\/reiseblog\/wp-content\/uploads\/2024\/09\/1000065224-150x150.jpg 150w, https:\/\/gothein.de\/reiseblog\/wp-content\/uploads\/2024\/09\/1000065224-768x768.jpg 768w, https:\/\/gothein.de\/reiseblog\/wp-content\/uploads\/2024\/09\/1000065224-1536x1536.jpg 1536w, https:\/\/gothein.de\/reiseblog\/wp-content\/uploads\/2024\/09\/1000065224-2048x2048.jpg 2048w, https:\/\/gothein.de\/reiseblog\/wp-content\/uploads\/2024\/09\/1000065224-60x60.jpg 60w\" sizes=\"auto, (max-width: 1024px) 100vw, 1024px\" \/><\/figure>\n\n\n\n<p>Gegen 15h erreichen wir Metz und das Hotel de la Cathedrale gegen\u00fcber der gelben Kathedrale ist schnell gefunden. Nachdem ich ja dieses Jahr schon einige gro\u00dfartige Kirchen gesehen habe, ist diese Kathedrale wieder ein besonderer H\u00f6hepunkt. Ganz besonders sind hier die unz\u00e4hligen Fenster, 6500 qm Fensterfl\u00e4che sind es. Laterne Gottes wird die Kirche deshalb genannt. Seltsame Legenden gibt es auch hier. Ein b\u00f6ser, greulicher Drache &#8222;Grauli&#8220; trieb im 3. Jahrhundert sein Unwesen, bis ihn der heilige Clemens (auch hier wieder erste Bischof der Stadt) durch seine Stola besiegte und an die Kette legen konnte. So zu sehen in einer der unz\u00e4hligen fantastischen Steinfiguren in den Eingangsportalen.<\/p>\n\n\n\n<figure class=\"wp-block-image size-large\"><img loading=\"lazy\" decoding=\"async\" width=\"1024\" height=\"1024\" src=\"https:\/\/gothein.de\/reiseblog\/wp-content\/uploads\/2024\/09\/1000065225-1024x1024.jpg\" alt=\"\" class=\"wp-image-6162\" srcset=\"https:\/\/gothein.de\/reiseblog\/wp-content\/uploads\/2024\/09\/1000065225-1024x1024.jpg 1024w, https:\/\/gothein.de\/reiseblog\/wp-content\/uploads\/2024\/09\/1000065225-300x300.jpg 300w, https:\/\/gothein.de\/reiseblog\/wp-content\/uploads\/2024\/09\/1000065225-150x150.jpg 150w, https:\/\/gothein.de\/reiseblog\/wp-content\/uploads\/2024\/09\/1000065225-768x768.jpg 768w, https:\/\/gothein.de\/reiseblog\/wp-content\/uploads\/2024\/09\/1000065225-1536x1536.jpg 1536w, https:\/\/gothein.de\/reiseblog\/wp-content\/uploads\/2024\/09\/1000065225-2048x2048.jpg 2048w, https:\/\/gothein.de\/reiseblog\/wp-content\/uploads\/2024\/09\/1000065225-60x60.jpg 60w\" sizes=\"auto, (max-width: 1024px) 100vw, 1024px\" \/><\/figure>\n\n\n\n<p>Die Altstadt ist letztlich eine riesige Fu\u00dfg\u00e4ngerzone mit internationalen Ketten und auch originellen Gesch\u00e4ften oder Geb\u00e4uden wie beispielsweise der blaue Salon du Th\u00e9 am sehr belebten Platz Saint Jacques. Auch die monumentale protestantische Kirche auf der Moselinsel direkt neben dem gro\u00dfen Oper- und Theater Areal macht sich gut hinter Br\u00fccken, Blumen und B\u00e4umen.<\/p>\n\n\n\n<figure class=\"wp-block-image size-large\"><img loading=\"lazy\" decoding=\"async\" width=\"1024\" height=\"1024\" src=\"https:\/\/gothein.de\/reiseblog\/wp-content\/uploads\/2024\/09\/20240904_220555211262664551232301-1024x1024.jpg\" alt=\"\" class=\"wp-image-6171\" srcset=\"https:\/\/gothein.de\/reiseblog\/wp-content\/uploads\/2024\/09\/20240904_220555211262664551232301-1024x1024.jpg 1024w, https:\/\/gothein.de\/reiseblog\/wp-content\/uploads\/2024\/09\/20240904_220555211262664551232301-300x300.jpg 300w, https:\/\/gothein.de\/reiseblog\/wp-content\/uploads\/2024\/09\/20240904_220555211262664551232301-150x150.jpg 150w, https:\/\/gothein.de\/reiseblog\/wp-content\/uploads\/2024\/09\/20240904_220555211262664551232301-768x768.jpg 768w, https:\/\/gothein.de\/reiseblog\/wp-content\/uploads\/2024\/09\/20240904_220555211262664551232301-1536x1536.jpg 1536w, https:\/\/gothein.de\/reiseblog\/wp-content\/uploads\/2024\/09\/20240904_220555211262664551232301-2048x2048.jpg 2048w, https:\/\/gothein.de\/reiseblog\/wp-content\/uploads\/2024\/09\/20240904_220555211262664551232301-60x60.jpg 60w\" sizes=\"auto, (max-width: 1024px) 100vw, 1024px\" \/><\/figure>\n\n\n\n<p>Zum Abendessen bescheiden wir uns heute mit Pizza. Die n\u00e4chtliche Beleuchtung der Kirchen ist \u00e4u\u00dferst eindrucksvoll, insbesondere die Spiegelung im Fluss. Das Wetter scheint zu halten. Kein Regen mehr in Metz.<\/p>\n\n\n\n<p>Mit einer Distanz von 67 km und 391 H\u00f6henmetern war das alles bei durchwachsenem Wetter mit ein bisschen Nieselregen gut zu bew\u00e4ltigen. Lediglich der Abstecher durch Schotter und Matsch war unn\u00f6tig.<\/p>\n\n\n\n        <div id=\"map_ol3js_1\"\n             class=\"map undefined\"\n             data-map_name=\"undefined\"\n             data-map=\"map_ol3js_1\"\n             style=\"width:100%;\n                    max-width:100%;\n                    height:450px;\n                    display:block;\n                    overflow:hidden;\n                    border:2px solid grey;\">\n          <div id=\"map_ol3js_1_popup\" class=\"ol-popup\">\n            <a href=\"#\" id=\"map_ol3js_1_popup-closer\" class=\"ol-popup-closer\"><\/a>\n            <div id=\"map_ol3js_1_popup-content\"><\/div>\n          <\/div>\n        <\/div>\n    \n\n\t\t\t\t<script type=\"text\/javascript\">\n\t\t\t\t\ttranslations['openlayer'] = \"open layer\";\n\t\t\t\t\ttranslations['openlayerAtStartup'] = \"open layer at startup\";\n\t\t\t\t\ttranslations['generateLink'] = \"Der Link zur Karte mit ausgew\u00e4hlten Overlays und angezeigtem Ausschnitt\";\n\t\t\t\t\ttranslations['shortDescription'] = \"Kurzbeschreibung\";\n\t\t\t\t\ttranslations['generatedShortCode'] = \"to get a text control link paste this code in your wordpress editor\";\n\t\t\t\t\ttranslations['closeLayer'] = \"close layer\";\n\t\t\t\t\ttranslations['cantGenerateLink'] = \"put this string in the existing map short code to control this map\";\n\t\t\t  <\/script>\n\n\n\t\t\t  <script type=\"text\/javascript\">\n\t\t\t  vectorM['map_ol3js_1'] = [];\n\t        \n        var raster = getTileLayer(\"osm\",\"NoKey\");\t\t\t\n\n\t\t\t  var map_ol3js_1 = new ol.Map({\n\t\t\t\tinteractions: ol.interaction.defaults.defaults({mouseWheelZoom:false}),\n\t\t\t\tlayers: [raster],\n\t\t\t\ttarget: \"map_ol3js_1\",\n\t\t\t\tview: new ol.View({\n\t\t\t\t  center: ol.proj.transform([6.105438,48.912306], \"EPSG:4326\", \"EPSG:3857\"),\n\t\t\t\t  zoom: 9.529004\n\t\t\t\t})\n\t\t\t  });\n\t\t\t  \n    var style0 = {\n      \"Point\": [new ol.style.Style({\n\n          image: new ol.style.Icon({\n            anchor: [0.5, 41],\n            anchorXUnits: \"fraction\",\n            anchorYUnits: \"pixels\",\n            opacity: 0.75,\n            src: \"https:\/\/gothein.de\/reiseblog\/wp-content\/plugins\/osm\/icons\/mic_blue_pinother_02.png\"\n          })\n      })],\n\n      \"LineString\": [new ol.style.Style({\n        stroke: new ol.style.Stroke({\n          color: \"blue\",\n          width: 8\n        })\n      })],\n      \"MultiLineString\": [new ol.style.Style({\n        stroke: new ol.style.Stroke({\n          color: \"blue\",\n          width: 4\n        })\n      })]\n    };\n\t\t  var vectorL0 = new ol.layer.Vector({\n\t\t\t\tsource: new ol.source.Vector({\n\t\t\t\turl:\"\/reiseblog\/wp-content\/uploads\/gpx\/20270904_Nancy_Metz.gpx\",\n\t\t\t\tformat: new ol.format.GPX({\n\t\t\t\t\textractStyles: false\n\t\t\t\t})\n\t\t\t}),\n\t\t\tzIndex: 92,\n\t\t\tstyle: function(feature, resolution) {return style0[feature.getGeometry().getType()];}\n\t\t  });\n\t\t  map_ol3js_1.addLayer(vectorL0);addControls2Map(map_ol3js_1,0,0,3,1,5,6,7,0,1);\nosm_addPopupClickhandler(map_ol3js_1,  \"map_ol3js_1\"); \nosm_addMouseHover(map_ol3js_1); <\/script>\n","protected":false},"excerpt":{"rendered":"<p>Wie bef\u00fcrchtet ist der Himmel heute ziemlich bedeckt und auch der Fu\u00dfboden im Innenhof verhei\u00dft nichts Gutes. Die Hitzewelle ist zu Ende oder pausiert. Das Fr\u00fchst\u00fcck im Hotel ist fantastisch und wir lassen uns Zeit, da die Wetter App Besserung verspricht. Um 10h sitzen wir auf dem Rad und folgen dem Komoot Moselradweg aus der [&hellip;]<\/p>\n","protected":false},"author":1,"featured_media":0,"comment_status":"open","ping_status":"open","sticky":false,"template":"","format":"standard","meta":{"ngg_post_thumbnail":0,"_jetpack_memberships_contains_paid_content":false,"footnotes":""},"categories":[1],"tags":[137,294,303,293],"class_list":["post-6159","post","type-post","status-publish","format-standard","hentry","category-allgemein","tag-frankreich","tag-metz","tag-moselradweg","tag-nancy"],"jetpack_featured_media_url":"","jetpack_sharing_enabled":true,"_links":{"self":[{"href":"https:\/\/gothein.de\/reiseblog\/wp-json\/wp\/v2\/posts\/6159","targetHints":{"allow":["GET"]}}],"collection":[{"href":"https:\/\/gothein.de\/reiseblog\/wp-json\/wp\/v2\/posts"}],"about":[{"href":"https:\/\/gothein.de\/reiseblog\/wp-json\/wp\/v2\/types\/post"}],"author":[{"embeddable":true,"href":"https:\/\/gothein.de\/reiseblog\/wp-json\/wp\/v2\/users\/1"}],"replies":[{"embeddable":true,"href":"https:\/\/gothein.de\/reiseblog\/wp-json\/wp\/v2\/comments?post=6159"}],"version-history":[{"count":0,"href":"https:\/\/gothein.de\/reiseblog\/wp-json\/wp\/v2\/posts\/6159\/revisions"}],"wp:attachment":[{"href":"https:\/\/gothein.de\/reiseblog\/wp-json\/wp\/v2\/media?parent=6159"}],"wp:term":[{"taxonomy":"category","embeddable":true,"href":"https:\/\/gothein.de\/reiseblog\/wp-json\/wp\/v2\/categories?post=6159"},{"taxonomy":"post_tag","embeddable":true,"href":"https:\/\/gothein.de\/reiseblog\/wp-json\/wp\/v2\/tags?post=6159"}],"curies":[{"name":"wp","href":"https:\/\/api.w.org\/{rel}","templated":true}]}}