

{"id":6152,"date":"2024-09-04T08:56:34","date_gmt":"2024-09-04T06:56:34","guid":{"rendered":"https:\/\/gothein.de\/reiseblog\/?p=6152"},"modified":"2024-09-13T21:18:56","modified_gmt":"2024-09-13T19:18:56","slug":"nach-nancy","status":"publish","type":"post","link":"https:\/\/gothein.de\/reiseblog\/2024\/09\/04\/nach-nancy\/","title":{"rendered":"Nach Nancy"},"content":{"rendered":"\n<p>Nach einer extensiven Hitzeperiode mit ganz wenig Regen soll es jetzt ein bisschen k\u00fchler werden und wir hoffen, dass wir in der l\u00e4nger geplanten kleinen Mosel-Radtour nicht die l\u00e4nger ersehnte Feuchtigkeit erleben m\u00fcssen. Mit dem Regionalzug von Heidelberg nach Karlsruhe, von dort im n\u00e4chsten Regionalzug bis Appenweiher dort im Bahnhof mit null Infrastruktur ein Aufenthalt von 50 Minuten. Gut, dass wir die R\u00e4der haben und 5 Minuten in den Ortskern radeln k\u00f6nnen, um dort einen Milchkaffee zu trinken. Im v\u00f6llig \u00fcberf\u00fcllten Zug sind es dann noch 20 Minuten bis Stra\u00dfburg. <\/p>\n\n\n\n<p>Bis Kehl gilt das Baden-W\u00fcrttemberg Ticket. Von Kehl bis Stra\u00dfburg sind dann noch 9,40 f\u00fcr zwei f\u00e4llig um zu vermeiden, dass man die gesamte Strecke zum weit teueren regul\u00e4ren Preis fahren muss. Auch in Stra\u00dfburg haben wir wieder gen\u00fcgend Aufenthalt um durch enge Str\u00e4\u00dfchen zum M\u00fcnster zu radeln und und in einer kleinen B\u00e4ckerei eine els\u00e4ssische Bretzel zu genie\u00dfen. Im Bahnhof kann man Musik machen und die alten Gem\u00e4uer sind mit einer riesigen Glasfront umgeben.<\/p>\n\n\n\n<figure class=\"wp-block-image size-large\"><img loading=\"lazy\" decoding=\"async\" width=\"1024\" height=\"1024\" src=\"https:\/\/gothein.de\/reiseblog\/wp-content\/uploads\/2024\/09\/20240904_0854308853904915636689883-1024x1024.jpg\" alt=\"\" class=\"wp-image-6150\" srcset=\"https:\/\/gothein.de\/reiseblog\/wp-content\/uploads\/2024\/09\/20240904_0854308853904915636689883-1024x1024.jpg 1024w, https:\/\/gothein.de\/reiseblog\/wp-content\/uploads\/2024\/09\/20240904_0854308853904915636689883-300x300.jpg 300w, https:\/\/gothein.de\/reiseblog\/wp-content\/uploads\/2024\/09\/20240904_0854308853904915636689883-150x150.jpg 150w, https:\/\/gothein.de\/reiseblog\/wp-content\/uploads\/2024\/09\/20240904_0854308853904915636689883-768x768.jpg 768w, https:\/\/gothein.de\/reiseblog\/wp-content\/uploads\/2024\/09\/20240904_0854308853904915636689883-1536x1536.jpg 1536w, https:\/\/gothein.de\/reiseblog\/wp-content\/uploads\/2024\/09\/20240904_0854308853904915636689883-2048x2048.jpg 2048w, https:\/\/gothein.de\/reiseblog\/wp-content\/uploads\/2024\/09\/20240904_0854308853904915636689883-60x60.jpg 60w\" sizes=\"auto, (max-width: 1024px) 100vw, 1024px\" \/><\/figure>\n\n\n\n<p>F\u00fcr den TER Zug, der in knapp 1,5 Stunden nach Nancy f\u00e4hrt sind dann noch einmal 34\u20ac pro Person f\u00e4llig und unser Rad wird nach franz\u00f6sischer Manier mit dem Vorderrrad an einem Haken aufgeh\u00e4ngt. Unser Hotel de Guise im Zentrum ist schnell gefunden und bezogen. Die R\u00e4der haben im Innenhof einen trockenen sicheren Platz.<\/p>\n\n\n\n<figure class=\"wp-block-image size-large\"><img loading=\"lazy\" decoding=\"async\" width=\"1024\" height=\"1024\" src=\"https:\/\/gothein.de\/reiseblog\/wp-content\/uploads\/2024\/09\/20240904_0852527129340864904910123-1024x1024.jpg\" alt=\"\" class=\"wp-image-6151\" srcset=\"https:\/\/gothein.de\/reiseblog\/wp-content\/uploads\/2024\/09\/20240904_0852527129340864904910123-1024x1024.jpg 1024w, https:\/\/gothein.de\/reiseblog\/wp-content\/uploads\/2024\/09\/20240904_0852527129340864904910123-300x300.jpg 300w, https:\/\/gothein.de\/reiseblog\/wp-content\/uploads\/2024\/09\/20240904_0852527129340864904910123-150x150.jpg 150w, https:\/\/gothein.de\/reiseblog\/wp-content\/uploads\/2024\/09\/20240904_0852527129340864904910123-768x768.jpg 768w, https:\/\/gothein.de\/reiseblog\/wp-content\/uploads\/2024\/09\/20240904_0852527129340864904910123-1536x1536.jpg 1536w, https:\/\/gothein.de\/reiseblog\/wp-content\/uploads\/2024\/09\/20240904_0852527129340864904910123-2048x2048.jpg 2048w, https:\/\/gothein.de\/reiseblog\/wp-content\/uploads\/2024\/09\/20240904_0852527129340864904910123-60x60.jpg 60w\" sizes=\"auto, (max-width: 1024px) 100vw, 1024px\" \/><\/figure>\n\n\n\n<p>Das Zimmer ist gro\u00df und behindertengerecht im Erdgeschoss und die Entfernung zur ersten Attraktion einer zum Museum umgestalteten Kirche (\u00c9glise de Cordeliers) ist kaum 100 Meter entfernt und enth\u00e4lt eine riesige Auswahl von Skulpturen und Reliefen.<\/p>\n\n\n\n<figure class=\"wp-block-image size-large\"><img loading=\"lazy\" decoding=\"async\" width=\"1024\" height=\"1024\" src=\"https:\/\/gothein.de\/reiseblog\/wp-content\/uploads\/2024\/09\/20240904_085148530528066401007806-1024x1024.jpg\" alt=\"\" class=\"wp-image-6154\" srcset=\"https:\/\/gothein.de\/reiseblog\/wp-content\/uploads\/2024\/09\/20240904_085148530528066401007806-1024x1024.jpg 1024w, https:\/\/gothein.de\/reiseblog\/wp-content\/uploads\/2024\/09\/20240904_085148530528066401007806-300x300.jpg 300w, https:\/\/gothein.de\/reiseblog\/wp-content\/uploads\/2024\/09\/20240904_085148530528066401007806-150x150.jpg 150w, https:\/\/gothein.de\/reiseblog\/wp-content\/uploads\/2024\/09\/20240904_085148530528066401007806-768x768.jpg 768w, https:\/\/gothein.de\/reiseblog\/wp-content\/uploads\/2024\/09\/20240904_085148530528066401007806-1536x1536.jpg 1536w, https:\/\/gothein.de\/reiseblog\/wp-content\/uploads\/2024\/09\/20240904_085148530528066401007806-2048x2048.jpg 2048w, https:\/\/gothein.de\/reiseblog\/wp-content\/uploads\/2024\/09\/20240904_085148530528066401007806-60x60.jpg 60w\" sizes=\"auto, (max-width: 1024px) 100vw, 1024px\" \/><\/figure>\n\n\n\n<p>Am Museum vorbei erreichen wir durch die mit Bars und Restaurants belebten Gassen den Platz Stanislaw mit vergoldeten Toren und sensationellen Brunnen. Unz\u00e4hlige Restaurants und Bars haben ausreichend G\u00e4ste, dass sich der Betrieb zu lohnen scheint. Damit ist die Stadt nicht nur mit Sehensw\u00fcrdigkeiten gespickt sondern auch voller Leben und Aktivit\u00e4t. In einer Bar, die eher von Jugendlichen frequentiert ist, gibt es es gutes lokales Bier und wir suchen ein gut bewertetes Restaurant, die Brasserie Saint-Georges.<\/p>\n\n\n\n<figure class=\"wp-block-image\"><img loading=\"lazy\" decoding=\"async\" width=\"1024\" height=\"1024\" src=\"https:\/\/gothein.de\/reiseblog\/wp-content\/uploads\/2024\/09\/20240904_0841158687047980070193530-1024x1024.jpg\" alt=\"\" class=\"wp-image-6155\" srcset=\"https:\/\/gothein.de\/reiseblog\/wp-content\/uploads\/2024\/09\/20240904_0841158687047980070193530-1024x1024.jpg 1024w, https:\/\/gothein.de\/reiseblog\/wp-content\/uploads\/2024\/09\/20240904_0841158687047980070193530-300x300.jpg 300w, https:\/\/gothein.de\/reiseblog\/wp-content\/uploads\/2024\/09\/20240904_0841158687047980070193530-150x150.jpg 150w, https:\/\/gothein.de\/reiseblog\/wp-content\/uploads\/2024\/09\/20240904_0841158687047980070193530-768x768.jpg 768w, https:\/\/gothein.de\/reiseblog\/wp-content\/uploads\/2024\/09\/20240904_0841158687047980070193530-1536x1536.jpg 1536w, https:\/\/gothein.de\/reiseblog\/wp-content\/uploads\/2024\/09\/20240904_0841158687047980070193530-2048x2048.jpg 2048w, https:\/\/gothein.de\/reiseblog\/wp-content\/uploads\/2024\/09\/20240904_0841158687047980070193530-60x60.jpg 60w\" sizes=\"auto, (max-width: 1024px) 100vw, 1024px\" \/><\/figure>\n\n\n\n<p>Wir freuen uns, dass unsere Erwartungen best\u00e4tigt werden. ein ganz ausgezeichnetes Faux Filet mit Gem\u00fcse ist auf einem Niveau, wo sich im Heidelberger Umfeld nur wenig ad\u00e4quates findet. Die Aufmerksamkeit der Restaurant-Mitarbeiter und ihre Freundlichkeit ist auch weit \u00fcber Durchschnitt. Abgerundet wird das Erlebnis durch eine kleine exklusive Ausstellung von Portrait Gem\u00e4lden.<\/p>\n\n\n\n<p>Die 1,5 km vom Bahnhof zum Hotel, die kleinen Ausfl\u00fcge in Appenweiher und Stra\u00dfburg mit den R\u00e4dern z\u00e4hlen nicht wirklich und so gibt es heute auf der Karte nur ca. 4,5 km, die wir Nancy zu Fu\u00df durchschlendert haben.<\/p>\n\n\n\n        <div id=\"map_ol3js_1\"\n             class=\"map undefined\"\n             data-map_name=\"undefined\"\n             data-map=\"map_ol3js_1\"\n             style=\"width:100%;\n                    max-width:100%;\n                    height:450px;\n                    display:block;\n                    overflow:hidden;\n                    border:2px solid grey;\">\n          <div id=\"map_ol3js_1_popup\" class=\"ol-popup\">\n            <a href=\"#\" id=\"map_ol3js_1_popup-closer\" class=\"ol-popup-closer\"><\/a>\n            <div id=\"map_ol3js_1_popup-content\"><\/div>\n          <\/div>\n        <\/div>\n    \n\n\t\t\t\t<script type=\"text\/javascript\">\n\t\t\t\t\ttranslations['openlayer'] = \"open layer\";\n\t\t\t\t\ttranslations['openlayerAtStartup'] = \"open layer at startup\";\n\t\t\t\t\ttranslations['generateLink'] = \"Der Link zur Karte mit ausgew\u00e4hlten Overlays und angezeigtem Ausschnitt\";\n\t\t\t\t\ttranslations['shortDescription'] = \"Kurzbeschreibung\";\n\t\t\t\t\ttranslations['generatedShortCode'] = \"to get a text control link paste this code in your wordpress editor\";\n\t\t\t\t\ttranslations['closeLayer'] = \"close layer\";\n\t\t\t\t\ttranslations['cantGenerateLink'] = \"put this string in the existing map short code to control this map\";\n\t\t\t  <\/script>\n\n\n\t\t\t  <script type=\"text\/javascript\">\n\t\t\t  vectorM['map_ol3js_1'] = [];\n\t        \n        var raster = getTileLayer(\"osm\",\"NoKey\");\t\t\t\n\n\t\t\t  var map_ol3js_1 = new ol.Map({\n\t\t\t\tinteractions: ol.interaction.defaults.defaults({mouseWheelZoom:false}),\n\t\t\t\tlayers: [raster],\n\t\t\t\ttarget: \"map_ol3js_1\",\n\t\t\t\tview: new ol.View({\n\t\t\t\t  center: ol.proj.transform([6.378,58.213], \"EPSG:4326\", \"EPSG:3857\"),\n\t\t\t\t  zoom: 9\n\t\t\t\t})\n\t\t\t  });\n\t\t\t  \n    var style0 = {\n      \"Point\": [new ol.style.Style({\n\n          image: new ol.style.Icon({\n            anchor: [0.5, 41],\n            anchorXUnits: \"fraction\",\n            anchorYUnits: \"pixels\",\n            opacity: 0.75,\n            src: \"https:\/\/gothein.de\/reiseblog\/wp-content\/plugins\/osm\/icons\/mic_blue_pinother_02.png\"\n          })\n      })],\n\n      \"LineString\": [new ol.style.Style({\n        stroke: new ol.style.Stroke({\n          color: \"blue\",\n          width: 8\n        })\n      })],\n      \"MultiLineString\": [new ol.style.Style({\n        stroke: new ol.style.Stroke({\n          color: \"blue\",\n          width: 4\n        })\n      })]\n    };\n\t\t  var vectorL0 = new ol.layer.Vector({\n\t\t\t\tsource: new ol.source.Vector({\n\t\t\t\turl:\"\/reiseblog\/wp-content\/uploads\/gpx\/20240903_Nancy.gpx\",\n\t\t\t\tformat: new ol.format.GPX({\n\t\t\t\t\textractStyles: false\n\t\t\t\t})\n\t\t\t}),\n\t\t\tzIndex: 92,\n\t\t\tstyle: function(feature, resolution) {return style0[feature.getGeometry().getType()];}\n\t\t  });\n\t\t  map_ol3js_1.addLayer(vectorL0);\n      var extension1 = ol.extent.createEmpty();\n      var curZoom1 = map_ol3js_1.getView().getZoom();\n\n      map_ol3js_1.getLayers().forEach(function(layer){\n         if(!layer.get(\"id\")) {     \n            layer.once(\"change\", function(e){\n               ol.extent.extend(extension1, (layer.getSource().getExtent()));\n               map_ol3js_1.getView().fit(extension1, {padding: [50, 50, 50, 50]});\n            });\n         }\n      });\n\n    \naddControls2Map(map_ol3js_1,0,0,3,1,5,6,7,0,1);\nosm_addPopupClickhandler(map_ol3js_1,  \"map_ol3js_1\"); \nosm_addMouseHover(map_ol3js_1); <\/script>\n","protected":false},"excerpt":{"rendered":"<p>Nach einer extensiven Hitzeperiode mit ganz wenig Regen soll es jetzt ein bisschen k\u00fchler werden und wir hoffen, dass wir in der l\u00e4nger geplanten kleinen Mosel-Radtour nicht die l\u00e4nger ersehnte Feuchtigkeit erleben m\u00fcssen. Mit dem Regionalzug von Heidelberg nach Karlsruhe, von dort im n\u00e4chsten Regionalzug bis Appenweiher dort im Bahnhof mit null Infrastruktur ein Aufenthalt [&hellip;]<\/p>\n","protected":false},"author":1,"featured_media":0,"comment_status":"open","ping_status":"open","sticky":false,"template":"","format":"standard","meta":{"ngg_post_thumbnail":0,"_jetpack_memberships_contains_paid_content":false,"footnotes":""},"categories":[1],"tags":[137,303,293],"class_list":["post-6152","post","type-post","status-publish","format-standard","hentry","category-allgemein","tag-frankreich","tag-moselradweg","tag-nancy"],"jetpack_featured_media_url":"","jetpack_sharing_enabled":true,"_links":{"self":[{"href":"https:\/\/gothein.de\/reiseblog\/wp-json\/wp\/v2\/posts\/6152","targetHints":{"allow":["GET"]}}],"collection":[{"href":"https:\/\/gothein.de\/reiseblog\/wp-json\/wp\/v2\/posts"}],"about":[{"href":"https:\/\/gothein.de\/reiseblog\/wp-json\/wp\/v2\/types\/post"}],"author":[{"embeddable":true,"href":"https:\/\/gothein.de\/reiseblog\/wp-json\/wp\/v2\/users\/1"}],"replies":[{"embeddable":true,"href":"https:\/\/gothein.de\/reiseblog\/wp-json\/wp\/v2\/comments?post=6152"}],"version-history":[{"count":0,"href":"https:\/\/gothein.de\/reiseblog\/wp-json\/wp\/v2\/posts\/6152\/revisions"}],"wp:attachment":[{"href":"https:\/\/gothein.de\/reiseblog\/wp-json\/wp\/v2\/media?parent=6152"}],"wp:term":[{"taxonomy":"category","embeddable":true,"href":"https:\/\/gothein.de\/reiseblog\/wp-json\/wp\/v2\/categories?post=6152"},{"taxonomy":"post_tag","embeddable":true,"href":"https:\/\/gothein.de\/reiseblog\/wp-json\/wp\/v2\/tags?post=6152"}],"curies":[{"name":"wp","href":"https:\/\/api.w.org\/{rel}","templated":true}]}}