

{"id":6113,"date":"2024-07-02T21:31:59","date_gmt":"2024-07-02T19:31:59","guid":{"rendered":"https:\/\/gothein.de\/reiseblog\/?p=6113"},"modified":"2024-07-07T12:15:09","modified_gmt":"2024-07-07T10:15:09","slug":"vom-flughafen-fkb-zurueck","status":"publish","type":"post","link":"https:\/\/gothein.de\/reiseblog\/2024\/07\/02\/vom-flughafen-fkb-zurueck\/","title":{"rendered":"Zur\u00fcck nach Heidelberg"},"content":{"rendered":"\n<p>Die letzten 12 km und 30 H\u00f6henmeter dieser Reise sind vom Flughafen Karlsruhe \/ Baden-Baden zum Bahnhof Baden-Baden zu absolvieren. <\/p>\n\n\n\n<p>In Girona packe ich mein restliches Zeugs, geht ins Caf\u00e9 f\u00fcr einen Milchkaffee und ein Br\u00f6tchen und rufe den hoffentlich gestern informierten Taxifahrer zur Sicherheit noch einmal an. Er scheint nicht viel zu wissen. Aber p\u00fcnktlich um 8:30 unten ist er da. Die verbleibende Packtasche passt auch noch in den Karton und die Box wird mit Klebeband verschlossen. Die Box passt bequem in den Kofferraum mit umgelegten Sitzen, vor 9h sind wir am Flughafen Girona und eine halbe Stunde sp\u00e4ter ist die Kiste mit 27 kg (30 kg sind bei Ryanair erlaubt) abgegeben. Die extra Tasche, wie bei Ryanair \u00fcblich, extra zu bezahlen war also \u00fcberfl\u00fcssig. Der Flug ist zun\u00e4chst eine halbe Stunde dann 45 Minuten versp\u00e4tet und ich vertreibe mir die Zeit beim Burger &#8211; Restaurant. Gegen 13:30 sind wir im Flughafen Karlsruhe angekommen und das Rad ist ca. 14:15 wieder aufgebaut. Beim Flughafenpersonal frage ich h\u00f6flich, wo ich den Karton entsorgen darf und die freundliche Dame meint, ich solle ihn einfach hier bei ihr lassen, die w\u00fcrden das nachher abholen.<\/p>\n\n\n\n<figure class=\"wp-block-image size-large\"><img loading=\"lazy\" decoding=\"async\" width=\"1024\" height=\"1024\" src=\"https:\/\/gothein.de\/reiseblog\/wp-content\/uploads\/2024\/07\/20240702_204854-1024x1024.jpg\" alt=\"\" class=\"wp-image-6112\" srcset=\"https:\/\/gothein.de\/reiseblog\/wp-content\/uploads\/2024\/07\/20240702_204854-1024x1024.jpg 1024w, https:\/\/gothein.de\/reiseblog\/wp-content\/uploads\/2024\/07\/20240702_204854-300x300.jpg 300w, https:\/\/gothein.de\/reiseblog\/wp-content\/uploads\/2024\/07\/20240702_204854-150x150.jpg 150w, https:\/\/gothein.de\/reiseblog\/wp-content\/uploads\/2024\/07\/20240702_204854-768x768.jpg 768w, https:\/\/gothein.de\/reiseblog\/wp-content\/uploads\/2024\/07\/20240702_204854-1536x1536.jpg 1536w, https:\/\/gothein.de\/reiseblog\/wp-content\/uploads\/2024\/07\/20240702_204854-2048x2048.jpg 2048w, https:\/\/gothein.de\/reiseblog\/wp-content\/uploads\/2024\/07\/20240702_204854-60x60.jpg 60w\" sizes=\"auto, (max-width: 1024px) 100vw, 1024px\" \/><\/figure>\n\n\n\n<p>Ich dachte locker in Zivilklamotten die paar Kilometer abzuradeln aber es tr\u00f6pfelt und ich mache einen taktischen Fehler. Ich fahre erst mal los und die Navigation f\u00fchrt mich pl\u00f6tzlich in den Wald. Da wird mir bewusst, dass Komoot von Girona noch auf \u201eWandern\u201c statt \u201eRennradfahren\u201c eingestellt war. Also wieder raus aus dem Wald, jetzt regnet es st\u00e4rker. Dann ziehe ich wohl doch besser Radklamotten an, was im nassen Laub keine besonders dankbare Aufgabe ist. So bin ich erst kurz nach 15h am Bahnhof Baden-Baden und buche einen Zug nach Karlsruhe mit Umstieg zur S3 nach Heidelberg. Die Bahn macht es wie \u00fcblich spannend. Statt um 15:49 f\u00e4hrt sie um 15:54 ein und die S-Bahn um 15:56 ab. Also das Rad mit Packtaschen bei Gleis 9 nach unten und bei Gleis 5 wieder hoch tragen und p\u00fcnktlich um 15:56 noch in die S-Bahn gesprintet, die dann auch um 16:06 los f\u00e4hrt. Bei k\u00fchlen und nassen 16 Grad muss ich noch die letzten 500 Meter nach Hause fahren.<\/p>\n\n\n\n<p>Fazit: die Reise ist unfallfrei, pannenfrei und plangem\u00e4\u00df verlaufen. Einmal die R\u00e4der aufgepumpt hat gereicht. Alles hat gut geklappt und trotz einiger anspruchsvoller Tage hatte ich eigentlich meistens sch\u00f6ne Wetterbedingungen.<\/p>\n\n\n\n        <div id=\"map_ol3js_1\"\n             class=\"map undefined\"\n             data-map_name=\"undefined\"\n             data-map=\"map_ol3js_1\"\n             style=\"width:100%;\n                    max-width:100%;\n                    height:450px;\n                    display:block;\n                    overflow:hidden;\n                    border:2px solid grey;\">\n          <div id=\"map_ol3js_1_popup\" class=\"ol-popup\">\n            <a href=\"#\" id=\"map_ol3js_1_popup-closer\" class=\"ol-popup-closer\"><\/a>\n            <div id=\"map_ol3js_1_popup-content\"><\/div>\n          <\/div>\n        <\/div>\n    \n\n\t\t\t\t<script type=\"text\/javascript\">\n\t\t\t\t\ttranslations['openlayer'] = \"open layer\";\n\t\t\t\t\ttranslations['openlayerAtStartup'] = \"open layer at startup\";\n\t\t\t\t\ttranslations['generateLink'] = \"Der Link zur Karte mit ausgew\u00e4hlten Overlays und angezeigtem Ausschnitt\";\n\t\t\t\t\ttranslations['shortDescription'] = \"Kurzbeschreibung\";\n\t\t\t\t\ttranslations['generatedShortCode'] = \"to get a text control link paste this code in your wordpress editor\";\n\t\t\t\t\ttranslations['closeLayer'] = \"close layer\";\n\t\t\t\t\ttranslations['cantGenerateLink'] = \"put this string in the existing map short code to control this map\";\n\t\t\t  <\/script>\n\n\n\t\t\t  <script type=\"text\/javascript\">\n\t\t\t  vectorM['map_ol3js_1'] = [];\n\t        \n        var raster = getTileLayer(\"osm\",\"NoKey\");\t\t\t\n\n\t\t\t  var map_ol3js_1 = new ol.Map({\n\t\t\t\tinteractions: ol.interaction.defaults.defaults({mouseWheelZoom:false}),\n\t\t\t\tlayers: [raster],\n\t\t\t\ttarget: \"map_ol3js_1\",\n\t\t\t\tview: new ol.View({\n\t\t\t\t  center: ol.proj.transform([8.146846,48.782968], \"EPSG:4326\", \"EPSG:3857\"),\n\t\t\t\t  zoom: 12.553967\n\t\t\t\t})\n\t\t\t  });\n\t\t\t  \n    var style0 = {\n      \"Point\": [new ol.style.Style({\n\n          image: new ol.style.Icon({\n            anchor: [0.5, 41],\n            anchorXUnits: \"fraction\",\n            anchorYUnits: \"pixels\",\n            opacity: 0.75,\n            src: \"https:\/\/gothein.de\/reiseblog\/wp-content\/plugins\/osm\/icons\/mic_blue_pinother_02.png\"\n          })\n      })],\n\n      \"LineString\": [new ol.style.Style({\n        stroke: new ol.style.Stroke({\n          color: \"blue\",\n          width: 8\n        })\n      })],\n      \"MultiLineString\": [new ol.style.Style({\n        stroke: new ol.style.Stroke({\n          color: \"blue\",\n          width: 4\n        })\n      })]\n    };\n\t\t  var vectorL0 = new ol.layer.Vector({\n\t\t\t\tsource: new ol.source.Vector({\n\t\t\t\turl:\"\/reiseblog\/wp-content\/uploads\/gpx\/20240702_BadenBaden.gpx\",\n\t\t\t\tformat: new ol.format.GPX({\n\t\t\t\t\textractStyles: false\n\t\t\t\t})\n\t\t\t}),\n\t\t\tzIndex: 92,\n\t\t\tstyle: function(feature, resolution) {return style0[feature.getGeometry().getType()];}\n\t\t  });\n\t\t  map_ol3js_1.addLayer(vectorL0);addControls2Map(map_ol3js_1,0,0,3,1,5,6,7,0,1);\nosm_addPopupClickhandler(map_ol3js_1,  \"map_ol3js_1\"); \nosm_addMouseHover(map_ol3js_1); <\/script>\n","protected":false},"excerpt":{"rendered":"<p>Die letzten 12 km und 30 H\u00f6henmeter dieser Reise sind vom Flughafen Karlsruhe \/ Baden-Baden zum Bahnhof Baden-Baden zu absolvieren. In Girona packe ich mein restliches Zeugs, geht ins Caf\u00e9 f\u00fcr einen Milchkaffee und ein Br\u00f6tchen und rufe den hoffentlich gestern informierten Taxifahrer zur Sicherheit noch einmal an. Er scheint nicht viel zu wissen. Aber [&hellip;]<\/p>\n","protected":false},"author":1,"featured_media":0,"comment_status":"open","ping_status":"open","sticky":false,"template":"","format":"standard","meta":{"ngg_post_thumbnail":0,"_jetpack_memberships_contains_paid_content":false,"footnotes":""},"categories":[1],"tags":[],"class_list":["post-6113","post","type-post","status-publish","format-standard","hentry","category-allgemein"],"jetpack_featured_media_url":"","jetpack_sharing_enabled":true,"_links":{"self":[{"href":"https:\/\/gothein.de\/reiseblog\/wp-json\/wp\/v2\/posts\/6113","targetHints":{"allow":["GET"]}}],"collection":[{"href":"https:\/\/gothein.de\/reiseblog\/wp-json\/wp\/v2\/posts"}],"about":[{"href":"https:\/\/gothein.de\/reiseblog\/wp-json\/wp\/v2\/types\/post"}],"author":[{"embeddable":true,"href":"https:\/\/gothein.de\/reiseblog\/wp-json\/wp\/v2\/users\/1"}],"replies":[{"embeddable":true,"href":"https:\/\/gothein.de\/reiseblog\/wp-json\/wp\/v2\/comments?post=6113"}],"version-history":[{"count":0,"href":"https:\/\/gothein.de\/reiseblog\/wp-json\/wp\/v2\/posts\/6113\/revisions"}],"wp:attachment":[{"href":"https:\/\/gothein.de\/reiseblog\/wp-json\/wp\/v2\/media?parent=6113"}],"wp:term":[{"taxonomy":"category","embeddable":true,"href":"https:\/\/gothein.de\/reiseblog\/wp-json\/wp\/v2\/categories?post=6113"},{"taxonomy":"post_tag","embeddable":true,"href":"https:\/\/gothein.de\/reiseblog\/wp-json\/wp\/v2\/tags?post=6113"}],"curies":[{"name":"wp","href":"https:\/\/api.w.org\/{rel}","templated":true}]}}