

{"id":6109,"date":"2024-07-01T18:56:00","date_gmt":"2024-07-01T16:56:00","guid":{"rendered":"https:\/\/gothein.de\/reiseblog\/?p=6109"},"modified":"2024-07-01T20:47:13","modified_gmt":"2024-07-01T18:47:13","slug":"in-girona","status":"publish","type":"post","link":"https:\/\/gothein.de\/reiseblog\/2024\/07\/01\/in-girona\/","title":{"rendered":"In Girona"},"content":{"rendered":"\n<p>Fr\u00fchst\u00fcck gibt es im ByPillow Erba Hotel keins, aber im Umkreis von 200 Meter mehrere Kaffees. Das Hotel ist ok, Zimmer ist gro\u00df genug und mein Fahrrad hat Platz im recht kleinen Fahrradraum. Nach dem Fr\u00fchst\u00fcck mache ich mich auf um diesmal die Sehensw\u00fcrdigkeiten, dass sind in erster Linie die wichtigsten Kirchen Saint Feliu und die Kathedrale, von innen zu besichtigen. F\u00fcr die beiden Kirchen zahlt man 7\u20ac und mit Audio Guide in englisch kann man da Stunden verbringen. <\/p>\n\n\n\n<p>Zun\u00e4chst entdecke ich noch ein paar Kuriosit\u00e4ten, den kletternden L\u00f6wen, als Wahrzeichen, eine Fliege als Symbol f\u00fcr den Heiligen Narziss, dem Schutzheiligen der Stadt. Als die R\u00f6mer ihn zur Zeit der Christenverfolgung fangen wollten, konnte er einen falschen Fu\u00dfabdruck hinterlassen, der ihm zun\u00e4chst die Flucht erm\u00f6glichte und als die Franzosen Girona einnahmen und sein Grab sch\u00e4nden wollten, sind daraus so viele stechende Fliegen gekommen, die Pferde und Reiter der Franzosen zu Tode brachten. Diese Legende ist auch auf einem der Gem\u00e4lde in Saint Feliu abgebildet. <\/p>\n\n\n\n<figure class=\"wp-block-image size-large\"><img loading=\"lazy\" decoding=\"async\" width=\"1024\" height=\"1024\" src=\"https:\/\/gothein.de\/reiseblog\/wp-content\/uploads\/2024\/07\/20240701_181233-1024x1024.jpg\" alt=\"\" class=\"wp-image-6108\" srcset=\"https:\/\/gothein.de\/reiseblog\/wp-content\/uploads\/2024\/07\/20240701_181233-1024x1024.jpg 1024w, https:\/\/gothein.de\/reiseblog\/wp-content\/uploads\/2024\/07\/20240701_181233-300x300.jpg 300w, https:\/\/gothein.de\/reiseblog\/wp-content\/uploads\/2024\/07\/20240701_181233-150x150.jpg 150w, https:\/\/gothein.de\/reiseblog\/wp-content\/uploads\/2024\/07\/20240701_181233-768x768.jpg 768w, https:\/\/gothein.de\/reiseblog\/wp-content\/uploads\/2024\/07\/20240701_181233-1536x1536.jpg 1536w, https:\/\/gothein.de\/reiseblog\/wp-content\/uploads\/2024\/07\/20240701_181233-2048x2048.jpg 2048w, https:\/\/gothein.de\/reiseblog\/wp-content\/uploads\/2024\/07\/20240701_181233-60x60.jpg 60w\" sizes=\"auto, (max-width: 1024px) 100vw, 1024px\" \/><\/figure>\n\n\n\n<p>Wenn die Kirche Saint Feliu schon beeindruckend ist, dann erst recht die Kathedrale. Riesig in den Au\u00dfenma\u00dfen, angeblich die gotische Kirche mit dem breitesten Kirchenschiff. 28 Seitenkapellen, eine Schatzkammer mit dem gro\u00dfartigen Sch\u00f6pfungsteppich aus dem 11 Jahrhundert und einem Kloster-Kreuzgang. Der erste Gang wird von lauter S\u00e4ulen getragen auf denen die Geschichten aus der Genesis in Stein gemei\u00dfelt erz\u00e4hlt werden. Die Audio Guides erkl\u00e4ren die Geschichten recht gut, allerdings muss man sich da schon jeweils mindestens eine Stunde f\u00fcr Zeit nehmen und es ist durchaus noch mehr zu sehen. <\/p>\n\n\n\n<figure class=\"wp-block-image size-large\"><img loading=\"lazy\" decoding=\"async\" width=\"1024\" height=\"1024\" src=\"https:\/\/gothein.de\/reiseblog\/wp-content\/uploads\/2024\/07\/20240701_181629-1024x1024.jpg\" alt=\"\" class=\"wp-image-6107\" srcset=\"https:\/\/gothein.de\/reiseblog\/wp-content\/uploads\/2024\/07\/20240701_181629-1024x1024.jpg 1024w, https:\/\/gothein.de\/reiseblog\/wp-content\/uploads\/2024\/07\/20240701_181629-300x300.jpg 300w, https:\/\/gothein.de\/reiseblog\/wp-content\/uploads\/2024\/07\/20240701_181629-150x150.jpg 150w, https:\/\/gothein.de\/reiseblog\/wp-content\/uploads\/2024\/07\/20240701_181629-768x768.jpg 768w, https:\/\/gothein.de\/reiseblog\/wp-content\/uploads\/2024\/07\/20240701_181629-1536x1536.jpg 1536w, https:\/\/gothein.de\/reiseblog\/wp-content\/uploads\/2024\/07\/20240701_181629-2048x2048.jpg 2048w, https:\/\/gothein.de\/reiseblog\/wp-content\/uploads\/2024\/07\/20240701_181629-60x60.jpg 60w\" sizes=\"auto, (max-width: 1024px) 100vw, 1024px\" \/><\/figure>\n\n\n\n<p>Das Wetter ist heute durchwachsen. In der Nacht hat es geregnet, es ist bew\u00f6lkt und ab und zu kommen noch ein ein paar Tropfen. Die Stadt ist eher voller als gestern, was wahrscheinlich da dran liegt, dass von den unz\u00e4hligen Rennradlern ein paar einen Schlechtwetterruhetag einlegen. Die sind daran zu erkennen, dass unter ihren Shorts der obere Teil des Oberschenkels schneewei\u00df und der untere dunkelbraun heraus schaut. Auch die Costa Brava Touristen finden den Tag wahrscheinlich f\u00fcr einen Ausflug geeignet. Das sind die ganz braunen. <\/p>\n\n\n\n<figure class=\"wp-block-image size-large\"><img loading=\"lazy\" decoding=\"async\" width=\"1024\" height=\"1024\" src=\"https:\/\/gothein.de\/reiseblog\/wp-content\/uploads\/2024\/07\/20240701_181854-1024x1024.jpg\" alt=\"\" class=\"wp-image-6106\" srcset=\"https:\/\/gothein.de\/reiseblog\/wp-content\/uploads\/2024\/07\/20240701_181854-1024x1024.jpg 1024w, https:\/\/gothein.de\/reiseblog\/wp-content\/uploads\/2024\/07\/20240701_181854-300x300.jpg 300w, https:\/\/gothein.de\/reiseblog\/wp-content\/uploads\/2024\/07\/20240701_181854-150x150.jpg 150w, https:\/\/gothein.de\/reiseblog\/wp-content\/uploads\/2024\/07\/20240701_181854-768x768.jpg 768w, https:\/\/gothein.de\/reiseblog\/wp-content\/uploads\/2024\/07\/20240701_181854-1536x1536.jpg 1536w, https:\/\/gothein.de\/reiseblog\/wp-content\/uploads\/2024\/07\/20240701_181854-2048x2048.jpg 2048w, https:\/\/gothein.de\/reiseblog\/wp-content\/uploads\/2024\/07\/20240701_181854-60x60.jpg 60w\" sizes=\"auto, (max-width: 1024px) 100vw, 1024px\" \/><\/figure>\n\n\n\n<p>Ich muss um 16 Uhr zum Centre Biker Girona. Dort bekomme ich einen Karton und F\u00fcllmaterial, netter weise l\u00f6sen sie mir auch die Pedale. Auf Nachfrage, was ich denn bezahlen d\u00fcrfe, wollten sie nichts. Mit dem Karton auf dem rechten Pedal schiebe ich Rad und Karton zum Hotel. Dort wird das Rad zerlegt und reingepackt und die ersten zwei Taschen auch rein und zugeklebt. Die ganze Aktion hat eine Stunde gedauert. <\/p>\n\n\n\n<p>F\u00fcr meinen Streifzug durch die Stadt hat die Uhr 9 km und 86 H\u00f6henmeter ermittelt. Eignet sich aber nicht als Rundgang zum Nachlaufen, da der Weg eher dem Zufallsprinzip folgte. <\/p>\n\n\n\n        <div id=\"map_ol3js_1\"\n             class=\"map undefined\"\n             data-map_name=\"undefined\"\n             data-map=\"map_ol3js_1\"\n             style=\"width:100%;\n                    max-width:100%;\n                    height:450px;\n                    display:block;\n                    overflow:hidden;\n                    border:2px solid grey;\">\n          <div id=\"map_ol3js_1_popup\" class=\"ol-popup\">\n            <a href=\"#\" id=\"map_ol3js_1_popup-closer\" class=\"ol-popup-closer\"><\/a>\n            <div id=\"map_ol3js_1_popup-content\"><\/div>\n          <\/div>\n        <\/div>\n    \n\n\t\t\t\t<script type=\"text\/javascript\">\n\t\t\t\t\ttranslations['openlayer'] = \"open layer\";\n\t\t\t\t\ttranslations['openlayerAtStartup'] = \"open layer at startup\";\n\t\t\t\t\ttranslations['generateLink'] = \"Der Link zur Karte mit ausgew\u00e4hlten Overlays und angezeigtem Ausschnitt\";\n\t\t\t\t\ttranslations['shortDescription'] = \"Kurzbeschreibung\";\n\t\t\t\t\ttranslations['generatedShortCode'] = \"to get a text control link paste this code in your wordpress editor\";\n\t\t\t\t\ttranslations['closeLayer'] = \"close layer\";\n\t\t\t\t\ttranslations['cantGenerateLink'] = \"put this string in the existing map short code to control this map\";\n\t\t\t  <\/script>\n\n\n\t\t\t  <script type=\"text\/javascript\">\n\t\t\t  vectorM['map_ol3js_1'] = [];\n\t        \n        var raster = getTileLayer(\"osm\",\"NoKey\");\t\t\t\n\n\t\t\t  var map_ol3js_1 = new ol.Map({\n\t\t\t\tinteractions: ol.interaction.defaults.defaults({mouseWheelZoom:false}),\n\t\t\t\tlayers: [raster],\n\t\t\t\ttarget: \"map_ol3js_1\",\n\t\t\t\tview: new ol.View({\n\t\t\t\t  center: ol.proj.transform([2.823057,41.981323], \"EPSG:4326\", \"EPSG:3857\"),\n\t\t\t\t  zoom: 14.706530\n\t\t\t\t})\n\t\t\t  });\n\t\t\t  \n    var style0 = {\n      \"Point\": [new ol.style.Style({\n\n          image: new ol.style.Icon({\n            anchor: [0.5, 41],\n            anchorXUnits: \"fraction\",\n            anchorYUnits: \"pixels\",\n            opacity: 0.75,\n            src: \"https:\/\/gothein.de\/reiseblog\/wp-content\/plugins\/osm\/icons\/mic_blue_pinother_02.png\"\n          })\n      })],\n\n      \"LineString\": [new ol.style.Style({\n        stroke: new ol.style.Stroke({\n          color: \"blue\",\n          width: 8\n        })\n      })],\n      \"MultiLineString\": [new ol.style.Style({\n        stroke: new ol.style.Stroke({\n          color: \"blue\",\n          width: 4\n        })\n      })]\n    };\n\t\t  var vectorL0 = new ol.layer.Vector({\n\t\t\t\tsource: new ol.source.Vector({\n\t\t\t\turl:\"\/reiseblog\/wp-content\/uploads\/gpx\/20240701_Girona.gpx\",\n\t\t\t\tformat: new ol.format.GPX({\n\t\t\t\t\textractStyles: false\n\t\t\t\t})\n\t\t\t}),\n\t\t\tzIndex: 92,\n\t\t\tstyle: function(feature, resolution) {return style0[feature.getGeometry().getType()];}\n\t\t  });\n\t\t  map_ol3js_1.addLayer(vectorL0);addControls2Map(map_ol3js_1,0,0,3,1,5,6,7,0,1);\nosm_addPopupClickhandler(map_ol3js_1,  \"map_ol3js_1\"); \nosm_addMouseHover(map_ol3js_1); <\/script>\n","protected":false},"excerpt":{"rendered":"<p>Fr\u00fchst\u00fcck gibt es im ByPillow Erba Hotel keins, aber im Umkreis von 200 Meter mehrere Kaffees. Das Hotel ist ok, Zimmer ist gro\u00df genug und mein Fahrrad hat Platz im recht kleinen Fahrradraum. Nach dem Fr\u00fchst\u00fcck mache ich mich auf um diesmal die Sehensw\u00fcrdigkeiten, dass sind in erster Linie die wichtigsten Kirchen Saint Feliu und [&hellip;]<\/p>\n","protected":false},"author":1,"featured_media":0,"comment_status":"open","ping_status":"open","sticky":false,"template":"","format":"standard","meta":{"ngg_post_thumbnail":0,"_jetpack_memberships_contains_paid_content":false,"footnotes":""},"categories":[1],"tags":[291,281,290],"class_list":["post-6109","post","type-post","status-publish","format-standard","hentry","category-allgemein","tag-girona","tag-pyrenaeen","tag-spanien"],"jetpack_featured_media_url":"","jetpack_sharing_enabled":true,"_links":{"self":[{"href":"https:\/\/gothein.de\/reiseblog\/wp-json\/wp\/v2\/posts\/6109","targetHints":{"allow":["GET"]}}],"collection":[{"href":"https:\/\/gothein.de\/reiseblog\/wp-json\/wp\/v2\/posts"}],"about":[{"href":"https:\/\/gothein.de\/reiseblog\/wp-json\/wp\/v2\/types\/post"}],"author":[{"embeddable":true,"href":"https:\/\/gothein.de\/reiseblog\/wp-json\/wp\/v2\/users\/1"}],"replies":[{"embeddable":true,"href":"https:\/\/gothein.de\/reiseblog\/wp-json\/wp\/v2\/comments?post=6109"}],"version-history":[{"count":0,"href":"https:\/\/gothein.de\/reiseblog\/wp-json\/wp\/v2\/posts\/6109\/revisions"}],"wp:attachment":[{"href":"https:\/\/gothein.de\/reiseblog\/wp-json\/wp\/v2\/media?parent=6109"}],"wp:term":[{"taxonomy":"category","embeddable":true,"href":"https:\/\/gothein.de\/reiseblog\/wp-json\/wp\/v2\/categories?post=6109"},{"taxonomy":"post_tag","embeddable":true,"href":"https:\/\/gothein.de\/reiseblog\/wp-json\/wp\/v2\/tags?post=6109"}],"curies":[{"name":"wp","href":"https:\/\/api.w.org\/{rel}","templated":true}]}}