

{"id":6080,"date":"2024-06-28T16:30:21","date_gmt":"2024-06-28T14:30:21","guid":{"rendered":"https:\/\/gothein.de\/reiseblog\/?p=6080"},"modified":"2024-06-28T22:26:36","modified_gmt":"2024-06-28T20:26:36","slug":"in-banyuls-sur-mer","status":"publish","type":"post","link":"https:\/\/gothein.de\/reiseblog\/2024\/06\/28\/in-banyuls-sur-mer\/","title":{"rendered":"In Banyuls-sur-Mer"},"content":{"rendered":"\n<p>F\u00fcr heute habe ich mir einen ganzen Tag ohne Radfahren vorgenommen, obwohl es mich schon wieder ein bisschen zum Coll de Banyuls lockt. Der Tag beginnt mit einem exzellenten Fr\u00fchst\u00fccksbuffet. An der Rezeption bekomme ich ein Handtuch f\u00fcr den Strand geliehen und mach mir als erstes ein Bild vom Ort, in dem ich kreuz und quer durch ihn durchlaufe. Als erstes laufe ich am Hafen entlang. Man kann hier Jetskis leihen. Es ist aber niemand da, den man fragen k\u00f6nnte. Au\u00dferdem gibt es mehrere Tauchschulen.<\/p>\n\n\n\n<p>Gro\u00dfe Maschinen fahren \u00fcber den Strand um den einen Teil der Promenade zu renovieren und im hinteren Teil des Ortes finde ich einen sch\u00f6nen Olivenbaum. <\/p>\n\n\n\n<figure class=\"wp-block-image size-large\"><img loading=\"lazy\" decoding=\"async\" width=\"1024\" height=\"1024\" src=\"https:\/\/gothein.de\/reiseblog\/wp-content\/uploads\/2024\/06\/20240628_152812-1024x1024.jpg\" alt=\"\" class=\"wp-image-6081\" srcset=\"https:\/\/gothein.de\/reiseblog\/wp-content\/uploads\/2024\/06\/20240628_152812-1024x1024.jpg 1024w, https:\/\/gothein.de\/reiseblog\/wp-content\/uploads\/2024\/06\/20240628_152812-300x300.jpg 300w, https:\/\/gothein.de\/reiseblog\/wp-content\/uploads\/2024\/06\/20240628_152812-150x150.jpg 150w, https:\/\/gothein.de\/reiseblog\/wp-content\/uploads\/2024\/06\/20240628_152812-768x768.jpg 768w, https:\/\/gothein.de\/reiseblog\/wp-content\/uploads\/2024\/06\/20240628_152812-1536x1536.jpg 1536w, https:\/\/gothein.de\/reiseblog\/wp-content\/uploads\/2024\/06\/20240628_152812-2048x2048.jpg 2048w, https:\/\/gothein.de\/reiseblog\/wp-content\/uploads\/2024\/06\/20240628_152812-60x60.jpg 60w\" sizes=\"auto, (max-width: 1024px) 100vw, 1024px\" \/><\/figure>\n\n\n\n<p>An der Kirche, die ebenfalls im hinteren Teil des Ortes liegt, laufe ich erst einmal glatt vorbei. Sie ist weniger beeindruckend als ihr Bild gegen\u00fcber und die Beschreibung dazu.<\/p>\n\n\n\n<p>Was ich heute hier auch lerne: Banyuls-sur-Mer ist die Endstation des Wanderweges GR10, \u00fcber den man die Pyren\u00e4en vom Atlantik bis zum Mittelmeer zu Fu\u00df \u00fcberqueren kann. Heute ist baden im Mittelmeer geplant und w\u00e4hrend ich mich trocknend auf dem Kiesstrand sitze, kommen drei Wanderer gerade vom GR10. Der Vater des einen ist wohl extra gekommen um sie zu begr\u00fc\u00dfen, es werden Fotos gemacht und zwei st\u00fcrzen sich mit Hemd und Hose ins Wasser.<\/p>\n\n\n\n<figure class=\"wp-block-image size-large\"><img loading=\"lazy\" decoding=\"async\" width=\"1024\" height=\"1024\" src=\"https:\/\/gothein.de\/reiseblog\/wp-content\/uploads\/2024\/06\/20240628_151516-1024x1024.jpg\" alt=\"\" class=\"wp-image-6082\" srcset=\"https:\/\/gothein.de\/reiseblog\/wp-content\/uploads\/2024\/06\/20240628_151516-1024x1024.jpg 1024w, https:\/\/gothein.de\/reiseblog\/wp-content\/uploads\/2024\/06\/20240628_151516-300x300.jpg 300w, https:\/\/gothein.de\/reiseblog\/wp-content\/uploads\/2024\/06\/20240628_151516-150x150.jpg 150w, https:\/\/gothein.de\/reiseblog\/wp-content\/uploads\/2024\/06\/20240628_151516-768x768.jpg 768w, https:\/\/gothein.de\/reiseblog\/wp-content\/uploads\/2024\/06\/20240628_151516-1536x1536.jpg 1536w, https:\/\/gothein.de\/reiseblog\/wp-content\/uploads\/2024\/06\/20240628_151516-2048x2048.jpg 2048w, https:\/\/gothein.de\/reiseblog\/wp-content\/uploads\/2024\/06\/20240628_151516-60x60.jpg 60w\" sizes=\"auto, (max-width: 1024px) 100vw, 1024px\" \/><\/figure>\n\n\n\n<p>Sonst ist nicht viel los. Einige Kraulschwimmer ziehen langsam ihre Bahnen durch die Bucht und einige sehr wei\u00dfe K\u00f6rper werden rot. Das Wasser ist eigentlich angenehm, gute Abk\u00fchlung und man kann gut schwimmen. Es ist wieder weit jenseits der 30 Grad.<\/p>\n\n\n\n<p>Weiter habe ich heute gelernt, dass die Skulpturen der nackten Frauenk\u00f6rper auf der Promenade alle von Aristide Joseph Bonaventure Jean Maillol geschaffen worden sind, der hier 1861 geboren wurde und 1944 hier starb. <\/p>\n\n\n\n<figure class=\"wp-block-image size-large\"><img loading=\"lazy\" decoding=\"async\" width=\"1024\" height=\"1024\" src=\"https:\/\/gothein.de\/reiseblog\/wp-content\/uploads\/2024\/06\/20240628_151105-1024x1024.jpg\" alt=\"\" class=\"wp-image-6083\" srcset=\"https:\/\/gothein.de\/reiseblog\/wp-content\/uploads\/2024\/06\/20240628_151105-1024x1024.jpg 1024w, https:\/\/gothein.de\/reiseblog\/wp-content\/uploads\/2024\/06\/20240628_151105-300x300.jpg 300w, https:\/\/gothein.de\/reiseblog\/wp-content\/uploads\/2024\/06\/20240628_151105-150x150.jpg 150w, https:\/\/gothein.de\/reiseblog\/wp-content\/uploads\/2024\/06\/20240628_151105-768x768.jpg 768w, https:\/\/gothein.de\/reiseblog\/wp-content\/uploads\/2024\/06\/20240628_151105-1536x1536.jpg 1536w, https:\/\/gothein.de\/reiseblog\/wp-content\/uploads\/2024\/06\/20240628_151105-2048x2048.jpg 2048w, https:\/\/gothein.de\/reiseblog\/wp-content\/uploads\/2024\/06\/20240628_151105-60x60.jpg 60w\" sizes=\"auto, (max-width: 1024px) 100vw, 1024px\" \/><\/figure>\n\n\n\n<p>Au\u00dferdem ist interessant, dass hier Lisa Fittko geb. Ekstein mit ihrem Mann Hans lebte und mit Unterst\u00fctzung des B\u00fcrgermeisters, der ihnen falsche Papiere ausstellte, ma\u00dfgeblich beitrug um vielen Menschen, die vor Nazis flohen, \u00fcber die Pyren\u00e4enp\u00e4sse in der N\u00e4he nach Spanien zur Flucht zu verhelfen.<\/p>\n\n\n\n<p>Bei dieser Erkundung habe ich 6 km spaziert und etw 50 H\u00f6henmeter erklettert, von denen die meisten von den 125 Stufen zum Hotel hoch r\u00fchren. Ein paar werden wohl wieder dazu kommen, wenn ich mich heute Abend wieder nach unten zum Abendessen begebe.<\/p>\n\n\n\n        <div id=\"map_ol3js_1\"\n             class=\"map undefined\"\n             data-map_name=\"undefined\"\n             data-map=\"map_ol3js_1\"\n             style=\"width:100%;\n                    max-width:100%;\n                    height:450px;\n                    display:block;\n                    overflow:hidden;\n                    border:2px solid grey;\">\n          <div id=\"map_ol3js_1_popup\" class=\"ol-popup\">\n            <a href=\"#\" id=\"map_ol3js_1_popup-closer\" class=\"ol-popup-closer\"><\/a>\n            <div id=\"map_ol3js_1_popup-content\"><\/div>\n          <\/div>\n        <\/div>\n    \n\n\t\t\t\t<script type=\"text\/javascript\">\n\t\t\t\t\ttranslations['openlayer'] = \"open layer\";\n\t\t\t\t\ttranslations['openlayerAtStartup'] = \"open layer at startup\";\n\t\t\t\t\ttranslations['generateLink'] = \"Der Link zur Karte mit ausgew\u00e4hlten Overlays und angezeigtem Ausschnitt\";\n\t\t\t\t\ttranslations['shortDescription'] = \"Kurzbeschreibung\";\n\t\t\t\t\ttranslations['generatedShortCode'] = \"to get a text control link paste this code in your wordpress editor\";\n\t\t\t\t\ttranslations['closeLayer'] = \"close layer\";\n\t\t\t\t\ttranslations['cantGenerateLink'] = \"put this string in the existing map short code to control this map\";\n\t\t\t  <\/script>\n\n\n\t\t\t  <script type=\"text\/javascript\">\n\t\t\t  vectorM['map_ol3js_1'] = [];\n\t        \n        var raster = getTileLayer(\"osm\",\"NoKey\");\t\t\t\n\n\t\t\t  var map_ol3js_1 = new ol.Map({\n\t\t\t\tinteractions: ol.interaction.defaults.defaults({mouseWheelZoom:false}),\n\t\t\t\tlayers: [raster],\n\t\t\t\ttarget: \"map_ol3js_1\",\n\t\t\t\tview: new ol.View({\n\t\t\t\t  center: ol.proj.transform([3.131739,42.480146], \"EPSG:4326\", \"EPSG:3857\"),\n\t\t\t\t  zoom: 15.005567\n\t\t\t\t})\n\t\t\t  });\n\t\t\t  \n    var style0 = {\n      \"Point\": [new ol.style.Style({\n\n          image: new ol.style.Icon({\n            anchor: [0.5, 41],\n            anchorXUnits: \"fraction\",\n            anchorYUnits: \"pixels\",\n            opacity: 0.75,\n            src: \"https:\/\/gothein.de\/reiseblog\/wp-content\/plugins\/osm\/icons\/mic_blue_pinother_02.png\"\n          })\n      })],\n\n      \"LineString\": [new ol.style.Style({\n        stroke: new ol.style.Stroke({\n          color: \"blue\",\n          width: 8\n        })\n      })],\n      \"MultiLineString\": [new ol.style.Style({\n        stroke: new ol.style.Stroke({\n          color: \"blue\",\n          width: 4\n        })\n      })]\n    };\n\t\t  var vectorL0 = new ol.layer.Vector({\n\t\t\t\tsource: new ol.source.Vector({\n\t\t\t\turl:\"\/reiseblog\/wp-content\/uploads\/gpx\/20240628_Banyuls.gpx\",\n\t\t\t\tformat: new ol.format.GPX({\n\t\t\t\t\textractStyles: false\n\t\t\t\t})\n\t\t\t}),\n\t\t\tzIndex: 92,\n\t\t\tstyle: function(feature, resolution) {return style0[feature.getGeometry().getType()];}\n\t\t  });\n\t\t  map_ol3js_1.addLayer(vectorL0);addControls2Map(map_ol3js_1,0,0,3,1,5,6,7,0,1);\nosm_addPopupClickhandler(map_ol3js_1,  \"map_ol3js_1\"); \nosm_addMouseHover(map_ol3js_1); <\/script>\n","protected":false},"excerpt":{"rendered":"<p>F\u00fcr heute habe ich mir einen ganzen Tag ohne Radfahren vorgenommen, obwohl es mich schon wieder ein bisschen zum Coll de Banyuls lockt. Der Tag beginnt mit einem exzellenten Fr\u00fchst\u00fccksbuffet. An der Rezeption bekomme ich ein Handtuch f\u00fcr den Strand geliehen und mach mir als erstes ein Bild vom Ort, in dem ich kreuz und [&hellip;]<\/p>\n","protected":false},"author":1,"featured_media":0,"comment_status":"open","ping_status":"open","sticky":false,"template":"","format":"standard","meta":{"ngg_post_thumbnail":0,"_jetpack_memberships_contains_paid_content":false,"footnotes":""},"categories":[1],"tags":[288,137,281],"class_list":["post-6080","post","type-post","status-publish","format-standard","hentry","category-allgemein","tag-banyuls-sur-mer","tag-frankreich","tag-pyrenaeen"],"jetpack_featured_media_url":"","jetpack_sharing_enabled":true,"_links":{"self":[{"href":"https:\/\/gothein.de\/reiseblog\/wp-json\/wp\/v2\/posts\/6080","targetHints":{"allow":["GET"]}}],"collection":[{"href":"https:\/\/gothein.de\/reiseblog\/wp-json\/wp\/v2\/posts"}],"about":[{"href":"https:\/\/gothein.de\/reiseblog\/wp-json\/wp\/v2\/types\/post"}],"author":[{"embeddable":true,"href":"https:\/\/gothein.de\/reiseblog\/wp-json\/wp\/v2\/users\/1"}],"replies":[{"embeddable":true,"href":"https:\/\/gothein.de\/reiseblog\/wp-json\/wp\/v2\/comments?post=6080"}],"version-history":[{"count":0,"href":"https:\/\/gothein.de\/reiseblog\/wp-json\/wp\/v2\/posts\/6080\/revisions"}],"wp:attachment":[{"href":"https:\/\/gothein.de\/reiseblog\/wp-json\/wp\/v2\/media?parent=6080"}],"wp:term":[{"taxonomy":"category","embeddable":true,"href":"https:\/\/gothein.de\/reiseblog\/wp-json\/wp\/v2\/categories?post=6080"},{"taxonomy":"post_tag","embeddable":true,"href":"https:\/\/gothein.de\/reiseblog\/wp-json\/wp\/v2\/tags?post=6080"}],"curies":[{"name":"wp","href":"https:\/\/api.w.org\/{rel}","templated":true}]}}