

{"id":5807,"date":"2024-04-16T18:17:00","date_gmt":"2024-04-16T16:17:00","guid":{"rendered":"https:\/\/gothein.de\/reiseblog\/?p=5807"},"modified":"2024-04-18T23:46:03","modified_gmt":"2024-04-18T21:46:03","slug":"der-letzte-tag-in-lissabon","status":"publish","type":"post","link":"https:\/\/gothein.de\/reiseblog\/2024\/04\/16\/der-letzte-tag-in-lissabon\/","title":{"rendered":"Der letzte Tag in Lissabon"},"content":{"rendered":"\n<p>Unseren letzten Tag in Lissabon starten wir etwas planlos und beschlie\u00dfen, einige Aussichtspunkte und Attraktionen auf dem n\u00e4chsten H\u00fcgel der Stadt anzusteuern. Beim Bahnhof Rossio entdecken wir wieder die Statue einer Fados\u00e4ngerin und steigen parallel zu einem kleinen B\u00e4hnchen, welches genau f\u00fcr diese Steigung konstruiert ist, zum Miradouro des S\u00e3o Pedro de Alc\u00e2ntara auf. Dort gibt es einen guten Blick auf die vorgestern erklommene Burg. Das Licht w\u00e4re nachmittags wahrscheinlich etwas g\u00fcnstiger.<\/p>\n\n\n\n<figure class=\"wp-block-image size-large\"><img loading=\"lazy\" decoding=\"async\" width=\"1024\" height=\"1024\" src=\"https:\/\/gothein.de\/reiseblog\/wp-content\/uploads\/2024\/04\/20240417_1705094283725476558272580-1024x1024.jpg\" alt=\"\" class=\"wp-image-5804\" srcset=\"https:\/\/gothein.de\/reiseblog\/wp-content\/uploads\/2024\/04\/20240417_1705094283725476558272580-1024x1024.jpg 1024w, https:\/\/gothein.de\/reiseblog\/wp-content\/uploads\/2024\/04\/20240417_1705094283725476558272580-300x300.jpg 300w, https:\/\/gothein.de\/reiseblog\/wp-content\/uploads\/2024\/04\/20240417_1705094283725476558272580-150x150.jpg 150w, https:\/\/gothein.de\/reiseblog\/wp-content\/uploads\/2024\/04\/20240417_1705094283725476558272580-768x768.jpg 768w, https:\/\/gothein.de\/reiseblog\/wp-content\/uploads\/2024\/04\/20240417_1705094283725476558272580-1536x1536.jpg 1536w, https:\/\/gothein.de\/reiseblog\/wp-content\/uploads\/2024\/04\/20240417_1705094283725476558272580-60x60.jpg 60w, https:\/\/gothein.de\/reiseblog\/wp-content\/uploads\/2024\/04\/20240417_1705094283725476558272580.jpg 2000w\" sizes=\"auto, (max-width: 1024px) 100vw, 1024px\" \/><\/figure>\n\n\n\n<p>An der B\u00fcste des Zeitungsgr\u00fcnders Eduardo Coelho vorbei, mit einem Jungen, der die Zeitung austr\u00e4gt, kommen wir zum n\u00e4chsten Garten. Dort sehen wir eine riesige Zeder und ausladende B\u00e4ume, deren Lianen nach unten wachsen, dort anwurzeln und die \u00c4ste st\u00fctzen. An jeder Ecke der Parks gibt es kleine Caf\u00e9s, unter anderem mit einigen Leuten, die dort an ihren Laptops arbeiten. Unser n\u00e4chstes Ziel ist die Basilika Estrella, eine weitere Barockkirche.<\/p>\n\n\n\n<figure class=\"wp-block-image\"><img loading=\"lazy\" decoding=\"async\" width=\"1024\" height=\"1024\" src=\"https:\/\/gothein.de\/reiseblog\/wp-content\/uploads\/2024\/04\/20240417_1709224801040364258763014-1024x1024.jpg\" alt=\"\" class=\"wp-image-5805\" srcset=\"https:\/\/gothein.de\/reiseblog\/wp-content\/uploads\/2024\/04\/20240417_1709224801040364258763014-1024x1024.jpg 1024w, https:\/\/gothein.de\/reiseblog\/wp-content\/uploads\/2024\/04\/20240417_1709224801040364258763014-300x300.jpg 300w, https:\/\/gothein.de\/reiseblog\/wp-content\/uploads\/2024\/04\/20240417_1709224801040364258763014-150x150.jpg 150w, https:\/\/gothein.de\/reiseblog\/wp-content\/uploads\/2024\/04\/20240417_1709224801040364258763014-768x768.jpg 768w, https:\/\/gothein.de\/reiseblog\/wp-content\/uploads\/2024\/04\/20240417_1709224801040364258763014-1536x1536.jpg 1536w, https:\/\/gothein.de\/reiseblog\/wp-content\/uploads\/2024\/04\/20240417_1709224801040364258763014-60x60.jpg 60w, https:\/\/gothein.de\/reiseblog\/wp-content\/uploads\/2024\/04\/20240417_1709224801040364258763014.jpg 2000w\" sizes=\"auto, (max-width: 1024px) 100vw, 1024px\" \/><\/figure>\n\n\n\n<p>Auf dem Weg kommen wir am Parlament mit Wachsoldaten vorbei. Vis-\u00e0-vis hat ein Obdachloser sein Quartier aufgeschlagen, kunstvoll als Schiff getarnt, mit Flagge und mit wenig freundlichen Worten f\u00fcr die Regierung.<\/p>\n\n\n\n<p>Der Eintritt in die Kirche ist frei, aber die Terrasse, quasi das Kirchendach, kostet 4\u20ac und wird \u00fcber ein kleine Wendeltreppe erreicht. Von dort schaut man direkt auf die Kuppel und T\u00fcrme der Kirche. Zum Gottesdienstbeginn h\u00f6ren wir auch die Glocken und in der Kuppel kann man wieder tief in die Kirche hinab schauen. Gegen\u00fcber der Kirche ist wieder ein sch\u00f6ner Park mit vielen Caf\u00e9s und einem gro\u00dfen Spielplatz. Auch hier wieder Menschen, die im Caf\u00e9 im Park am Laptop arbeiten.<\/p>\n\n\n\n<figure class=\"wp-block-image\"><img loading=\"lazy\" decoding=\"async\" width=\"1024\" height=\"1024\" src=\"https:\/\/gothein.de\/reiseblog\/wp-content\/uploads\/2024\/04\/20240417_1702191486987297184058466-1024x1024.jpg\" alt=\"\" class=\"wp-image-5802\" srcset=\"https:\/\/gothein.de\/reiseblog\/wp-content\/uploads\/2024\/04\/20240417_1702191486987297184058466-1024x1024.jpg 1024w, https:\/\/gothein.de\/reiseblog\/wp-content\/uploads\/2024\/04\/20240417_1702191486987297184058466-300x300.jpg 300w, https:\/\/gothein.de\/reiseblog\/wp-content\/uploads\/2024\/04\/20240417_1702191486987297184058466-150x150.jpg 150w, https:\/\/gothein.de\/reiseblog\/wp-content\/uploads\/2024\/04\/20240417_1702191486987297184058466-768x768.jpg 768w, https:\/\/gothein.de\/reiseblog\/wp-content\/uploads\/2024\/04\/20240417_1702191486987297184058466-1536x1536.jpg 1536w, https:\/\/gothein.de\/reiseblog\/wp-content\/uploads\/2024\/04\/20240417_1702191486987297184058466-60x60.jpg 60w, https:\/\/gothein.de\/reiseblog\/wp-content\/uploads\/2024\/04\/20240417_1702191486987297184058466.jpg 2000w\" sizes=\"auto, (max-width: 1024px) 100vw, 1024px\" \/><\/figure>\n\n\n\n<p>Unser n\u00e4chstes Ziel ist die \u201eGreen Street\u201c, die sich durch bewachsene H\u00e4user auszeichnet, mit kleinen alternativen Gastronomien. Es geht wieder steil runter und auf der andern Seite m\u00fcssen wir wieder hoch durch kleine Gassen und ab und zu quert die Tram 28 wieder unsern Weg.<\/p>\n\n\n\n<figure class=\"wp-block-image\"><img loading=\"lazy\" decoding=\"async\" width=\"1024\" height=\"1024\" src=\"https:\/\/gothein.de\/reiseblog\/wp-content\/uploads\/2024\/04\/20240417_1712594470270769973720462-1024x1024.jpg\" alt=\"\" class=\"wp-image-5803\" srcset=\"https:\/\/gothein.de\/reiseblog\/wp-content\/uploads\/2024\/04\/20240417_1712594470270769973720462-1024x1024.jpg 1024w, https:\/\/gothein.de\/reiseblog\/wp-content\/uploads\/2024\/04\/20240417_1712594470270769973720462-300x300.jpg 300w, https:\/\/gothein.de\/reiseblog\/wp-content\/uploads\/2024\/04\/20240417_1712594470270769973720462-150x150.jpg 150w, https:\/\/gothein.de\/reiseblog\/wp-content\/uploads\/2024\/04\/20240417_1712594470270769973720462-768x768.jpg 768w, https:\/\/gothein.de\/reiseblog\/wp-content\/uploads\/2024\/04\/20240417_1712594470270769973720462-1536x1536.jpg 1536w, https:\/\/gothein.de\/reiseblog\/wp-content\/uploads\/2024\/04\/20240417_1712594470270769973720462-60x60.jpg 60w, https:\/\/gothein.de\/reiseblog\/wp-content\/uploads\/2024\/04\/20240417_1712594470270769973720462.jpg 2000w\" sizes=\"auto, (max-width: 1024px) 100vw, 1024px\" \/><\/figure>\n\n\n\n<p>Unser n\u00e4chstes Ziel ist der Miradouro Santa Catarina mit Blick auf Fluss und Br\u00fccke und von dort zur letzten Attraktion, dem Elevador de Santa Justa, mit dem man von unten f\u00fcr 5\u20ac hoch fahren kann oder wie wir von oben, ohne Kosten. Die Treppe ganz nach oben ist abgesperrt.<\/p>\n\n\n\n<figure class=\"wp-block-image\"><img loading=\"lazy\" decoding=\"async\" width=\"1024\" height=\"1024\" src=\"https:\/\/gothein.de\/reiseblog\/wp-content\/uploads\/2024\/04\/20240417_1700441160698040568570149-1024x1024.jpg\" alt=\"\" class=\"wp-image-5806\" srcset=\"https:\/\/gothein.de\/reiseblog\/wp-content\/uploads\/2024\/04\/20240417_1700441160698040568570149-1024x1024.jpg 1024w, https:\/\/gothein.de\/reiseblog\/wp-content\/uploads\/2024\/04\/20240417_1700441160698040568570149-300x300.jpg 300w, https:\/\/gothein.de\/reiseblog\/wp-content\/uploads\/2024\/04\/20240417_1700441160698040568570149-150x150.jpg 150w, https:\/\/gothein.de\/reiseblog\/wp-content\/uploads\/2024\/04\/20240417_1700441160698040568570149-768x768.jpg 768w, https:\/\/gothein.de\/reiseblog\/wp-content\/uploads\/2024\/04\/20240417_1700441160698040568570149-1536x1536.jpg 1536w, https:\/\/gothein.de\/reiseblog\/wp-content\/uploads\/2024\/04\/20240417_1700441160698040568570149-60x60.jpg 60w, https:\/\/gothein.de\/reiseblog\/wp-content\/uploads\/2024\/04\/20240417_1700441160698040568570149.jpg 2000w\" sizes=\"auto, (max-width: 1024px) 100vw, 1024px\" \/><\/figure>\n\n\n\n<p>Wir sind 10 km gem\u00fctlich mit 250 h\u00fcgeligen H\u00f6henmetern gelaufen. Um 15h muss ich wieder in der Wohnung sein, denn es steht auch f\u00fcr mich ein bisschen Arbeit an. <\/p>\n\n\n\n        <div id=\"map_ol3js_1\"\n             class=\"map undefined\"\n             data-map_name=\"undefined\"\n             data-map=\"map_ol3js_1\"\n             style=\"width:100%;\n                    max-width:100%;\n                    height:450px;\n                    display:block;\n                    overflow:hidden;\n                    border:2px solid grey;\">\n          <div id=\"map_ol3js_1_popup\" class=\"ol-popup\">\n            <a href=\"#\" id=\"map_ol3js_1_popup-closer\" class=\"ol-popup-closer\"><\/a>\n            <div id=\"map_ol3js_1_popup-content\"><\/div>\n          <\/div>\n        <\/div>\n    \n\n\t\t\t\t<script type=\"text\/javascript\">\n\t\t\t\t\ttranslations['openlayer'] = \"open layer\";\n\t\t\t\t\ttranslations['openlayerAtStartup'] = \"open layer at startup\";\n\t\t\t\t\ttranslations['generateLink'] = \"Der Link zur Karte mit ausgew\u00e4hlten Overlays und angezeigtem Ausschnitt\";\n\t\t\t\t\ttranslations['shortDescription'] = \"Kurzbeschreibung\";\n\t\t\t\t\ttranslations['generatedShortCode'] = \"to get a text control link paste this code in your wordpress editor\";\n\t\t\t\t\ttranslations['closeLayer'] = \"close layer\";\n\t\t\t\t\ttranslations['cantGenerateLink'] = \"put this string in the existing map short code to control this map\";\n\t\t\t  <\/script>\n\n\n\t\t\t  <script type=\"text\/javascript\">\n\t\t\t  vectorM['map_ol3js_1'] = [];\n\t        \n        var raster = getTileLayer(\"osm\",\"NoKey\");\t\t\t\n\n\t\t\t  var map_ol3js_1 = new ol.Map({\n\t\t\t\tinteractions: ol.interaction.defaults.defaults({mouseWheelZoom:false}),\n\t\t\t\tlayers: [raster],\n\t\t\t\ttarget: \"map_ol3js_1\",\n\t\t\t\tview: new ol.View({\n\t\t\t\t  center: ol.proj.transform([-9.148762,38.712658], \"EPSG:4326\", \"EPSG:3857\"),\n\t\t\t\t  zoom: 14.440025\n\t\t\t\t})\n\t\t\t  });\n\t\t\t  \n    var style0 = {\n      \"Point\": [new ol.style.Style({\n\n          image: new ol.style.Icon({\n            anchor: [0.5, 41],\n            anchorXUnits: \"fraction\",\n            anchorYUnits: \"pixels\",\n            opacity: 0.75,\n            src: \"https:\/\/gothein.de\/reiseblog\/wp-content\/plugins\/osm\/icons\/mic_blue_pinother_02.png\"\n          })\n      })],\n\n      \"LineString\": [new ol.style.Style({\n        stroke: new ol.style.Stroke({\n          color: \"blue\",\n          width: 8\n        })\n      })],\n      \"MultiLineString\": [new ol.style.Style({\n        stroke: new ol.style.Stroke({\n          color: \"blue\",\n          width: 4\n        })\n      })]\n    };\n\t\t  var vectorL0 = new ol.layer.Vector({\n\t\t\t\tsource: new ol.source.Vector({\n\t\t\t\turl:\"\/reiseblog\/wp-content\/uploads\/gpx\/20240416_Lissabon.gpx\",\n\t\t\t\tformat: new ol.format.GPX({\n\t\t\t\t\textractStyles: false\n\t\t\t\t})\n\t\t\t}),\n\t\t\tzIndex: 92,\n\t\t\tstyle: function(feature, resolution) {return style0[feature.getGeometry().getType()];}\n\t\t  });\n\t\t  map_ol3js_1.addLayer(vectorL0);addControls2Map(map_ol3js_1,0,0,3,1,5,6,7,0,1);\nosm_addPopupClickhandler(map_ol3js_1,  \"map_ol3js_1\"); \nosm_addMouseHover(map_ol3js_1); <\/script>\n","protected":false},"excerpt":{"rendered":"<p>Unseren letzten Tag in Lissabon starten wir etwas planlos und beschlie\u00dfen, einige Aussichtspunkte und Attraktionen auf dem n\u00e4chsten H\u00fcgel der Stadt anzusteuern. Beim Bahnhof Rossio entdecken wir wieder die Statue einer Fados\u00e4ngerin und steigen parallel zu einem kleinen B\u00e4hnchen, welches genau f\u00fcr diese Steigung konstruiert ist, zum Miradouro des S\u00e3o Pedro de Alc\u00e2ntara auf. Dort [&hellip;]<\/p>\n","protected":false},"author":1,"featured_media":0,"comment_status":"open","ping_status":"open","sticky":false,"template":"","format":"standard","meta":{"ngg_post_thumbnail":0,"_jetpack_memberships_contains_paid_content":false,"footnotes":""},"categories":[1],"tags":[272,261],"class_list":["post-5807","post","type-post","status-publish","format-standard","hentry","category-allgemein","tag-lissabon","tag-portugal"],"jetpack_featured_media_url":"","jetpack_sharing_enabled":true,"_links":{"self":[{"href":"https:\/\/gothein.de\/reiseblog\/wp-json\/wp\/v2\/posts\/5807","targetHints":{"allow":["GET"]}}],"collection":[{"href":"https:\/\/gothein.de\/reiseblog\/wp-json\/wp\/v2\/posts"}],"about":[{"href":"https:\/\/gothein.de\/reiseblog\/wp-json\/wp\/v2\/types\/post"}],"author":[{"embeddable":true,"href":"https:\/\/gothein.de\/reiseblog\/wp-json\/wp\/v2\/users\/1"}],"replies":[{"embeddable":true,"href":"https:\/\/gothein.de\/reiseblog\/wp-json\/wp\/v2\/comments?post=5807"}],"version-history":[{"count":0,"href":"https:\/\/gothein.de\/reiseblog\/wp-json\/wp\/v2\/posts\/5807\/revisions"}],"wp:attachment":[{"href":"https:\/\/gothein.de\/reiseblog\/wp-json\/wp\/v2\/media?parent=5807"}],"wp:term":[{"taxonomy":"category","embeddable":true,"href":"https:\/\/gothein.de\/reiseblog\/wp-json\/wp\/v2\/categories?post=5807"},{"taxonomy":"post_tag","embeddable":true,"href":"https:\/\/gothein.de\/reiseblog\/wp-json\/wp\/v2\/tags?post=5807"}],"curies":[{"name":"wp","href":"https:\/\/api.w.org\/{rel}","templated":true}]}}