

{"id":5794,"date":"2024-04-14T21:00:00","date_gmt":"2024-04-14T19:00:00","guid":{"rendered":"https:\/\/gothein.de\/reiseblog\/?p=5794"},"modified":"2024-04-18T23:24:13","modified_gmt":"2024-04-18T21:24:13","slug":"in-belem","status":"publish","type":"post","link":"https:\/\/gothein.de\/reiseblog\/2024\/04\/14\/in-belem\/","title":{"rendered":"In Belem"},"content":{"rendered":"\n<p>Es ist Sonntag und unsere Annahme war, dass es angesichts der vielen Touristen kaum einen Unterschied macht, ob wir heute oder an einem anderen Tag nach Belem fahren. An unserer Unterkunft f\u00e4hrt die Stra\u00dfenbahn 15e vorbei und unten am Platz Comercio hat sich bereits eine l\u00e4ngere Schlange f\u00fcr den Einstieg gebildet. Wir haben unser Metro K\u00e4rtchen mit einer Tageskarte aufgeladen.<\/p>\n\n\n\n<p>Das kostet 6,50\u20ac und berechtigt f\u00fcr Metro, Stra\u00dfenbahn und Busse. Nachdem die Bahn kommt, passt auch ein Gro\u00dfteil der Schlange in die vollgestopfte Bahn. Die ca. 30 Minuten sind entsprechend wenig komfortabel, zumal an den folgenden Haltestellen auch immer noch welche dazu wollen. Wir steigen beim Kloster Mosteiro dos Jer\u00f3nimos aus, das man von der Promenade aus gut in ganzer L\u00e4nge sehen kann.<\/p>\n\n\n\n<figure class=\"wp-block-image size-large\"><img loading=\"lazy\" decoding=\"async\" width=\"1024\" height=\"1024\" src=\"https:\/\/gothein.de\/reiseblog\/wp-content\/uploads\/2024\/04\/20240416_0915517520999630127511289-1024x1024.jpg\" alt=\"\" class=\"wp-image-5791\" srcset=\"https:\/\/gothein.de\/reiseblog\/wp-content\/uploads\/2024\/04\/20240416_0915517520999630127511289-1024x1024.jpg 1024w, https:\/\/gothein.de\/reiseblog\/wp-content\/uploads\/2024\/04\/20240416_0915517520999630127511289-300x300.jpg 300w, https:\/\/gothein.de\/reiseblog\/wp-content\/uploads\/2024\/04\/20240416_0915517520999630127511289-150x150.jpg 150w, https:\/\/gothein.de\/reiseblog\/wp-content\/uploads\/2024\/04\/20240416_0915517520999630127511289-768x768.jpg 768w, https:\/\/gothein.de\/reiseblog\/wp-content\/uploads\/2024\/04\/20240416_0915517520999630127511289-1536x1536.jpg 1536w, https:\/\/gothein.de\/reiseblog\/wp-content\/uploads\/2024\/04\/20240416_0915517520999630127511289-60x60.jpg 60w, https:\/\/gothein.de\/reiseblog\/wp-content\/uploads\/2024\/04\/20240416_0915517520999630127511289.jpg 2000w\" sizes=\"auto, (max-width: 1024px) 100vw, 1024px\" \/><\/figure>\n\n\n\n<p>Die vierspurige Uferstra\u00dfe unterquert man durch einen Tunnel, um an das Denkmal zu kommen, das zu Ehren Heinrich des Seefahrers errichtet wurde. Der war zwar kein Seefahrer, aber er hat die Seefahrt unterst\u00fctzt und damit zum Erfolg des Zeitalters der \u201eEntdeckungen\u201c und Inbesitznahmen beigetragen. Darauf scheinen die Portugiesen generell auch recht stolz zu sein, die \u00e4u\u00dferst dunklen Seiten werden ausgeblendet.<\/p>\n\n\n\n<p>Vom Seefahrer-Denkmal ist es ein gem\u00fctlicher Spaziergang von ca. 20 Minuten bis zur n\u00e4chsten Attraktion, dem Torre de Belem. Der stand als Befestigungsanlage fr\u00fcher mitten im Fluss. Nun ist das Ufer aufgesch\u00fcttet. Den Turm im sp\u00e4tgotischen manuelistischen Stil kann man auch von innen besichtigen, aber da steht eine lange Schlange und wir verzichten. Auf dem R\u00fcckweg schlendern wir durch den Ort und entdecken dabei einen Waschb\u00e4ren von Bordalo II. Seit dem Hasen in Porto nun schon der Dritte.<\/p>\n\n\n\n<figure class=\"wp-block-image\"><img loading=\"lazy\" decoding=\"async\" width=\"1024\" height=\"1024\" src=\"https:\/\/gothein.de\/reiseblog\/wp-content\/uploads\/2024\/04\/20240416_0908156464426468059216037-1024x1024.jpg\" alt=\"\" class=\"wp-image-5792\" srcset=\"https:\/\/gothein.de\/reiseblog\/wp-content\/uploads\/2024\/04\/20240416_0908156464426468059216037-1024x1024.jpg 1024w, https:\/\/gothein.de\/reiseblog\/wp-content\/uploads\/2024\/04\/20240416_0908156464426468059216037-300x300.jpg 300w, https:\/\/gothein.de\/reiseblog\/wp-content\/uploads\/2024\/04\/20240416_0908156464426468059216037-150x150.jpg 150w, https:\/\/gothein.de\/reiseblog\/wp-content\/uploads\/2024\/04\/20240416_0908156464426468059216037-768x768.jpg 768w, https:\/\/gothein.de\/reiseblog\/wp-content\/uploads\/2024\/04\/20240416_0908156464426468059216037-1536x1536.jpg 1536w, https:\/\/gothein.de\/reiseblog\/wp-content\/uploads\/2024\/04\/20240416_0908156464426468059216037-60x60.jpg 60w, https:\/\/gothein.de\/reiseblog\/wp-content\/uploads\/2024\/04\/20240416_0908156464426468059216037.jpg 2000w\" sizes=\"auto, (max-width: 1024px) 100vw, 1024px\" \/><\/figure>\n\n\n\n<p>Vor dem Kloster steht eine lange Schlange, aber wir werden bevorzugt behandelt und m\u00fcssen nur ganz kurz warten. Innen ist wieder ein gro\u00dfartiger Kreuzgang auch wieder im manuelistischen Stil zu sehen.<\/p>\n\n\n\n<p>Die Anzahl der Menschen innerhalb wird durch die Schlange au\u00dfen reguliert und das ist dann innen auch angenehm.  <\/p>\n\n\n\n<p>Nach einem kurzen Rundgang entlang der Touristenkneipen und der Geburtsst\u00e4tte der Past\u00e9is de Nata im Past\u00e9is de Belem, die heute verh\u00e4ltnism\u00e4\u00dfig wenig besucht ist, stellen wir uns in der n\u00e4chsten Schlange f\u00fcr die Kirche an. Die Kirche ist mit freiem Eintritt und zieht entsprechend viele Menschen an. Auch hier wieder grandiose manuelistische Pfeilerlandschaften und die Gr\u00e4ber vom Schriftsteller Luis de Cam\u00f5es und Vasco da Gama, Entdecker des Seewegs nach Indien.<\/p>\n\n\n\n<figure class=\"wp-block-image\"><img loading=\"lazy\" decoding=\"async\" width=\"1024\" height=\"1024\" src=\"https:\/\/gothein.de\/reiseblog\/wp-content\/uploads\/2024\/04\/20240416_0904159104316504704526186-1024x1024.jpg\" alt=\"\" class=\"wp-image-5790\" srcset=\"https:\/\/gothein.de\/reiseblog\/wp-content\/uploads\/2024\/04\/20240416_0904159104316504704526186-1024x1024.jpg 1024w, https:\/\/gothein.de\/reiseblog\/wp-content\/uploads\/2024\/04\/20240416_0904159104316504704526186-300x300.jpg 300w, https:\/\/gothein.de\/reiseblog\/wp-content\/uploads\/2024\/04\/20240416_0904159104316504704526186-150x150.jpg 150w, https:\/\/gothein.de\/reiseblog\/wp-content\/uploads\/2024\/04\/20240416_0904159104316504704526186-768x768.jpg 768w, https:\/\/gothein.de\/reiseblog\/wp-content\/uploads\/2024\/04\/20240416_0904159104316504704526186-1536x1536.jpg 1536w, https:\/\/gothein.de\/reiseblog\/wp-content\/uploads\/2024\/04\/20240416_0904159104316504704526186-60x60.jpg 60w, https:\/\/gothein.de\/reiseblog\/wp-content\/uploads\/2024\/04\/20240416_0904159104316504704526186.jpg 2000w\" sizes=\"auto, (max-width: 1024px) 100vw, 1024px\" \/><\/figure>\n\n\n\n<p>Danach machen wir uns in Etappen auf den R\u00fcckweg. Erst einmal stellen uns an der Haltestelle in die n\u00e4chste Schlange und fahren mit dem erstbesten Bus bis etwa zur Br\u00fccke. Dort, fast unter der Br\u00fccke, gibt es einen ehemaligen Industriebereich. Der wird LX Factory genannt und wurde durch kleine, moderne, innovative L\u00e4den, einem Buchladen und Caf\u00e9s zumindest auf Erdgeschossebene in Beschlag genommen.<\/p>\n\n\n\n<p>Dem Verfall, der in den oberen Etagen noch weiter zu sehen ist, wird so entgegengewirkt. Sonst gibt es einige Wandgem\u00e4lde, die d\u00fcstere graue W\u00e4nde versch\u00f6nern und an der Wand eines Hostels entdecken wir diesmal eine Biene von Bordalo II.<\/p>\n\n\n\n<figure class=\"wp-block-image\"><img loading=\"lazy\" decoding=\"async\" width=\"1024\" height=\"1024\" src=\"https:\/\/gothein.de\/reiseblog\/wp-content\/uploads\/2024\/04\/20240416_0900396829296016574297396-1024x1024.jpg\" alt=\"\" class=\"wp-image-5793\" srcset=\"https:\/\/gothein.de\/reiseblog\/wp-content\/uploads\/2024\/04\/20240416_0900396829296016574297396-1024x1024.jpg 1024w, https:\/\/gothein.de\/reiseblog\/wp-content\/uploads\/2024\/04\/20240416_0900396829296016574297396-300x300.jpg 300w, https:\/\/gothein.de\/reiseblog\/wp-content\/uploads\/2024\/04\/20240416_0900396829296016574297396-150x150.jpg 150w, https:\/\/gothein.de\/reiseblog\/wp-content\/uploads\/2024\/04\/20240416_0900396829296016574297396-768x768.jpg 768w, https:\/\/gothein.de\/reiseblog\/wp-content\/uploads\/2024\/04\/20240416_0900396829296016574297396-1536x1536.jpg 1536w, https:\/\/gothein.de\/reiseblog\/wp-content\/uploads\/2024\/04\/20240416_0900396829296016574297396-60x60.jpg 60w, https:\/\/gothein.de\/reiseblog\/wp-content\/uploads\/2024\/04\/20240416_0900396829296016574297396.jpg 2000w\" sizes=\"auto, (max-width: 1024px) 100vw, 1024px\" \/><\/figure>\n\n\n\n<p>An der n\u00e4chsten Haltestelle gibt es keine Schlange, daf\u00fcr kommt die angek\u00fcndigte Stra\u00dfenbahn nicht und auch keine Busse. W\u00e4hrend wir fast eine halbe Stunde warten, fliegen im 3 Minutentakt landende Flugzeuge \u00fcber unsere K\u00f6pfe. Diese Gegend ist dem Flugl\u00e4rm schon deutlich heftiger ausgesetzt. Unser n\u00e4chstes Ziel h\u00e4tten wir in den 30 Minuten auch zu Fu\u00df erreicht. Mich hat das Jagdfieber gepackt und ich finde den n\u00e4chsten Bordalo II, einen Fuchs.<\/p>\n\n\n\n<p>Von dort ersparen wir uns die \u00f6ffentlichen Verkehrsmittel und laufen die letzten 2 Kilometer zum Appartement an Markt und Pink-Street vorbei und kommen durch den oberen Teil von Baixa. <\/p>\n\n\n\n<p>Insgesamt haben wir 23 km bew\u00e4ltigt, aber etwa die H\u00e4lfte davon mit Bahn oder Bus.<\/p>\n\n\n\n        <div id=\"map_ol3js_1\"\n             class=\"map undefined\"\n             data-map_name=\"undefined\"\n             data-map=\"map_ol3js_1\"\n             style=\"width:100%;\n                    max-width:100%;\n                    height:450px;\n                    display:block;\n                    overflow:hidden;\n                    border:2px solid grey;\">\n          <div id=\"map_ol3js_1_popup\" class=\"ol-popup\">\n            <a href=\"#\" id=\"map_ol3js_1_popup-closer\" class=\"ol-popup-closer\"><\/a>\n            <div id=\"map_ol3js_1_popup-content\"><\/div>\n          <\/div>\n        <\/div>\n    \n\n\t\t\t\t<script type=\"text\/javascript\">\n\t\t\t\t\ttranslations['openlayer'] = \"open layer\";\n\t\t\t\t\ttranslations['openlayerAtStartup'] = \"open layer at startup\";\n\t\t\t\t\ttranslations['generateLink'] = \"Der Link zur Karte mit ausgew\u00e4hlten Overlays und angezeigtem Ausschnitt\";\n\t\t\t\t\ttranslations['shortDescription'] = \"Kurzbeschreibung\";\n\t\t\t\t\ttranslations['generatedShortCode'] = \"to get a text control link paste this code in your wordpress editor\";\n\t\t\t\t\ttranslations['closeLayer'] = \"close layer\";\n\t\t\t\t\ttranslations['cantGenerateLink'] = \"put this string in the existing map short code to control this map\";\n\t\t\t  <\/script>\n\n\n\t\t\t  <script type=\"text\/javascript\">\n\t\t\t  vectorM['map_ol3js_1'] = [];\n\t        \n        var raster = getTileLayer(\"osm\",\"NoKey\");\t\t\t\n\n\t\t\t  var map_ol3js_1 = new ol.Map({\n\t\t\t\tinteractions: ol.interaction.defaults.defaults({mouseWheelZoom:false}),\n\t\t\t\tlayers: [raster],\n\t\t\t\ttarget: \"map_ol3js_1\",\n\t\t\t\tview: new ol.View({\n\t\t\t\t  center: ol.proj.transform([-9.176816,38.701532], \"EPSG:4326\", \"EPSG:3857\"),\n\t\t\t\t  zoom: 12.670798\n\t\t\t\t})\n\t\t\t  });\n\t\t\t  \n    var style0 = {\n      \"Point\": [new ol.style.Style({\n\n          image: new ol.style.Icon({\n            anchor: [0.5, 41],\n            anchorXUnits: \"fraction\",\n            anchorYUnits: \"pixels\",\n            opacity: 0.75,\n            src: \"https:\/\/gothein.de\/reiseblog\/wp-content\/plugins\/osm\/icons\/mic_blue_pinother_02.png\"\n          })\n      })],\n\n      \"LineString\": [new ol.style.Style({\n        stroke: new ol.style.Stroke({\n          color: \"blue\",\n          width: 8\n        })\n      })],\n      \"MultiLineString\": [new ol.style.Style({\n        stroke: new ol.style.Stroke({\n          color: \"blue\",\n          width: 4\n        })\n      })]\n    };\n\t\t  var vectorL0 = new ol.layer.Vector({\n\t\t\t\tsource: new ol.source.Vector({\n\t\t\t\turl:\"\/reiseblog\/wp-content\/uploads\/gpx\/20240414_Belem.gpx\",\n\t\t\t\tformat: new ol.format.GPX({\n\t\t\t\t\textractStyles: false\n\t\t\t\t})\n\t\t\t}),\n\t\t\tzIndex: 92,\n\t\t\tstyle: function(feature, resolution) {return style0[feature.getGeometry().getType()];}\n\t\t  });\n\t\t  map_ol3js_1.addLayer(vectorL0);addControls2Map(map_ol3js_1,0,0,3,1,5,6,7,0,1);\nosm_addPopupClickhandler(map_ol3js_1,  \"map_ol3js_1\"); \nosm_addMouseHover(map_ol3js_1); <\/script>\n","protected":false},"excerpt":{"rendered":"<p>Es ist Sonntag und unsere Annahme war, dass es angesichts der vielen Touristen kaum einen Unterschied macht, ob wir heute oder an einem anderen Tag nach Belem fahren. An unserer Unterkunft f\u00e4hrt die Stra\u00dfenbahn 15e vorbei und unten am Platz Comercio hat sich bereits eine l\u00e4ngere Schlange f\u00fcr den Einstieg gebildet. Wir haben unser Metro [&hellip;]<\/p>\n","protected":false},"author":1,"featured_media":0,"comment_status":"open","ping_status":"open","sticky":false,"template":"","format":"standard","meta":{"ngg_post_thumbnail":0,"_jetpack_memberships_contains_paid_content":false,"footnotes":""},"categories":[1],"tags":[],"class_list":["post-5794","post","type-post","status-publish","format-standard","hentry","category-allgemein"],"jetpack_featured_media_url":"","jetpack_sharing_enabled":true,"_links":{"self":[{"href":"https:\/\/gothein.de\/reiseblog\/wp-json\/wp\/v2\/posts\/5794","targetHints":{"allow":["GET"]}}],"collection":[{"href":"https:\/\/gothein.de\/reiseblog\/wp-json\/wp\/v2\/posts"}],"about":[{"href":"https:\/\/gothein.de\/reiseblog\/wp-json\/wp\/v2\/types\/post"}],"author":[{"embeddable":true,"href":"https:\/\/gothein.de\/reiseblog\/wp-json\/wp\/v2\/users\/1"}],"replies":[{"embeddable":true,"href":"https:\/\/gothein.de\/reiseblog\/wp-json\/wp\/v2\/comments?post=5794"}],"version-history":[{"count":0,"href":"https:\/\/gothein.de\/reiseblog\/wp-json\/wp\/v2\/posts\/5794\/revisions"}],"wp:attachment":[{"href":"https:\/\/gothein.de\/reiseblog\/wp-json\/wp\/v2\/media?parent=5794"}],"wp:term":[{"taxonomy":"category","embeddable":true,"href":"https:\/\/gothein.de\/reiseblog\/wp-json\/wp\/v2\/categories?post=5794"},{"taxonomy":"post_tag","embeddable":true,"href":"https:\/\/gothein.de\/reiseblog\/wp-json\/wp\/v2\/tags?post=5794"}],"curies":[{"name":"wp","href":"https:\/\/api.w.org\/{rel}","templated":true}]}}