

{"id":5763,"date":"2024-04-12T21:22:33","date_gmt":"2024-04-12T19:22:33","guid":{"rendered":"https:\/\/gothein.de\/reiseblog\/?p=5763"},"modified":"2024-04-19T12:38:58","modified_gmt":"2024-04-19T10:38:58","slug":"von-coimbra-nach-lissabon","status":"publish","type":"post","link":"https:\/\/gothein.de\/reiseblog\/2024\/04\/12\/von-coimbra-nach-lissabon\/","title":{"rendered":"Von Coimbra nach Lissabon"},"content":{"rendered":"\n<p>F\u00fcr eine Nacht bleiben wir im Hotel Oslo beim Bahnhof, was wir schon zuvor in Erw\u00e4gung gezogen hatten. Die Zimmer sind sehr beengt, aber das Fr\u00fchst\u00fcck ist sehr gut. Da unser Zug erst um 11:35 f\u00e4hrt, nutzen wir den Vormittag, um die alte Kathedrale auch noch einmal von innen zu betrachten und sehen den Kreuzgang diesmal von unten. Die Kathedrale selbst enth\u00e4lt viele Gem\u00e4lde und neben einem Goldaltar auch eine Kapelle mit kunstvollen Steinstatuen, 10 J\u00fcngern, Evangelisten, Jungfrau und ihr Sohn. Auch die heilig gesprochene K\u00f6nigin Isabel hat als Patronin hier ein Gem\u00e4lde bekommen und der Chef-Inquisitor hat auch viele Gutes f\u00fcr diese Kirche getan. <\/p>\n\n\n\n<p>Auf dem Weg hoch zur Kathedrale ist ein Denkmal f\u00fcr eine Fado-S\u00e4ngerin aufgestellt und auf dem Weg zur\u00fcck entdecken wir, dass Schleich jetzt auch alle Propanten aus Harry-Potter-Filmen als Spielfiguren anbietet.<\/p>\n\n\n\n<figure class=\"wp-block-image size-large\"><img loading=\"lazy\" decoding=\"async\" width=\"1024\" height=\"1024\" src=\"https:\/\/gothein.de\/reiseblog\/wp-content\/uploads\/2024\/04\/20240412_1932226212890707972270796-1024x1024.jpg\" alt=\"\" class=\"wp-image-5765\" srcset=\"https:\/\/gothein.de\/reiseblog\/wp-content\/uploads\/2024\/04\/20240412_1932226212890707972270796-1024x1024.jpg 1024w, https:\/\/gothein.de\/reiseblog\/wp-content\/uploads\/2024\/04\/20240412_1932226212890707972270796-300x300.jpg 300w, https:\/\/gothein.de\/reiseblog\/wp-content\/uploads\/2024\/04\/20240412_1932226212890707972270796-150x150.jpg 150w, https:\/\/gothein.de\/reiseblog\/wp-content\/uploads\/2024\/04\/20240412_1932226212890707972270796-768x768.jpg 768w, https:\/\/gothein.de\/reiseblog\/wp-content\/uploads\/2024\/04\/20240412_1932226212890707972270796-1536x1536.jpg 1536w, https:\/\/gothein.de\/reiseblog\/wp-content\/uploads\/2024\/04\/20240412_1932226212890707972270796-60x60.jpg 60w, https:\/\/gothein.de\/reiseblog\/wp-content\/uploads\/2024\/04\/20240412_1932226212890707972270796.jpg 2000w\" sizes=\"auto, (max-width: 1024px) 100vw, 1024px\" \/><\/figure>\n\n\n\n<p>Zun\u00e4chst geht die Regionalbahn nach Coimbra B und mit 6 Minuten Versp\u00e4tung mit dem IC in 2 Stunden bis Lissabon Santa Apolonia. Dort sind es noch 2 Stationen mit der Metro und weitere 5 MInuten zu Fu\u00df. Kurz nach 14:30 beziehen wir das diesmal sehr sch\u00f6ne gro\u00dfz\u00fcgige Appartement, neu renoviert, l\u00e4rmisoliert mit Aussicht und Balkon. <\/p>\n\n\n\n<p>Bei einem ersten Rundgang \u00fcber knapp 5 km kommen wir zun\u00e4chst an den zentralen Praco do Com\u00e9rcio, sehen in der Ferne Br\u00fccke und Jesus-Statue. Wir finden die umgebauten Markthallen und die Barockkirche Sao Paolo mit einem interessanten perspektivischen Freskengem\u00e4lde \u00fcber die ganze Decke. <\/p>\n\n\n\n<p>Die Suche nach einem Supermarkt erweist sich als schwierig. Zuletzt finden wir einen kleinen in unserer N\u00e4he. Oft sind es eigentlich Souvenirshops mit Getr\u00e4nke- und Fr\u00fcchteangebot.<\/p>\n\n\n\n<figure class=\"wp-block-image size-large\"><img loading=\"lazy\" decoding=\"async\" width=\"1024\" height=\"1024\" src=\"https:\/\/gothein.de\/reiseblog\/wp-content\/uploads\/2024\/04\/image_editor_output_image-1774353887-17130006420576743380739013050194-1024x1024.jpg\" alt=\"\" class=\"wp-image-5772\" srcset=\"https:\/\/gothein.de\/reiseblog\/wp-content\/uploads\/2024\/04\/image_editor_output_image-1774353887-17130006420576743380739013050194-1024x1024.jpg 1024w, https:\/\/gothein.de\/reiseblog\/wp-content\/uploads\/2024\/04\/image_editor_output_image-1774353887-17130006420576743380739013050194-300x300.jpg 300w, https:\/\/gothein.de\/reiseblog\/wp-content\/uploads\/2024\/04\/image_editor_output_image-1774353887-17130006420576743380739013050194-150x150.jpg 150w, https:\/\/gothein.de\/reiseblog\/wp-content\/uploads\/2024\/04\/image_editor_output_image-1774353887-17130006420576743380739013050194-768x768.jpg 768w, https:\/\/gothein.de\/reiseblog\/wp-content\/uploads\/2024\/04\/image_editor_output_image-1774353887-17130006420576743380739013050194-1536x1536.jpg 1536w, https:\/\/gothein.de\/reiseblog\/wp-content\/uploads\/2024\/04\/image_editor_output_image-1774353887-17130006420576743380739013050194-60x60.jpg 60w, https:\/\/gothein.de\/reiseblog\/wp-content\/uploads\/2024\/04\/image_editor_output_image-1774353887-17130006420576743380739013050194.jpg 2000w\" sizes=\"auto, (max-width: 1024px) 100vw, 1024px\" \/><\/figure>\n\n\n\n<p>Auf der Suche finden wir den Lift zur Aussichtsplattform und auf dem Pra\u00e7a Dom Pedro IV suggerieren die Pflastersteine Wellen. Die vollbesetzte Stra\u00dfenbahn 28 f\u00e4hrt im Stau mit. Da sie durch die ganze Stadt f\u00e4hrt, ist sie bei Touristen sehr begehrt.<\/p>\n\n\n\n<figure class=\"wp-block-image size-large\"><img loading=\"lazy\" decoding=\"async\" width=\"1024\" height=\"1024\" src=\"https:\/\/gothein.de\/reiseblog\/wp-content\/uploads\/2024\/04\/20240412_1936101003456072186397875-1024x1024.jpg\" alt=\"\" class=\"wp-image-5770\" srcset=\"https:\/\/gothein.de\/reiseblog\/wp-content\/uploads\/2024\/04\/20240412_1936101003456072186397875-1024x1024.jpg 1024w, https:\/\/gothein.de\/reiseblog\/wp-content\/uploads\/2024\/04\/20240412_1936101003456072186397875-300x300.jpg 300w, https:\/\/gothein.de\/reiseblog\/wp-content\/uploads\/2024\/04\/20240412_1936101003456072186397875-150x150.jpg 150w, https:\/\/gothein.de\/reiseblog\/wp-content\/uploads\/2024\/04\/20240412_1936101003456072186397875-768x768.jpg 768w, https:\/\/gothein.de\/reiseblog\/wp-content\/uploads\/2024\/04\/20240412_1936101003456072186397875-1536x1536.jpg 1536w, https:\/\/gothein.de\/reiseblog\/wp-content\/uploads\/2024\/04\/20240412_1936101003456072186397875-60x60.jpg 60w, https:\/\/gothein.de\/reiseblog\/wp-content\/uploads\/2024\/04\/20240412_1936101003456072186397875.jpg 2000w\" sizes=\"auto, (max-width: 1024px) 100vw, 1024px\" \/><\/figure>\n\n\n\n<p>Es ist heute sehr hei\u00df und die Kleidung sommerlich. Das Appartement ist schon richtig warm geworden und mit sanft einsetzendem Abendwind k\u00f6nnen wir ein bisschen mit Luft k\u00fchlen. Das Essensangebot in unserer Umgebung ist riesig. Geht man durch die meist breiten Einkaufs-\/Prachtstra\u00dfen, wird man vor jedem Restaurant angesprochen. Wir folgen einer Empfehlung um die n\u00e4chste Ecke mit ganz gro\u00dfartigem Garnelenrisotto.<\/p>\n\n\n\n        <div id=\"map_ol3js_1\"\n             class=\"map undefined\"\n             data-map_name=\"undefined\"\n             data-map=\"map_ol3js_1\"\n             style=\"width:100%;\n                    max-width:100%;\n                    height:450px;\n                    display:block;\n                    overflow:hidden;\n                    border:2px solid grey;\">\n          <div id=\"map_ol3js_1_popup\" class=\"ol-popup\">\n            <a href=\"#\" id=\"map_ol3js_1_popup-closer\" class=\"ol-popup-closer\"><\/a>\n            <div id=\"map_ol3js_1_popup-content\"><\/div>\n          <\/div>\n        <\/div>\n    \n\n\t\t\t\t<script type=\"text\/javascript\">\n\t\t\t\t\ttranslations['openlayer'] = \"open layer\";\n\t\t\t\t\ttranslations['openlayerAtStartup'] = \"open layer at startup\";\n\t\t\t\t\ttranslations['generateLink'] = \"Der Link zur Karte mit ausgew\u00e4hlten Overlays und angezeigtem Ausschnitt\";\n\t\t\t\t\ttranslations['shortDescription'] = \"Kurzbeschreibung\";\n\t\t\t\t\ttranslations['generatedShortCode'] = \"to get a text control link paste this code in your wordpress editor\";\n\t\t\t\t\ttranslations['closeLayer'] = \"close layer\";\n\t\t\t\t\ttranslations['cantGenerateLink'] = \"put this string in the existing map short code to control this map\";\n\t\t\t  <\/script>\n\n\n\t\t\t  <script type=\"text\/javascript\">\n\t\t\t  vectorM['map_ol3js_1'] = [];\n\t        \n        var raster = getTileLayer(\"osm\",\"NoKey\");\t\t\t\n\n\t\t\t  var map_ol3js_1 = new ol.Map({\n\t\t\t\tinteractions: ol.interaction.defaults.defaults({mouseWheelZoom:false}),\n\t\t\t\tlayers: [raster],\n\t\t\t\ttarget: \"map_ol3js_1\",\n\t\t\t\tview: new ol.View({\n\t\t\t\t  center: ol.proj.transform([-9.140978,38.709419], \"EPSG:4326\", \"EPSG:3857\"),\n\t\t\t\t  zoom: 15.278225\n\t\t\t\t})\n\t\t\t  });\n\t\t\t  \n    var style0 = {\n      \"Point\": [new ol.style.Style({\n\n          image: new ol.style.Icon({\n            anchor: [0.5, 41],\n            anchorXUnits: \"fraction\",\n            anchorYUnits: \"pixels\",\n            opacity: 0.75,\n            src: \"https:\/\/gothein.de\/reiseblog\/wp-content\/plugins\/osm\/icons\/mic_blue_pinother_02.png\"\n          })\n      })],\n\n      \"LineString\": [new ol.style.Style({\n        stroke: new ol.style.Stroke({\n          color: \"blue\",\n          width: 8\n        })\n      })],\n      \"MultiLineString\": [new ol.style.Style({\n        stroke: new ol.style.Stroke({\n          color: \"blue\",\n          width: 4\n        })\n      })]\n    };\n\t\t  var vectorL0 = new ol.layer.Vector({\n\t\t\t\tsource: new ol.source.Vector({\n\t\t\t\turl:\"\/reiseblog\/wp-content\/uploads\/gpx\/20240412_Lissabon.gpx\",\n\t\t\t\tformat: new ol.format.GPX({\n\t\t\t\t\textractStyles: false\n\t\t\t\t})\n\t\t\t}),\n\t\t\tzIndex: 92,\n\t\t\tstyle: function(feature, resolution) {return style0[feature.getGeometry().getType()];}\n\t\t  });\n\t\t  map_ol3js_1.addLayer(vectorL0);addControls2Map(map_ol3js_1,0,0,3,1,5,6,7,0,1);\nosm_addPopupClickhandler(map_ol3js_1,  \"map_ol3js_1\"); \nosm_addMouseHover(map_ol3js_1); <\/script>\n","protected":false},"excerpt":{"rendered":"<p>F\u00fcr eine Nacht bleiben wir im Hotel Oslo beim Bahnhof, was wir schon zuvor in Erw\u00e4gung gezogen hatten. Die Zimmer sind sehr beengt, aber das Fr\u00fchst\u00fcck ist sehr gut. Da unser Zug erst um 11:35 f\u00e4hrt, nutzen wir den Vormittag, um die alte Kathedrale auch noch einmal von innen zu betrachten und sehen den Kreuzgang [&hellip;]<\/p>\n","protected":false},"author":1,"featured_media":0,"comment_status":"open","ping_status":"open","sticky":false,"template":"","format":"standard","meta":{"ngg_post_thumbnail":0,"_jetpack_memberships_contains_paid_content":false,"footnotes":""},"categories":[1],"tags":[263,272,261],"class_list":["post-5763","post","type-post","status-publish","format-standard","hentry","category-allgemein","tag-coimbra","tag-lissabon","tag-portugal"],"jetpack_featured_media_url":"","jetpack_sharing_enabled":true,"_links":{"self":[{"href":"https:\/\/gothein.de\/reiseblog\/wp-json\/wp\/v2\/posts\/5763","targetHints":{"allow":["GET"]}}],"collection":[{"href":"https:\/\/gothein.de\/reiseblog\/wp-json\/wp\/v2\/posts"}],"about":[{"href":"https:\/\/gothein.de\/reiseblog\/wp-json\/wp\/v2\/types\/post"}],"author":[{"embeddable":true,"href":"https:\/\/gothein.de\/reiseblog\/wp-json\/wp\/v2\/users\/1"}],"replies":[{"embeddable":true,"href":"https:\/\/gothein.de\/reiseblog\/wp-json\/wp\/v2\/comments?post=5763"}],"version-history":[{"count":0,"href":"https:\/\/gothein.de\/reiseblog\/wp-json\/wp\/v2\/posts\/5763\/revisions"}],"wp:attachment":[{"href":"https:\/\/gothein.de\/reiseblog\/wp-json\/wp\/v2\/media?parent=5763"}],"wp:term":[{"taxonomy":"category","embeddable":true,"href":"https:\/\/gothein.de\/reiseblog\/wp-json\/wp\/v2\/categories?post=5763"},{"taxonomy":"post_tag","embeddable":true,"href":"https:\/\/gothein.de\/reiseblog\/wp-json\/wp\/v2\/tags?post=5763"}],"curies":[{"name":"wp","href":"https:\/\/api.w.org\/{rel}","templated":true}]}}