

{"id":5758,"date":"2024-04-11T22:42:51","date_gmt":"2024-04-11T20:42:51","guid":{"rendered":"https:\/\/gothein.de\/reiseblog\/?p=5758"},"modified":"2024-04-12T00:03:59","modified_gmt":"2024-04-11T22:03:59","slug":"von-obidos-nach-coimbra","status":"publish","type":"post","link":"https:\/\/gothein.de\/reiseblog\/2024\/04\/11\/von-obidos-nach-coimbra\/","title":{"rendered":"Von \u00d3bidos nach Coimbra"},"content":{"rendered":"\n<p>Nachdem ich nach dem Fr\u00fchst\u00fccken noch den Beitrag von gestern geschrieben habe, sind wir in unser Auto, was diesmal direkt vor der T\u00fcr geparkt war, wieder Richtung Norden gefahren. Die Orte Fatima und Tomar haben wir auf unserer Fahrt nach S\u00fcden ausgelassen. Eigentlich war die Idee den Wagen in Lissabon abzugeben, aber f\u00fcr One Way werden zus\u00e4tzliche 150\u20ac f\u00e4llig. Wir beschlie\u00dfen, das Auto wieder in Coimbra abzugeben und auf dem Weg liegen die beiden Orte.<\/p>\n\n\n\n<figure class=\"wp-block-image size-large\"><img loading=\"lazy\" decoding=\"async\" width=\"1024\" height=\"1024\" src=\"https:\/\/gothein.de\/reiseblog\/wp-content\/uploads\/2024\/04\/20240411_2106054872139285843099148-1024x1024.jpg\" alt=\"\" class=\"wp-image-5753\" srcset=\"https:\/\/gothein.de\/reiseblog\/wp-content\/uploads\/2024\/04\/20240411_2106054872139285843099148-1024x1024.jpg 1024w, https:\/\/gothein.de\/reiseblog\/wp-content\/uploads\/2024\/04\/20240411_2106054872139285843099148-300x300.jpg 300w, https:\/\/gothein.de\/reiseblog\/wp-content\/uploads\/2024\/04\/20240411_2106054872139285843099148-150x150.jpg 150w, https:\/\/gothein.de\/reiseblog\/wp-content\/uploads\/2024\/04\/20240411_2106054872139285843099148-768x768.jpg 768w, https:\/\/gothein.de\/reiseblog\/wp-content\/uploads\/2024\/04\/20240411_2106054872139285843099148-1536x1536.jpg 1536w, https:\/\/gothein.de\/reiseblog\/wp-content\/uploads\/2024\/04\/20240411_2106054872139285843099148-60x60.jpg 60w, https:\/\/gothein.de\/reiseblog\/wp-content\/uploads\/2024\/04\/20240411_2106054872139285843099148.jpg 2000w\" sizes=\"auto, (max-width: 1024px) 100vw, 1024px\" \/><\/figure>\n\n\n\n<p>Fatima ist in verschiedener Hinsicht faszinierend. Nachdem drei Hirtenkinder eine Marienerscheinung hatten, ist hier in den letzten gut 100 Jahren eine monumentale Industrie entstanden, die alle Gr\u00f6\u00dfenordnungen sprengt. Eine der gr\u00f6\u00dften Kirchen mit Fassungsverm\u00f6gen f\u00fcr 9.000 Menschen, auf dem Platz zwischen den Kirchen Platz f\u00fcr 250.000 Menschen, am Tag der Er\u00f6ffnung der neuen Kirche 500.000 Menschen. <\/p>\n\n\n\n<figure class=\"wp-block-image\"><img loading=\"lazy\" decoding=\"async\" width=\"1024\" height=\"1024\" src=\"https:\/\/gothein.de\/reiseblog\/wp-content\/uploads\/2024\/04\/20240411_2137215646569597668344654-1024x1024.jpg\" alt=\"\" class=\"wp-image-5754\" srcset=\"https:\/\/gothein.de\/reiseblog\/wp-content\/uploads\/2024\/04\/20240411_2137215646569597668344654-1024x1024.jpg 1024w, https:\/\/gothein.de\/reiseblog\/wp-content\/uploads\/2024\/04\/20240411_2137215646569597668344654-300x300.jpg 300w, https:\/\/gothein.de\/reiseblog\/wp-content\/uploads\/2024\/04\/20240411_2137215646569597668344654-150x150.jpg 150w, https:\/\/gothein.de\/reiseblog\/wp-content\/uploads\/2024\/04\/20240411_2137215646569597668344654-768x768.jpg 768w, https:\/\/gothein.de\/reiseblog\/wp-content\/uploads\/2024\/04\/20240411_2137215646569597668344654-1536x1536.jpg 1536w, https:\/\/gothein.de\/reiseblog\/wp-content\/uploads\/2024\/04\/20240411_2137215646569597668344654-60x60.jpg 60w, https:\/\/gothein.de\/reiseblog\/wp-content\/uploads\/2024\/04\/20240411_2137215646569597668344654.jpg 2000w\" sizes=\"auto, (max-width: 1024px) 100vw, 1024px\" \/><\/figure>\n\n\n\n<p>Die Gr\u00e4ber der Hirtenkinder sind in der Basilika (der etwas \u00e4lteren Kirche) und bei der Erscheinungskapelle (der ersten Kirche) ist die Stelle der \u201eurspr\u00fcnglichen\u201c Erscheinung mit einer Marienfigur im gesch\u00fctzten Glaskasten markiert. Ein Pfad f\u00fcr B\u00fc\u00dfer, der auf den Knien (meist mit Kniesch\u00fctzern) begangen wird, eine Verbrennungsanlage f\u00fcr Wachs und Kerzen, die um die Ecke preiswert in allen Gr\u00f6\u00dfen gekauft werden k\u00f6nnen.<\/p>\n\n\n\n<p>Etwas au\u00dferhalb finden sich dann weitere Souvenirl\u00e4den; dabei sticht ein ganz besonderer Kreuzgang hervor, in dem sicher an die 100 Kleinstgesch\u00e4fte sind, die alle das Gleiche haben. Heiligenfiguren, Marienfiguren, Wachskerzen und besonders interessant Wachsk\u00f6rperteile, Beine, Arme, K\u00f6pfe, die man wohl im Feuer opfern kann. Da es leider keinen R\u00fccken gab und ich der Sache ohnehin etwas skeptisch gegen\u00fcberstand, habe ich f\u00fcr heute auf Opfergaben verzichtet.<\/p>\n\n\n\n<p>Von Fatima geht es weiter nach Tomar. Auch die Sehensw\u00fcrdigkeiten dort sind monumental. Das Templer-Kastell und das angebaute Christuskonvent sind ein riesiges Areal. Ein als Templerritter Verkleideter weist uns den Weg in die Ruine der Templerburg. Die wesentliche Information, dass der Eingang zum Christuskonvent auf die Nord-Seite verlegt ist (also einmal au\u00dfen rum), erschlie\u00dft sich uns sukzessive nach Studium nicht ganz eindeutiger Wegweiser.<\/p>\n\n\n\n<figure class=\"wp-block-image\"><img loading=\"lazy\" decoding=\"async\" width=\"1024\" height=\"1024\" src=\"https:\/\/gothein.de\/reiseblog\/wp-content\/uploads\/2024\/04\/20240411_2011404293239553413516425-1024x1024.jpg\" alt=\"\" class=\"wp-image-5756\" srcset=\"https:\/\/gothein.de\/reiseblog\/wp-content\/uploads\/2024\/04\/20240411_2011404293239553413516425-1024x1024.jpg 1024w, https:\/\/gothein.de\/reiseblog\/wp-content\/uploads\/2024\/04\/20240411_2011404293239553413516425-300x300.jpg 300w, https:\/\/gothein.de\/reiseblog\/wp-content\/uploads\/2024\/04\/20240411_2011404293239553413516425-150x150.jpg 150w, https:\/\/gothein.de\/reiseblog\/wp-content\/uploads\/2024\/04\/20240411_2011404293239553413516425-768x768.jpg 768w, https:\/\/gothein.de\/reiseblog\/wp-content\/uploads\/2024\/04\/20240411_2011404293239553413516425-1536x1536.jpg 1536w, https:\/\/gothein.de\/reiseblog\/wp-content\/uploads\/2024\/04\/20240411_2011404293239553413516425-60x60.jpg 60w, https:\/\/gothein.de\/reiseblog\/wp-content\/uploads\/2024\/04\/20240411_2011404293239553413516425.jpg 2000w\" sizes=\"auto, (max-width: 1024px) 100vw, 1024px\" \/><\/figure>\n\n\n\n<p>Nachdem die Templer vernichtet wurden, gab es in Portugal mit dem Christusorden einen Neuanfang. Das Konvent und Kloster sprengt in Gr\u00f6\u00dfe und Pr\u00e4chtigkeit alles bisher Gesehene. Es gibt nicht nur einen oder zwei Kreuzg\u00e4nge, sondern ein ganzes Labyrinth davon. Insgesamt sind es acht, aber wei\u00df nie so ganz genau, wo man sich nun wieder befindet.<\/p>\n\n\n\n<figure class=\"wp-block-image\"><img loading=\"lazy\" decoding=\"async\" width=\"1024\" height=\"1024\" src=\"https:\/\/gothein.de\/reiseblog\/wp-content\/uploads\/2024\/04\/20240411_2006408209573381231240089-1024x1024.jpg\" alt=\"\" class=\"wp-image-5755\" srcset=\"https:\/\/gothein.de\/reiseblog\/wp-content\/uploads\/2024\/04\/20240411_2006408209573381231240089-1024x1024.jpg 1024w, https:\/\/gothein.de\/reiseblog\/wp-content\/uploads\/2024\/04\/20240411_2006408209573381231240089-300x300.jpg 300w, https:\/\/gothein.de\/reiseblog\/wp-content\/uploads\/2024\/04\/20240411_2006408209573381231240089-150x150.jpg 150w, https:\/\/gothein.de\/reiseblog\/wp-content\/uploads\/2024\/04\/20240411_2006408209573381231240089-768x768.jpg 768w, https:\/\/gothein.de\/reiseblog\/wp-content\/uploads\/2024\/04\/20240411_2006408209573381231240089-1536x1536.jpg 1536w, https:\/\/gothein.de\/reiseblog\/wp-content\/uploads\/2024\/04\/20240411_2006408209573381231240089-60x60.jpg 60w, https:\/\/gothein.de\/reiseblog\/wp-content\/uploads\/2024\/04\/20240411_2006408209573381231240089.jpg 2000w\" sizes=\"auto, (max-width: 1024px) 100vw, 1024px\" \/><\/figure>\n\n\n\n<p>Das bislang selten wahrgenommene Wort Manuelinik begegnet uns hier \u00fcberall. Das Fenster mit den steinernen Verzierungen in diesem Stil der Sp\u00e4tgotik<strong> <\/strong>ist daf\u00fcr herausragendes Beispiel. Die irrsinnig langen G\u00e4nge in T-Form sind das Dormitorium der M\u00f6nche. Die zentrale Kirche ist rund und die S\u00e4ulen sind mit unz\u00e4hligen Verzierungen und ikonischen Figuren aufgebaut.<\/p>\n\n\n\n<p>Im Rundgang sind viele Bilder mit neutestamentlichen Geschichten. Auf Schildern ist zweisprachig (portugiesisch, englisch) gut erkl\u00e4rt, was zu finden ist. Wenn man alles liest und alles anschaut, dann kann man hier viel Zeit verbringen. Wir brauchen zwei Stunden und bekommen in der Klostercafeteria Kaffee und einen kleinen Snack und sind die einzigen G\u00e4ste.<\/p>\n\n\n\n<figure class=\"wp-block-image\"><img loading=\"lazy\" decoding=\"async\" width=\"1024\" height=\"1024\" src=\"https:\/\/gothein.de\/reiseblog\/wp-content\/uploads\/2024\/04\/20240411_2040438152435861666139531-1024x1024.jpg\" alt=\"\" class=\"wp-image-5757\" srcset=\"https:\/\/gothein.de\/reiseblog\/wp-content\/uploads\/2024\/04\/20240411_2040438152435861666139531-1024x1024.jpg 1024w, https:\/\/gothein.de\/reiseblog\/wp-content\/uploads\/2024\/04\/20240411_2040438152435861666139531-300x300.jpg 300w, https:\/\/gothein.de\/reiseblog\/wp-content\/uploads\/2024\/04\/20240411_2040438152435861666139531-150x150.jpg 150w, https:\/\/gothein.de\/reiseblog\/wp-content\/uploads\/2024\/04\/20240411_2040438152435861666139531-768x768.jpg 768w, https:\/\/gothein.de\/reiseblog\/wp-content\/uploads\/2024\/04\/20240411_2040438152435861666139531-1536x1536.jpg 1536w, https:\/\/gothein.de\/reiseblog\/wp-content\/uploads\/2024\/04\/20240411_2040438152435861666139531-60x60.jpg 60w, https:\/\/gothein.de\/reiseblog\/wp-content\/uploads\/2024\/04\/20240411_2040438152435861666139531.jpg 2000w\" sizes=\"auto, (max-width: 1024px) 100vw, 1024px\" \/><\/figure>\n\n\n\n<p>211 km sind heute auf der Uhr und es ist nicht so ganz erkennbar, wieviel davon in Fatima und Tomar tats\u00e4chlich zu Fu\u00df bew\u00e4ltigt worden sind. Ein paar Kilometer kommen schon zusammen. W\u00e4hrend es gestern schon warm wurde, war es heute hei\u00df mit entsprechender Intensit\u00e4t der Sonne.<\/p>\n\n\n\n        <div id=\"map_ol3js_1\"\n             class=\"map undefined\"\n             data-map_name=\"undefined\"\n             data-map=\"map_ol3js_1\"\n             style=\"width:100%;\n                    max-width:100%;\n                    height:450px;\n                    display:block;\n                    overflow:hidden;\n                    border:2px solid grey;\">\n          <div id=\"map_ol3js_1_popup\" class=\"ol-popup\">\n            <a href=\"#\" id=\"map_ol3js_1_popup-closer\" class=\"ol-popup-closer\"><\/a>\n            <div id=\"map_ol3js_1_popup-content\"><\/div>\n          <\/div>\n        <\/div>\n    \n\n\t\t\t\t<script type=\"text\/javascript\">\n\t\t\t\t\ttranslations['openlayer'] = \"open layer\";\n\t\t\t\t\ttranslations['openlayerAtStartup'] = \"open layer at startup\";\n\t\t\t\t\ttranslations['generateLink'] = \"Der Link zur Karte mit ausgew\u00e4hlten Overlays und angezeigtem Ausschnitt\";\n\t\t\t\t\ttranslations['shortDescription'] = \"Kurzbeschreibung\";\n\t\t\t\t\ttranslations['generatedShortCode'] = \"to get a text control link paste this code in your wordpress editor\";\n\t\t\t\t\ttranslations['closeLayer'] = \"close layer\";\n\t\t\t\t\ttranslations['cantGenerateLink'] = \"put this string in the existing map short code to control this map\";\n\t\t\t  <\/script>\n\n\n\t\t\t  <script type=\"text\/javascript\">\n\t\t\t  vectorM['map_ol3js_1'] = [];\n\t        \n        var raster = getTileLayer(\"osm\",\"NoKey\");\t\t\t\n\n\t\t\t  var map_ol3js_1 = new ol.Map({\n\t\t\t\tinteractions: ol.interaction.defaults.defaults({mouseWheelZoom:false}),\n\t\t\t\tlayers: [raster],\n\t\t\t\ttarget: \"map_ol3js_1\",\n\t\t\t\tview: new ol.View({\n\t\t\t\t  center: ol.proj.transform([-8.742795,39.780726], \"EPSG:4326\", \"EPSG:3857\"),\n\t\t\t\t  zoom: 8.419159\n\t\t\t\t})\n\t\t\t  });\n\t\t\t  \n    var style0 = {\n      \"Point\": [new ol.style.Style({\n\n          image: new ol.style.Icon({\n            anchor: [0.5, 41],\n            anchorXUnits: \"fraction\",\n            anchorYUnits: \"pixels\",\n            opacity: 0.75,\n            src: \"https:\/\/gothein.de\/reiseblog\/wp-content\/plugins\/osm\/icons\/mic_blue_pinother_02.png\"\n          })\n      })],\n\n      \"LineString\": [new ol.style.Style({\n        stroke: new ol.style.Stroke({\n          color: \"blue\",\n          width: 8\n        })\n      })],\n      \"MultiLineString\": [new ol.style.Style({\n        stroke: new ol.style.Stroke({\n          color: \"blue\",\n          width: 4\n        })\n      })]\n    };\n\t\t  var vectorL0 = new ol.layer.Vector({\n\t\t\t\tsource: new ol.source.Vector({\n\t\t\t\turl:\"\/reiseblog\/wp-content\/uploads\/gpx\/20240411_Obidos_Coimbra.gpx\",\n\t\t\t\tformat: new ol.format.GPX({\n\t\t\t\t\textractStyles: false\n\t\t\t\t})\n\t\t\t}),\n\t\t\tzIndex: 92,\n\t\t\tstyle: function(feature, resolution) {return style0[feature.getGeometry().getType()];}\n\t\t  });\n\t\t  map_ol3js_1.addLayer(vectorL0);addControls2Map(map_ol3js_1,0,0,3,1,5,6,7,0,1);\nosm_addPopupClickhandler(map_ol3js_1,  \"map_ol3js_1\"); \nosm_addMouseHover(map_ol3js_1); <\/script>\n","protected":false},"excerpt":{"rendered":"<p>Nachdem ich nach dem Fr\u00fchst\u00fccken noch den Beitrag von gestern geschrieben habe, sind wir in unser Auto, was diesmal direkt vor der T\u00fcr geparkt war, wieder Richtung Norden gefahren. Die Orte Fatima und Tomar haben wir auf unserer Fahrt nach S\u00fcden ausgelassen. Eigentlich war die Idee den Wagen in Lissabon abzugeben, aber f\u00fcr One Way [&hellip;]<\/p>\n","protected":false},"author":1,"featured_media":0,"comment_status":"open","ping_status":"open","sticky":false,"template":"","format":"standard","meta":{"ngg_post_thumbnail":0,"_jetpack_memberships_contains_paid_content":false,"footnotes":""},"categories":[1],"tags":[263,270,268,261,271],"class_list":["post-5758","post","type-post","status-publish","format-standard","hentry","category-allgemein","tag-coimbra","tag-fatima","tag-obidos","tag-portugal","tag-tomar"],"jetpack_featured_media_url":"","jetpack_sharing_enabled":true,"_links":{"self":[{"href":"https:\/\/gothein.de\/reiseblog\/wp-json\/wp\/v2\/posts\/5758","targetHints":{"allow":["GET"]}}],"collection":[{"href":"https:\/\/gothein.de\/reiseblog\/wp-json\/wp\/v2\/posts"}],"about":[{"href":"https:\/\/gothein.de\/reiseblog\/wp-json\/wp\/v2\/types\/post"}],"author":[{"embeddable":true,"href":"https:\/\/gothein.de\/reiseblog\/wp-json\/wp\/v2\/users\/1"}],"replies":[{"embeddable":true,"href":"https:\/\/gothein.de\/reiseblog\/wp-json\/wp\/v2\/comments?post=5758"}],"version-history":[{"count":0,"href":"https:\/\/gothein.de\/reiseblog\/wp-json\/wp\/v2\/posts\/5758\/revisions"}],"wp:attachment":[{"href":"https:\/\/gothein.de\/reiseblog\/wp-json\/wp\/v2\/media?parent=5758"}],"wp:term":[{"taxonomy":"category","embeddable":true,"href":"https:\/\/gothein.de\/reiseblog\/wp-json\/wp\/v2\/categories?post=5758"},{"taxonomy":"post_tag","embeddable":true,"href":"https:\/\/gothein.de\/reiseblog\/wp-json\/wp\/v2\/tags?post=5758"}],"curies":[{"name":"wp","href":"https:\/\/api.w.org\/{rel}","templated":true}]}}