

{"id":5735,"date":"2024-04-09T22:30:26","date_gmt":"2024-04-09T20:30:26","guid":{"rendered":"https:\/\/gothein.de\/reiseblog\/?p=5735"},"modified":"2024-04-09T23:25:44","modified_gmt":"2024-04-09T21:25:44","slug":"von-nazare-nach-obidos","status":"publish","type":"post","link":"https:\/\/gothein.de\/reiseblog\/2024\/04\/09\/von-nazare-nach-obidos\/","title":{"rendered":"Von Nazar\u00e9 nach \u00d3bidos"},"content":{"rendered":"\n<p>Nachdem unser Wagen nun zwei Tage in der hauseigenen Garage still stand, sind wir Richtung \u00d3bidos aufgebrochen. Unser erstes Ziel ist Alcoba\u00e7a, was mit seiner monumentalen Klosteranlage einen Besuch wert ist. Eingebunden in die Gr\u00fcndungsgeschichte des portugiesischen Staates, der von Alfonso I ausgerufen wurde, musste er zun\u00e4chst vom K\u00f6nig von Kastilien und dann vom Papst anerkannt werden.<\/p>\n\n\n\n<p>Die Stiftung des Klosters mit 500 qkm Land diente als \u201eGeschenk\u201c f\u00fcr den Zisterzienser Orden um ein gutes Wort beim ersten Zisterzienser Papst einzulegen. Das Kloster ist in einem hervoragenden Zustand und die einzelnen R\u00e4ume sind gut beschrieben. Die K\u00fcche wurde, nachdem man den M\u00f6nchen einmal in der Woche Fleisch zugestanden hatte, mit dem Rauchfang so ausgerichtet, dass man einen ganzen Ochsen am Spie\u00df braten konnte. <\/p>\n\n\n\n<figure class=\"wp-block-image size-large\"><img loading=\"lazy\" decoding=\"async\" width=\"1024\" height=\"1024\" src=\"https:\/\/gothein.de\/reiseblog\/wp-content\/uploads\/2024\/04\/20240409_2010334723162156849816641-1024x1024.jpg\" alt=\"\" class=\"wp-image-5734\" srcset=\"https:\/\/gothein.de\/reiseblog\/wp-content\/uploads\/2024\/04\/20240409_2010334723162156849816641-1024x1024.jpg 1024w, https:\/\/gothein.de\/reiseblog\/wp-content\/uploads\/2024\/04\/20240409_2010334723162156849816641-300x300.jpg 300w, https:\/\/gothein.de\/reiseblog\/wp-content\/uploads\/2024\/04\/20240409_2010334723162156849816641-150x150.jpg 150w, https:\/\/gothein.de\/reiseblog\/wp-content\/uploads\/2024\/04\/20240409_2010334723162156849816641-768x768.jpg 768w, https:\/\/gothein.de\/reiseblog\/wp-content\/uploads\/2024\/04\/20240409_2010334723162156849816641-1536x1536.jpg 1536w, https:\/\/gothein.de\/reiseblog\/wp-content\/uploads\/2024\/04\/20240409_2010334723162156849816641-60x60.jpg 60w, https:\/\/gothein.de\/reiseblog\/wp-content\/uploads\/2024\/04\/20240409_2010334723162156849816641.jpg 2000w\" sizes=\"auto, (max-width: 1024px) 100vw, 1024px\" \/><\/figure>\n\n\n\n<p>Direkt vom riesigen Schlafsaal der M\u00f6nche, 999 hatten hier Platz, kommt man auf der einen Seite auf einen Balkon \u00fcber dem Garten und auf der anderen Seite zum pr\u00e4chtigen Kreuzgang. Der gotische Speisesaal ist eher schmucklos und die Regel f\u00fcr die M\u00f6nche war dann auch schweigend mit Blick zur Wand zu essen. Geredet wurde beim Schweigegel\u00fcbde ohnehin nur, wenn besondere Entscheidungen anstanden, davor gab es einen eigenen Raum.<\/p>\n\n\n\n<p>Im K\u00f6nigssaal gibt es dann eine Galerie von K\u00f6nigen, in Kacheln wird die Gr\u00fcndungsgeschichte von Portugal erz\u00e4hlt und eine Allegorie von drei Figuren (Papst, Alfonso I, Bernard von Claivaux &#8211; der wichtige Zisterzienser) beim symboltr\u00e4chtigen Akt der Anerkennung.<\/p>\n\n\n\n<p>Die M\u00f6nche konnten direkt vom Schlafsaal in die Kirche hinunter. Heute ist da nur eine Scheibe und wir m\u00fcssen au\u00dfen rum, um in die Kathedrale zu kommen. Das riesige gotische Gew\u00f6lbe war aber nur f\u00fcr das Kloster gedacht, \u00d6ffentlichkeit (d.h. M\u00e4nner, Frauen durften nicht rein) konnten bei selten Gelegenheiten bis zu einer bestimmten Stelle vorr\u00fccken. Hier findet auch die Liebesgeschichte von Pedro und Ines ihr Ende, deren Gr\u00e4ber Fu\u00df an Fu\u00df, Ost-West ausgerichtet sind. Die Gr\u00e4ber sind \u00e4u\u00dferst pr\u00e4chtig und symboltr\u00e4chtig ausgestattet. Beispielsweise wird Ines Grab von ihren, von Pedro hingerichteten, \u201eM\u00f6rdern\u201c getragen.<\/p>\n\n\n\n<figure class=\"wp-block-image\"><img loading=\"lazy\" decoding=\"async\" width=\"1024\" height=\"1024\" src=\"https:\/\/gothein.de\/reiseblog\/wp-content\/uploads\/2024\/04\/20240409_200520834047544213386179-1024x1024.jpg\" alt=\"\" class=\"wp-image-5732\" srcset=\"https:\/\/gothein.de\/reiseblog\/wp-content\/uploads\/2024\/04\/20240409_200520834047544213386179-1024x1024.jpg 1024w, https:\/\/gothein.de\/reiseblog\/wp-content\/uploads\/2024\/04\/20240409_200520834047544213386179-300x300.jpg 300w, https:\/\/gothein.de\/reiseblog\/wp-content\/uploads\/2024\/04\/20240409_200520834047544213386179-150x150.jpg 150w, https:\/\/gothein.de\/reiseblog\/wp-content\/uploads\/2024\/04\/20240409_200520834047544213386179-768x768.jpg 768w, https:\/\/gothein.de\/reiseblog\/wp-content\/uploads\/2024\/04\/20240409_200520834047544213386179-1536x1536.jpg 1536w, https:\/\/gothein.de\/reiseblog\/wp-content\/uploads\/2024\/04\/20240409_200520834047544213386179-60x60.jpg 60w, https:\/\/gothein.de\/reiseblog\/wp-content\/uploads\/2024\/04\/20240409_200520834047544213386179.jpg 2000w\" sizes=\"auto, (max-width: 1024px) 100vw, 1024px\" \/><\/figure>\n\n\n\n<p>Alcoba\u00e7a hat sonst noch ein kleines Castello. Verschiedene H\u00e4user sind wieder mit Wandbemalungen verziert, interessant auch, wie sie es geschafft haben die Br\u00fccke zu bemalen. Wir genie\u00dfen Kaffee und Kuchen und fahren weiter nach Caldas da Rainha.<\/p>\n\n\n\n<p>Diese warmen Quellen der K\u00f6nigen (so der Ortsname) zeichnet sich au\u00dferdem durch ganz besondere Keramikverzierungen aus und H\u00e4user im Jugendstil aus. Weder die H\u00e4user, die das eigentliche Thermalbad im grandiosen Park ausmachen, noch vielen der kunstvoll gestalteten Stadth\u00e4user sind in erb\u00e4rmlichen Zustand. Das malerische Ensemble am See ist v\u00f6llig verfallen und auch einige H\u00e4user in der Stadt teilen das Schicksal.<\/p>\n\n\n\n<figure class=\"wp-block-image\"><img loading=\"lazy\" decoding=\"async\" width=\"1024\" height=\"1024\" src=\"https:\/\/gothein.de\/reiseblog\/wp-content\/uploads\/2024\/04\/20240409_2001396475684276606961504-1024x1024.jpg\" alt=\"\" class=\"wp-image-5733\" srcset=\"https:\/\/gothein.de\/reiseblog\/wp-content\/uploads\/2024\/04\/20240409_2001396475684276606961504-1024x1024.jpg 1024w, https:\/\/gothein.de\/reiseblog\/wp-content\/uploads\/2024\/04\/20240409_2001396475684276606961504-300x300.jpg 300w, https:\/\/gothein.de\/reiseblog\/wp-content\/uploads\/2024\/04\/20240409_2001396475684276606961504-150x150.jpg 150w, https:\/\/gothein.de\/reiseblog\/wp-content\/uploads\/2024\/04\/20240409_2001396475684276606961504-768x768.jpg 768w, https:\/\/gothein.de\/reiseblog\/wp-content\/uploads\/2024\/04\/20240409_2001396475684276606961504-1536x1536.jpg 1536w, https:\/\/gothein.de\/reiseblog\/wp-content\/uploads\/2024\/04\/20240409_2001396475684276606961504-60x60.jpg 60w, https:\/\/gothein.de\/reiseblog\/wp-content\/uploads\/2024\/04\/20240409_2001396475684276606961504.jpg 2000w\" sizes=\"auto, (max-width: 1024px) 100vw, 1024px\" \/><\/figure>\n\n\n\n<p>Der Park ist sehr bev\u00f6lkert und man findet einige sehr exotische Pflanzen.<\/p>\n\n\n\n<p>Von Caldas sind es nur noch wenige Kilometer bis nach Obidos. Unsere Spazierg\u00e4nge summieren sich auf ca. sieben flache Kilometer. Die Autofahrt von Nazar\u00e9 \u00fcber Alcoba\u00e7a, Caldas bis \u00d3bidos war etwa 46 km lang.<\/p>\n\n\n\n        <div id=\"map_ol3js_1\"\n             class=\"map undefined\"\n             data-map_name=\"undefined\"\n             data-map=\"map_ol3js_1\"\n             style=\"width:100%;\n                    max-width:100%;\n                    height:450px;\n                    display:block;\n                    overflow:hidden;\n                    border:2px solid grey;\">\n          <div id=\"map_ol3js_1_popup\" class=\"ol-popup\">\n            <a href=\"#\" id=\"map_ol3js_1_popup-closer\" class=\"ol-popup-closer\"><\/a>\n            <div id=\"map_ol3js_1_popup-content\"><\/div>\n          <\/div>\n        <\/div>\n    \n\n\t\t\t\t<script type=\"text\/javascript\">\n\t\t\t\t\ttranslations['openlayer'] = \"open layer\";\n\t\t\t\t\ttranslations['openlayerAtStartup'] = \"open layer at startup\";\n\t\t\t\t\ttranslations['generateLink'] = \"Der Link zur Karte mit ausgew\u00e4hlten Overlays und angezeigtem Ausschnitt\";\n\t\t\t\t\ttranslations['shortDescription'] = \"Kurzbeschreibung\";\n\t\t\t\t\ttranslations['generatedShortCode'] = \"to get a text control link paste this code in your wordpress editor\";\n\t\t\t\t\ttranslations['closeLayer'] = \"close layer\";\n\t\t\t\t\ttranslations['cantGenerateLink'] = \"put this string in the existing map short code to control this map\";\n\t\t\t  <\/script>\n\n\n\t\t\t  <script type=\"text\/javascript\">\n\t\t\t  vectorM['map_ol3js_1'] = [];\n\t        \n        var raster = getTileLayer(\"osm\",\"NoKey\");\t\t\t\n\n\t\t\t  var map_ol3js_1 = new ol.Map({\n\t\t\t\tinteractions: ol.interaction.defaults.defaults({mouseWheelZoom:false}),\n\t\t\t\tlayers: [raster],\n\t\t\t\ttarget: \"map_ol3js_1\",\n\t\t\t\tview: new ol.View({\n\t\t\t\t  center: ol.proj.transform([-9.056403,39.474466], \"EPSG:4326\", \"EPSG:3857\"),\n\t\t\t\t  zoom: 11.042869\n\t\t\t\t})\n\t\t\t  });\n\t\t\t  \n    var style0 = {\n      \"Point\": [new ol.style.Style({\n\n          image: new ol.style.Icon({\n            anchor: [0.5, 41],\n            anchorXUnits: \"fraction\",\n            anchorYUnits: \"pixels\",\n            opacity: 0.75,\n            src: \"https:\/\/gothein.de\/reiseblog\/wp-content\/plugins\/osm\/icons\/mic_blue_pinother_02.png\"\n          })\n      })],\n\n      \"LineString\": [new ol.style.Style({\n        stroke: new ol.style.Stroke({\n          color: \"blue\",\n          width: 8\n        })\n      })],\n      \"MultiLineString\": [new ol.style.Style({\n        stroke: new ol.style.Stroke({\n          color: \"blue\",\n          width: 4\n        })\n      })]\n    };\n\t\t  var vectorL0 = new ol.layer.Vector({\n\t\t\t\tsource: new ol.source.Vector({\n\t\t\t\turl:\"\/reiseblog\/wp-content\/uploads\/gpx\/20240409_Alcobacas_Calda.gpx\",\n\t\t\t\tformat: new ol.format.GPX({\n\t\t\t\t\textractStyles: false\n\t\t\t\t})\n\t\t\t}),\n\t\t\tzIndex: 92,\n\t\t\tstyle: function(feature, resolution) {return style0[feature.getGeometry().getType()];}\n\t\t  });\n\t\t  map_ol3js_1.addLayer(vectorL0);addControls2Map(map_ol3js_1,0,0,3,1,5,6,7,0,1);\nosm_addPopupClickhandler(map_ol3js_1,  \"map_ol3js_1\"); \nosm_addMouseHover(map_ol3js_1); <\/script>\n","protected":false},"excerpt":{"rendered":"<p>Nachdem unser Wagen nun zwei Tage in der hauseigenen Garage still stand, sind wir Richtung \u00d3bidos aufgebrochen. Unser erstes Ziel ist Alcoba\u00e7a, was mit seiner monumentalen Klosteranlage einen Besuch wert ist. Eingebunden in die Gr\u00fcndungsgeschichte des portugiesischen Staates, der von Alfonso I ausgerufen wurde, musste er zun\u00e4chst vom K\u00f6nig von Kastilien und dann vom Papst [&hellip;]<\/p>\n","protected":false},"author":1,"featured_media":0,"comment_status":"open","ping_status":"open","sticky":false,"template":"","format":"standard","meta":{"ngg_post_thumbnail":0,"_jetpack_memberships_contains_paid_content":false,"footnotes":""},"categories":[1],"tags":[266,267,265,268,261],"class_list":["post-5735","post","type-post","status-publish","format-standard","hentry","category-allgemein","tag-alcobaca","tag-caldas-da-rainha","tag-nazare","tag-obidos","tag-portugal"],"jetpack_featured_media_url":"","jetpack_sharing_enabled":true,"_links":{"self":[{"href":"https:\/\/gothein.de\/reiseblog\/wp-json\/wp\/v2\/posts\/5735","targetHints":{"allow":["GET"]}}],"collection":[{"href":"https:\/\/gothein.de\/reiseblog\/wp-json\/wp\/v2\/posts"}],"about":[{"href":"https:\/\/gothein.de\/reiseblog\/wp-json\/wp\/v2\/types\/post"}],"author":[{"embeddable":true,"href":"https:\/\/gothein.de\/reiseblog\/wp-json\/wp\/v2\/users\/1"}],"replies":[{"embeddable":true,"href":"https:\/\/gothein.de\/reiseblog\/wp-json\/wp\/v2\/comments?post=5735"}],"version-history":[{"count":0,"href":"https:\/\/gothein.de\/reiseblog\/wp-json\/wp\/v2\/posts\/5735\/revisions"}],"wp:attachment":[{"href":"https:\/\/gothein.de\/reiseblog\/wp-json\/wp\/v2\/media?parent=5735"}],"wp:term":[{"taxonomy":"category","embeddable":true,"href":"https:\/\/gothein.de\/reiseblog\/wp-json\/wp\/v2\/categories?post=5735"},{"taxonomy":"post_tag","embeddable":true,"href":"https:\/\/gothein.de\/reiseblog\/wp-json\/wp\/v2\/tags?post=5735"}],"curies":[{"name":"wp","href":"https:\/\/api.w.org\/{rel}","templated":true}]}}