

{"id":5730,"date":"2024-04-08T22:18:03","date_gmt":"2024-04-08T20:18:03","guid":{"rendered":"https:\/\/gothein.de\/reiseblog\/?p=5730"},"modified":"2024-04-10T00:34:22","modified_gmt":"2024-04-09T22:34:22","slug":"in-nazare","status":"publish","type":"post","link":"https:\/\/gothein.de\/reiseblog\/2024\/04\/08\/in-nazare\/","title":{"rendered":"In Nazar\u00e9"},"content":{"rendered":"\n<p>Der heutige Ruhetag beginnt um 6 Uhr in der Fr\u00fch mit einem starken Regenguss. Das Haus ist wie gesagt nicht sehr erfreulich. Die Lage perfekt im oberen Teil des Ortes, die Einrichtung ist auch ok aber die W\u00e4nde scheinen aus Rohren zu bestehen. St\u00e4ndig rauscht irgend etwas und damit ist die eigentlich ruhige und zentrale Lage wieder neutralisiert. Heute mache ich mich nach ein bisschen Computerarbeit alleine auf den Weg. Eine steile Treppe f\u00fchrt nach unten und dort angekommen bl\u00e4st der Wind so stark, dass einem die Sandk\u00f6rner ins Gesicht fliegen.<\/p>\n\n\n\n<figure class=\"wp-block-image size-large\"><img loading=\"lazy\" decoding=\"async\" width=\"1024\" height=\"1024\" src=\"https:\/\/gothein.de\/reiseblog\/wp-content\/uploads\/2024\/04\/20240408_2111178643663606790580824-1024x1024.jpg\" alt=\"\" class=\"wp-image-5729\" srcset=\"https:\/\/gothein.de\/reiseblog\/wp-content\/uploads\/2024\/04\/20240408_2111178643663606790580824-1024x1024.jpg 1024w, https:\/\/gothein.de\/reiseblog\/wp-content\/uploads\/2024\/04\/20240408_2111178643663606790580824-300x300.jpg 300w, https:\/\/gothein.de\/reiseblog\/wp-content\/uploads\/2024\/04\/20240408_2111178643663606790580824-150x150.jpg 150w, https:\/\/gothein.de\/reiseblog\/wp-content\/uploads\/2024\/04\/20240408_2111178643663606790580824-768x768.jpg 768w, https:\/\/gothein.de\/reiseblog\/wp-content\/uploads\/2024\/04\/20240408_2111178643663606790580824-1536x1536.jpg 1536w, https:\/\/gothein.de\/reiseblog\/wp-content\/uploads\/2024\/04\/20240408_2111178643663606790580824-60x60.jpg 60w, https:\/\/gothein.de\/reiseblog\/wp-content\/uploads\/2024\/04\/20240408_2111178643663606790580824.jpg 2000w\" sizes=\"auto, (max-width: 1024px) 100vw, 1024px\" \/><\/figure>\n\n\n\n<p>Bis zur Hafeneinfahrt mit rotem und gr\u00fcnem Leuchtturm und beeindruckenden Wellen entlang des Ufers treibt mich der Wind von hinten, was ich aber erst wieder auf dem R\u00fcckweg wahrnehme, als mir der Wind entgegen kommt. Im unteren Teil von Nazar\u00e9 ist etwas mehr los, mehr touristische Infrastruktur. Ich finde auch ein kleines Caf\u00e9 wo ich einen Milchkaffee bekomme und ein bisschen am Computer arbeiten kann. Die Sicht auf das Kap und den Strand und die historischen Fischerboote, die alle einzeln erkl\u00e4rt sind, ist ph\u00e4nomenal.<\/p>\n\n\n\n<p>Ein Thermometer zeigt 20 Grad aber der starke Wind reduziert das W\u00e4rmegef\u00fchl erheblich. Auf dem steilen Treppenpfad geht es wieder 100 Meter hoch ins Oberdorf. Abends bekommen wir im Tia Caia zu \u00e4u\u00dferst akzeptablen Konditionen ein \u00e4u\u00dferst gutes Abendessen, Steak, Salat und dabei eine Flasche Reserva Wein.<\/p>\n\n\n\n<p>Mein kleiner Spaziergang war ca. 6,5 km lang aber es kamen immerhin 200 steile H\u00f6henmeter dazu.<\/p>\n\n\n\n        <div id=\"map_ol3js_1\"\n             class=\"map undefined\"\n             data-map_name=\"undefined\"\n             data-map=\"map_ol3js_1\"\n             style=\"width:100%;\n                    max-width:100%;\n                    height:450px;\n                    display:block;\n                    overflow:hidden;\n                    border:2px solid grey;\">\n          <div id=\"map_ol3js_1_popup\" class=\"ol-popup\">\n            <a href=\"#\" id=\"map_ol3js_1_popup-closer\" class=\"ol-popup-closer\"><\/a>\n            <div id=\"map_ol3js_1_popup-content\"><\/div>\n          <\/div>\n        <\/div>\n    \n\n\t\t\t\t<script type=\"text\/javascript\">\n\t\t\t\t\ttranslations['openlayer'] = \"open layer\";\n\t\t\t\t\ttranslations['openlayerAtStartup'] = \"open layer at startup\";\n\t\t\t\t\ttranslations['generateLink'] = \"Der Link zur Karte mit ausgew\u00e4hlten Overlays und angezeigtem Ausschnitt\";\n\t\t\t\t\ttranslations['shortDescription'] = \"Kurzbeschreibung\";\n\t\t\t\t\ttranslations['generatedShortCode'] = \"to get a text control link paste this code in your wordpress editor\";\n\t\t\t\t\ttranslations['closeLayer'] = \"close layer\";\n\t\t\t\t\ttranslations['cantGenerateLink'] = \"put this string in the existing map short code to control this map\";\n\t\t\t  <\/script>\n\n\n\t\t\t  <script type=\"text\/javascript\">\n\t\t\t  vectorM['map_ol3js_1'] = [];\n\t        \n        var raster = getTileLayer(\"osm\",\"NoKey\");\t\t\t\n\n\t\t\t  var map_ol3js_1 = new ol.Map({\n\t\t\t\tinteractions: ol.interaction.defaults.defaults({mouseWheelZoom:false}),\n\t\t\t\tlayers: [raster],\n\t\t\t\ttarget: \"map_ol3js_1\",\n\t\t\t\tview: new ol.View({\n\t\t\t\t  center: ol.proj.transform([-9.073409,39.597842], \"EPSG:4326\", \"EPSG:3857\"),\n\t\t\t\t  zoom: 14.736408\n\t\t\t\t})\n\t\t\t  });\n\t\t\t  \n    var style0 = {\n      \"Point\": [new ol.style.Style({\n\n          image: new ol.style.Icon({\n            anchor: [0.5, 41],\n            anchorXUnits: \"fraction\",\n            anchorYUnits: \"pixels\",\n            opacity: 0.75,\n            src: \"https:\/\/gothein.de\/reiseblog\/wp-content\/plugins\/osm\/icons\/mic_blue_pinother_02.png\"\n          })\n      })],\n\n      \"LineString\": [new ol.style.Style({\n        stroke: new ol.style.Stroke({\n          color: \"blue\",\n          width: 8\n        })\n      })],\n      \"MultiLineString\": [new ol.style.Style({\n        stroke: new ol.style.Stroke({\n          color: \"blue\",\n          width: 4\n        })\n      })]\n    };\n\t\t  var vectorL0 = new ol.layer.Vector({\n\t\t\t\tsource: new ol.source.Vector({\n\t\t\t\turl:\"\/reiseblog\/wp-content\/uploads\/gpx\/20240408_Nazare.gpx\",\n\t\t\t\tformat: new ol.format.GPX({\n\t\t\t\t\textractStyles: false\n\t\t\t\t})\n\t\t\t}),\n\t\t\tzIndex: 92,\n\t\t\tstyle: function(feature, resolution) {return style0[feature.getGeometry().getType()];}\n\t\t  });\n\t\t  map_ol3js_1.addLayer(vectorL0);addControls2Map(map_ol3js_1,0,0,3,1,5,6,7,0,1);\nosm_addPopupClickhandler(map_ol3js_1,  \"map_ol3js_1\"); \nosm_addMouseHover(map_ol3js_1); <\/script>\n","protected":false},"excerpt":{"rendered":"<p>Der heutige Ruhetag beginnt um 6 Uhr in der Fr\u00fch mit einem starken Regenguss. Das Haus ist wie gesagt nicht sehr erfreulich. Die Lage perfekt im oberen Teil des Ortes, die Einrichtung ist auch ok aber die W\u00e4nde scheinen aus Rohren zu bestehen. St\u00e4ndig rauscht irgend etwas und damit ist die eigentlich ruhige und zentrale [&hellip;]<\/p>\n","protected":false},"author":1,"featured_media":0,"comment_status":"open","ping_status":"open","sticky":false,"template":"","format":"standard","meta":{"ngg_post_thumbnail":0,"_jetpack_memberships_contains_paid_content":false,"footnotes":""},"categories":[1],"tags":[265,261],"class_list":["post-5730","post","type-post","status-publish","format-standard","hentry","category-allgemein","tag-nazare","tag-portugal"],"jetpack_featured_media_url":"","jetpack_sharing_enabled":true,"_links":{"self":[{"href":"https:\/\/gothein.de\/reiseblog\/wp-json\/wp\/v2\/posts\/5730","targetHints":{"allow":["GET"]}}],"collection":[{"href":"https:\/\/gothein.de\/reiseblog\/wp-json\/wp\/v2\/posts"}],"about":[{"href":"https:\/\/gothein.de\/reiseblog\/wp-json\/wp\/v2\/types\/post"}],"author":[{"embeddable":true,"href":"https:\/\/gothein.de\/reiseblog\/wp-json\/wp\/v2\/users\/1"}],"replies":[{"embeddable":true,"href":"https:\/\/gothein.de\/reiseblog\/wp-json\/wp\/v2\/comments?post=5730"}],"version-history":[{"count":0,"href":"https:\/\/gothein.de\/reiseblog\/wp-json\/wp\/v2\/posts\/5730\/revisions"}],"wp:attachment":[{"href":"https:\/\/gothein.de\/reiseblog\/wp-json\/wp\/v2\/media?parent=5730"}],"wp:term":[{"taxonomy":"category","embeddable":true,"href":"https:\/\/gothein.de\/reiseblog\/wp-json\/wp\/v2\/categories?post=5730"},{"taxonomy":"post_tag","embeddable":true,"href":"https:\/\/gothein.de\/reiseblog\/wp-json\/wp\/v2\/tags?post=5730"}],"curies":[{"name":"wp","href":"https:\/\/api.w.org\/{rel}","templated":true}]}}