

{"id":5713,"date":"2024-04-05T21:43:08","date_gmt":"2024-04-05T19:43:08","guid":{"rendered":"https:\/\/gothein.de\/reiseblog\/?p=5713"},"modified":"2024-04-11T10:32:07","modified_gmt":"2024-04-11T08:32:07","slug":"in-coimbra","status":"publish","type":"post","link":"https:\/\/gothein.de\/reiseblog\/2024\/04\/05\/in-coimbra\/","title":{"rendered":"In Coimbra"},"content":{"rendered":"\n<p>Die Universit\u00e4t stellt verschiedene R\u00e4ume f\u00fcr Besichtigungen zur Verf\u00fcgung und verschiedene Programme, f\u00fcr sie zu bezahlen. Mit 13,40\u20ac ohne F\u00fchrung w\u00e4hlen wir das g\u00fcnstigste Modul, in dem ein kleines Museum mit studentischen Artefakten, das Chemielabor, die Barockbibliothek, die Kapelle und der K\u00f6nigspalast enthalten sind.<\/p>\n\n\n\n<figure class=\"wp-block-image size-large\"><img loading=\"lazy\" decoding=\"async\" width=\"1024\" height=\"1024\" src=\"https:\/\/gothein.de\/reiseblog\/wp-content\/uploads\/2024\/04\/20240405_1932577691700768771764156-1024x1024.jpg\" alt=\"\" class=\"wp-image-5709\" srcset=\"https:\/\/gothein.de\/reiseblog\/wp-content\/uploads\/2024\/04\/20240405_1932577691700768771764156-1024x1024.jpg 1024w, https:\/\/gothein.de\/reiseblog\/wp-content\/uploads\/2024\/04\/20240405_1932577691700768771764156-300x300.jpg 300w, https:\/\/gothein.de\/reiseblog\/wp-content\/uploads\/2024\/04\/20240405_1932577691700768771764156-150x150.jpg 150w, https:\/\/gothein.de\/reiseblog\/wp-content\/uploads\/2024\/04\/20240405_1932577691700768771764156-768x768.jpg 768w, https:\/\/gothein.de\/reiseblog\/wp-content\/uploads\/2024\/04\/20240405_1932577691700768771764156-1536x1536.jpg 1536w, https:\/\/gothein.de\/reiseblog\/wp-content\/uploads\/2024\/04\/20240405_1932577691700768771764156-60x60.jpg 60w, https:\/\/gothein.de\/reiseblog\/wp-content\/uploads\/2024\/04\/20240405_1932577691700768771764156.jpg 2000w\" sizes=\"auto, (max-width: 1024px) 100vw, 1024px\" \/><\/figure>\n\n\n\n<p>Auf dem Weg zum Universit\u00e4tsh\u00fcgel entdecken wir eine ziemlich bewachsene kleine Kirche, die uns gestern nicht aufgefallen war, ein elektrisch fahrendes Tuk Tuk, riesige Meringeb\u00e4lle, die hier eine Spezialit\u00e4t zu sein scheinen und schlie\u00dflich hat auch Bardalo II wieder eine Wand direkt neben dem Chemielabor verziert.<\/p>\n\n\n\n<p>In der Ausstellung gibt es Informationen zur Universit\u00e4t, aber auch zu portugiesischen Entdeckungen, insbesondere Aktivit\u00e4ten der Jesuiten in S\u00fcdamerika und Fernost sind sehr ausf\u00fchrlich gew\u00fcrdigt. Au\u00dferdem werden in einem gro\u00dfen Raum viele Messinstrumente und deren Entwicklung \u00fcber die Zeit pr\u00e4sentiert. Uns dr\u00e4ngt die Zeit allerdings ein bisschen, denn wir m\u00fcssen Punkt 12h vor der Bibliothek stehen. Durch das Tor und \u00fcber den Universit\u00e4tsplatz sind es ein paar Minuten zu laufen.<\/p>\n\n\n\n<figure class=\"wp-block-image\"><img loading=\"lazy\" decoding=\"async\" width=\"1024\" height=\"1024\" src=\"https:\/\/gothein.de\/reiseblog\/wp-content\/uploads\/2024\/04\/20240405_2020466134386157909192542-1024x1024.jpg\" alt=\"\" class=\"wp-image-5712\" srcset=\"https:\/\/gothein.de\/reiseblog\/wp-content\/uploads\/2024\/04\/20240405_2020466134386157909192542-1024x1024.jpg 1024w, https:\/\/gothein.de\/reiseblog\/wp-content\/uploads\/2024\/04\/20240405_2020466134386157909192542-300x300.jpg 300w, https:\/\/gothein.de\/reiseblog\/wp-content\/uploads\/2024\/04\/20240405_2020466134386157909192542-150x150.jpg 150w, https:\/\/gothein.de\/reiseblog\/wp-content\/uploads\/2024\/04\/20240405_2020466134386157909192542-768x768.jpg 768w, https:\/\/gothein.de\/reiseblog\/wp-content\/uploads\/2024\/04\/20240405_2020466134386157909192542-1536x1536.jpg 1536w, https:\/\/gothein.de\/reiseblog\/wp-content\/uploads\/2024\/04\/20240405_2020466134386157909192542-60x60.jpg 60w, https:\/\/gothein.de\/reiseblog\/wp-content\/uploads\/2024\/04\/20240405_2020466134386157909192542.jpg 2000w\" sizes=\"auto, (max-width: 1024px) 100vw, 1024px\" \/><\/figure>\n\n\n\n<p>Bei der Barock-Bibliothek mit 60.000 B\u00e4nden aus vielen Jahrhunderten ist alles exakt geregelt. In dem eigentlichen Prachtsaal mit Gem\u00e4lden, Vert\u00e4felungen und Verzierungen im dritten Stock sind Aufnahmen verboten und wir halten uns auch dran. Interessant neben der Inhalte ist, was alles getan wird, um die B\u00fccher vor Sch\u00e4dlingen zu sch\u00fctzen. Beispielsweise halten sie eine Fledermauskolonie, um Sch\u00e4dlinge zu jagen. Daf\u00fcr m\u00fcssen die Tische nachts mit Leder bedeckt werden, um sie vor Fledermausexkrementen zu sch\u00fctzen.<\/p>\n\n\n\n<p>In der mit Kacheln ausgefliesten Kapelle in der Universit\u00e4t ist fotografieren wieder erlaubt. Es ist ein riesige Orgel eingebaut, die da eigentlich nicht rein geh\u00f6rt. Auf dem Platz ist ein Gruppe Studentinnen und ein Student in schwarzen Umh\u00e4ngen und mit Krawatte und Kost\u00fcm\/Anzug korrekt gekleidet und sie werden f\u00fcr professionelle Fotos drapiert.<\/p>\n\n\n\n<figure class=\"wp-block-image\"><img loading=\"lazy\" decoding=\"async\" width=\"1024\" height=\"1024\" src=\"https:\/\/gothein.de\/reiseblog\/wp-content\/uploads\/2024\/04\/20240405_1929046990791285325793317-1024x1024.jpg\" alt=\"\" class=\"wp-image-5711\" srcset=\"https:\/\/gothein.de\/reiseblog\/wp-content\/uploads\/2024\/04\/20240405_1929046990791285325793317-1024x1024.jpg 1024w, https:\/\/gothein.de\/reiseblog\/wp-content\/uploads\/2024\/04\/20240405_1929046990791285325793317-300x300.jpg 300w, https:\/\/gothein.de\/reiseblog\/wp-content\/uploads\/2024\/04\/20240405_1929046990791285325793317-150x150.jpg 150w, https:\/\/gothein.de\/reiseblog\/wp-content\/uploads\/2024\/04\/20240405_1929046990791285325793317-768x768.jpg 768w, https:\/\/gothein.de\/reiseblog\/wp-content\/uploads\/2024\/04\/20240405_1929046990791285325793317-1536x1536.jpg 1536w, https:\/\/gothein.de\/reiseblog\/wp-content\/uploads\/2024\/04\/20240405_1929046990791285325793317-60x60.jpg 60w, https:\/\/gothein.de\/reiseblog\/wp-content\/uploads\/2024\/04\/20240405_1929046990791285325793317.jpg 2000w\" sizes=\"auto, (max-width: 1024px) 100vw, 1024px\" \/><\/figure>\n\n\n\n<p>Nach einem Kaffee in der kleinen Mensa steuern wir den riesigen botanischen Garten an, in dem man sich Stunden aufhalten kann.  Neben Orangen und Zitronen gibt es die verschiedensten Varianten von riesigen Banjanb\u00e4umen und einen ganz gro\u00dfen Bambusbereich. Unten angekommen sehen wir eine Museums-Tram und den aktuellen elektrifizierten Kleinbus, der gerade so durch die engen Stra\u00dfen passt.<\/p>\n\n\n\n<p>Durch die monumentale Baustelle entlang des Ufers kommen wir zum Mondego Fluss und k\u00f6nnen diese \u00fcber die Fu\u00dfg\u00e4ngerbr\u00fccke queren. Der Weg f\u00fchrt durch verschiedene Parkanlagen, die mit vielen kleinen Kindern bev\u00f6lkert sind. <\/p>\n\n\n\n<figure class=\"wp-block-image\"><img loading=\"lazy\" decoding=\"async\" width=\"1024\" height=\"1024\" src=\"https:\/\/gothein.de\/reiseblog\/wp-content\/uploads\/2024\/04\/20240405_1955155257688308962346676-1024x1024.jpg\" alt=\"\" class=\"wp-image-5710\" srcset=\"https:\/\/gothein.de\/reiseblog\/wp-content\/uploads\/2024\/04\/20240405_1955155257688308962346676-1024x1024.jpg 1024w, https:\/\/gothein.de\/reiseblog\/wp-content\/uploads\/2024\/04\/20240405_1955155257688308962346676-300x300.jpg 300w, https:\/\/gothein.de\/reiseblog\/wp-content\/uploads\/2024\/04\/20240405_1955155257688308962346676-150x150.jpg 150w, https:\/\/gothein.de\/reiseblog\/wp-content\/uploads\/2024\/04\/20240405_1955155257688308962346676-768x768.jpg 768w, https:\/\/gothein.de\/reiseblog\/wp-content\/uploads\/2024\/04\/20240405_1955155257688308962346676-1536x1536.jpg 1536w, https:\/\/gothein.de\/reiseblog\/wp-content\/uploads\/2024\/04\/20240405_1955155257688308962346676-60x60.jpg 60w, https:\/\/gothein.de\/reiseblog\/wp-content\/uploads\/2024\/04\/20240405_1955155257688308962346676.jpg 2000w\" sizes=\"auto, (max-width: 1024px) 100vw, 1024px\" \/><\/figure>\n\n\n\n<p>Von der Br\u00fccke bietet sich ein Blick \u00fcber die H\u00fcgel Coimbras. Unser Ziel ist ein weiterer Garten mit verschiedenen Brunnen und dem wenig spektakul\u00e4ren Treffpunkt von Dom Pedro und Ines, dem Paar was nicht nur romantische Legende ist. Leider ergeben die historischen Fakten und die tragischen Verwicklungen keine sehr sch\u00f6ne Geschichte. Schlie\u00dflich l\u00e4sst Alfonso I, der Vater von Dom Pedro, Ines ermorden. Das f\u00fchrt zu einigen kriegerischen Auseinandersetzungen und der Rache an den M\u00f6rdern nach Thronbesteigung durch Dom Pedro. Stoff f\u00fcr viele Legenden, Literatur, Oper, Theater. <\/p>\n\n\n\n<p>Es gibt viele kleine Wege und Blicke auf die andere Seite des Flusses und einen Golfplatz, der da mit eingebaut wurde. Es ist zwar nichts los in der Bar im Golfplatz, aber die Dame scheint mit dem Andrang einer ganzen Familie, die alle Eis aus der Tiefk\u00fchltruhe wollen, v\u00f6llig \u00fcberfordert zu sein. Wir machen uns auf den R\u00fcckweg und dann ist auch schon bald Zeit f\u00fcr das Abendessen. Diesmal suchen wir einen recht hoch bewerteten Italiener \u201eIl Tartufo\u201c auf. Wir werden freundlich empfangen, aber gegen\u00fcber der Erfahrung von gestern f\u00e4llt das doch erheblich ab.<\/p>\n\n\n\n<p>Unser Zimmer in der Altstadt erweist sich heute als nicht so sch\u00f6n. Vor der Santa Cruz Kirche treffen sich die Studenten nachts zu einer recht l\u00e4rmhaften Veranstaltung. Deshalb schlafen wir trotz unserer ausgedehnten Spazierg\u00e4nge mit \u00fcber 11km und 245 H\u00f6henmeter nicht ganz so gut.<\/p>\n\n\n\n        <div id=\"map_ol3js_1\"\n             class=\"map undefined\"\n             data-map_name=\"undefined\"\n             data-map=\"map_ol3js_1\"\n             style=\"width:100%;\n                    max-width:100%;\n                    height:450px;\n                    display:block;\n                    overflow:hidden;\n                    border:2px solid grey;\">\n          <div id=\"map_ol3js_1_popup\" class=\"ol-popup\">\n            <a href=\"#\" id=\"map_ol3js_1_popup-closer\" class=\"ol-popup-closer\"><\/a>\n            <div id=\"map_ol3js_1_popup-content\"><\/div>\n          <\/div>\n        <\/div>\n    \n\n\t\t\t\t<script type=\"text\/javascript\">\n\t\t\t\t\ttranslations['openlayer'] = \"open layer\";\n\t\t\t\t\ttranslations['openlayerAtStartup'] = \"open layer at startup\";\n\t\t\t\t\ttranslations['generateLink'] = \"Der Link zur Karte mit ausgew\u00e4hlten Overlays und angezeigtem Ausschnitt\";\n\t\t\t\t\ttranslations['shortDescription'] = \"Kurzbeschreibung\";\n\t\t\t\t\ttranslations['generatedShortCode'] = \"to get a text control link paste this code in your wordpress editor\";\n\t\t\t\t\ttranslations['closeLayer'] = \"close layer\";\n\t\t\t\t\ttranslations['cantGenerateLink'] = \"put this string in the existing map short code to control this map\";\n\t\t\t  <\/script>\n\n\n\t\t\t  <script type=\"text\/javascript\">\n\t\t\t  vectorM['map_ol3js_1'] = [];\n\t        \n        var raster = getTileLayer(\"osm\",\"NoKey\");\t\t\t\n\n\t\t\t  var map_ol3js_1 = new ol.Map({\n\t\t\t\tinteractions: ol.interaction.defaults.defaults({mouseWheelZoom:false}),\n\t\t\t\tlayers: [raster],\n\t\t\t\ttarget: \"map_ol3js_1\",\n\t\t\t\tview: new ol.View({\n\t\t\t\t  center: ol.proj.transform([-8.428554,40.203830], \"EPSG:4326\", \"EPSG:3857\"),\n\t\t\t\t  zoom: 14.552545\n\t\t\t\t})\n\t\t\t  });\n\t\t\t  \n    var style0 = {\n      \"Point\": [new ol.style.Style({\n\n          image: new ol.style.Icon({\n            anchor: [0.5, 41],\n            anchorXUnits: \"fraction\",\n            anchorYUnits: \"pixels\",\n            opacity: 0.75,\n            src: \"https:\/\/gothein.de\/reiseblog\/wp-content\/plugins\/osm\/icons\/mic_blue_pinother_02.png\"\n          })\n      })],\n\n      \"LineString\": [new ol.style.Style({\n        stroke: new ol.style.Stroke({\n          color: \"blue\",\n          width: 8\n        })\n      })],\n      \"MultiLineString\": [new ol.style.Style({\n        stroke: new ol.style.Stroke({\n          color: \"blue\",\n          width: 4\n        })\n      })]\n    };\n\t\t  var vectorL0 = new ol.layer.Vector({\n\t\t\t\tsource: new ol.source.Vector({\n\t\t\t\turl:\"\/reiseblog\/wp-content\/uploads\/gpx\/20240405_Coimbra.gpx\",\n\t\t\t\tformat: new ol.format.GPX({\n\t\t\t\t\textractStyles: false\n\t\t\t\t})\n\t\t\t}),\n\t\t\tzIndex: 92,\n\t\t\tstyle: function(feature, resolution) {return style0[feature.getGeometry().getType()];}\n\t\t  });\n\t\t  map_ol3js_1.addLayer(vectorL0);addControls2Map(map_ol3js_1,0,0,3,1,5,6,7,0,1);\nosm_addPopupClickhandler(map_ol3js_1,  \"map_ol3js_1\"); \nosm_addMouseHover(map_ol3js_1); <\/script>\n","protected":false},"excerpt":{"rendered":"<p>Die Universit\u00e4t stellt verschiedene R\u00e4ume f\u00fcr Besichtigungen zur Verf\u00fcgung und verschiedene Programme, f\u00fcr sie zu bezahlen. Mit 13,40\u20ac ohne F\u00fchrung w\u00e4hlen wir das g\u00fcnstigste Modul, in dem ein kleines Museum mit studentischen Artefakten, das Chemielabor, die Barockbibliothek, die Kapelle und der K\u00f6nigspalast enthalten sind. Auf dem Weg zum Universit\u00e4tsh\u00fcgel entdecken wir eine ziemlich bewachsene kleine [&hellip;]<\/p>\n","protected":false},"author":1,"featured_media":0,"comment_status":"open","ping_status":"open","sticky":false,"template":"","format":"standard","meta":{"ngg_post_thumbnail":0,"_jetpack_memberships_contains_paid_content":false,"footnotes":""},"categories":[1],"tags":[263,261],"class_list":["post-5713","post","type-post","status-publish","format-standard","hentry","category-allgemein","tag-coimbra","tag-portugal"],"jetpack_featured_media_url":"","jetpack_sharing_enabled":true,"_links":{"self":[{"href":"https:\/\/gothein.de\/reiseblog\/wp-json\/wp\/v2\/posts\/5713","targetHints":{"allow":["GET"]}}],"collection":[{"href":"https:\/\/gothein.de\/reiseblog\/wp-json\/wp\/v2\/posts"}],"about":[{"href":"https:\/\/gothein.de\/reiseblog\/wp-json\/wp\/v2\/types\/post"}],"author":[{"embeddable":true,"href":"https:\/\/gothein.de\/reiseblog\/wp-json\/wp\/v2\/users\/1"}],"replies":[{"embeddable":true,"href":"https:\/\/gothein.de\/reiseblog\/wp-json\/wp\/v2\/comments?post=5713"}],"version-history":[{"count":0,"href":"https:\/\/gothein.de\/reiseblog\/wp-json\/wp\/v2\/posts\/5713\/revisions"}],"wp:attachment":[{"href":"https:\/\/gothein.de\/reiseblog\/wp-json\/wp\/v2\/media?parent=5713"}],"wp:term":[{"taxonomy":"category","embeddable":true,"href":"https:\/\/gothein.de\/reiseblog\/wp-json\/wp\/v2\/categories?post=5713"},{"taxonomy":"post_tag","embeddable":true,"href":"https:\/\/gothein.de\/reiseblog\/wp-json\/wp\/v2\/tags?post=5713"}],"curies":[{"name":"wp","href":"https:\/\/api.w.org\/{rel}","templated":true}]}}