

{"id":5554,"date":"2023-09-06T20:32:52","date_gmt":"2023-09-06T18:32:52","guid":{"rendered":"https:\/\/gothein.de\/reiseblog\/?p=5554"},"modified":"2023-10-09T18:33:32","modified_gmt":"2023-10-09T16:33:32","slug":"von-bensheim-nach-heidelberg","status":"publish","type":"post","link":"https:\/\/gothein.de\/reiseblog\/2023\/09\/06\/von-bensheim-nach-heidelberg\/","title":{"rendered":"Von Bensheim nach Heidelberg"},"content":{"rendered":"\n<p>Von Bensheim nach Heidelberg geht es eigentlich entlang der Bergstra\u00dfe ohne gr\u00f6\u00dfere Steigungen. Ich wollte aber was Neues im Odenwald kennenlernen. Mit meinem neu erworbenen Ticket setze ich mich in die Regionalbahn nach Frankfurt, die mit geringer Versp\u00e4tung knapp eine Stunde braucht. <\/p>\n\n\n\n<p>Komoot f\u00fchrt \u00fcber teilweise winzige Hohlwege mit teilweise extremer Steigung (oft \u00fcber 15%)  ins Hambachertal. Der Weg f\u00fchrt durch Ober-Hambach, vorbei an der in Verruf geratenen Odenwaldschule, jetzt Wohnpark, durch ein weiterhin sehr steiles Waldst\u00fcck bis hoch zum Schannenbacher Moor. Es riecht nach frisch gem\u00e4htem Heu. Die D\u00f6rfer Schannenbach und Seidenbuch entlang des Nibelungensteigs sind idyllisch aber einsam. <\/p>\n\n\n\n<p>Die Komoot Optimierungsalgorithmen locken mich immer wieder von der eigentlich perfekten Ortstra\u00dfe auf schlagloch\u00fcbers\u00e4hte Nebenstra\u00dfen. So bekomme ich in Seidenbuch die Schutzengelkapelle zu sehen (nur von au\u00dfen, da geschlossen). Das letzte St\u00fcck vor Lindenfels, bezeichnenderweise ein D\u00f6rfchen namens Winkel, ist dann auch wieder eine unn\u00f6tige Abk\u00fcrzung mit deutlich \u00fcber 20% eingebaut. <\/p>\n\n\n\n<figure class=\"wp-block-image size-large\"><img loading=\"lazy\" decoding=\"async\" width=\"1024\" height=\"1024\" src=\"https:\/\/gothein.de\/reiseblog\/wp-content\/uploads\/2023\/09\/20230906_214428-1024x1024.jpg\" alt=\"\" class=\"wp-image-5557\" srcset=\"https:\/\/gothein.de\/reiseblog\/wp-content\/uploads\/2023\/09\/20230906_214428-1024x1024.jpg 1024w, https:\/\/gothein.de\/reiseblog\/wp-content\/uploads\/2023\/09\/20230906_214428-300x300.jpg 300w, https:\/\/gothein.de\/reiseblog\/wp-content\/uploads\/2023\/09\/20230906_214428-150x150.jpg 150w, https:\/\/gothein.de\/reiseblog\/wp-content\/uploads\/2023\/09\/20230906_214428-768x768.jpg 768w, https:\/\/gothein.de\/reiseblog\/wp-content\/uploads\/2023\/09\/20230906_214428-1536x1536.jpg 1536w, https:\/\/gothein.de\/reiseblog\/wp-content\/uploads\/2023\/09\/20230906_214428-2048x2048.jpg 2048w, https:\/\/gothein.de\/reiseblog\/wp-content\/uploads\/2023\/09\/20230906_214428-60x60.jpg 60w\" sizes=\"auto, (max-width: 1024px) 100vw, 1024px\" \/><\/figure>\n\n\n\n<p>Die Kulisse der Burgruine von Lindenfels vor den Odenwaldh\u00fcgeln ist \u00e4u\u00dferst malerisch. In Lindenfels gibt es dann auch erfreulicher Weise, Caf\u00e9s und eine sch\u00f6ne B\u00e4ckerei in der Altstadt, die mich zu einer Pause animiert. Der Weg vom Burgh\u00fcgel runter in Richtung F\u00fcrth ist \u00e4u\u00dferst speziell, nach Schranke mit Fahrverbot kommt ein sehr steiles Gef\u00e4lle bis zur eigentlichen Autostra\u00dfe nach F\u00fcrth. <\/p>\n\n\n\n<figure class=\"wp-block-image\"><img loading=\"lazy\" decoding=\"async\" width=\"1024\" height=\"1024\" src=\"https:\/\/gothein.de\/reiseblog\/wp-content\/uploads\/2023\/09\/20230906_214805-1024x1024.jpg\" alt=\"\" class=\"wp-image-5556\" srcset=\"https:\/\/gothein.de\/reiseblog\/wp-content\/uploads\/2023\/09\/20230906_214805-1024x1024.jpg 1024w, https:\/\/gothein.de\/reiseblog\/wp-content\/uploads\/2023\/09\/20230906_214805-300x300.jpg 300w, https:\/\/gothein.de\/reiseblog\/wp-content\/uploads\/2023\/09\/20230906_214805-150x150.jpg 150w, https:\/\/gothein.de\/reiseblog\/wp-content\/uploads\/2023\/09\/20230906_214805-768x768.jpg 768w, https:\/\/gothein.de\/reiseblog\/wp-content\/uploads\/2023\/09\/20230906_214805-1536x1536.jpg 1536w, https:\/\/gothein.de\/reiseblog\/wp-content\/uploads\/2023\/09\/20230906_214805-2048x2048.jpg 2048w, https:\/\/gothein.de\/reiseblog\/wp-content\/uploads\/2023\/09\/20230906_214805-60x60.jpg 60w\" sizes=\"auto, (max-width: 1024px) 100vw, 1024px\" \/><\/figure>\n\n\n\n<p>Ab da, \u00fcber Rimbach und Zotzenbach und dann noch einmal ein kleiner Stich runter nach Weiher, kommt wieder bekanntes Gebiet. Unter dem Eisenbahn-Viadukt beim Steinbruch von Mackenheim f\u00fchrt die kleine Nebenstra\u00dfe bis Ober-Absteinbach und \u00fcber verschiedene kleine Anstiege bis Wilhelmsfeld und zuletzt \u00fcber den K\u00f6pfel-Kanzlerblick zur\u00fcck.<\/p>\n\n\n\n<figure class=\"wp-block-image size-large\"><img loading=\"lazy\" decoding=\"async\" width=\"1024\" height=\"1024\" src=\"https:\/\/gothein.de\/reiseblog\/wp-content\/uploads\/2023\/09\/20230906_215436-1024x1024.jpg\" alt=\"\" class=\"wp-image-5568\" srcset=\"https:\/\/gothein.de\/reiseblog\/wp-content\/uploads\/2023\/09\/20230906_215436-1024x1024.jpg 1024w, https:\/\/gothein.de\/reiseblog\/wp-content\/uploads\/2023\/09\/20230906_215436-300x300.jpg 300w, https:\/\/gothein.de\/reiseblog\/wp-content\/uploads\/2023\/09\/20230906_215436-150x150.jpg 150w, https:\/\/gothein.de\/reiseblog\/wp-content\/uploads\/2023\/09\/20230906_215436-768x768.jpg 768w, https:\/\/gothein.de\/reiseblog\/wp-content\/uploads\/2023\/09\/20230906_215436-1536x1536.jpg 1536w, https:\/\/gothein.de\/reiseblog\/wp-content\/uploads\/2023\/09\/20230906_215436-2048x2048.jpg 2048w, https:\/\/gothein.de\/reiseblog\/wp-content\/uploads\/2023\/09\/20230906_215436-60x60.jpg 60w\" sizes=\"auto, (max-width: 1024px) 100vw, 1024px\" \/><\/figure>\n\n\n\n<p>Auf einer Strecke von 71 km, haben sich 1500 H\u00f6henmeter angesammelt.<\/p>\n\n\n\n        <div id=\"map_ol3js_1\"\n             class=\"map undefined\"\n             data-map_name=\"undefined\"\n             data-map=\"map_ol3js_1\"\n             style=\"width:100%;\n                    max-width:100%;\n                    height:450px;\n                    display:block;\n                    overflow:hidden;\n                    border:2px solid grey;\">\n          <div id=\"map_ol3js_1_popup\" class=\"ol-popup\">\n            <a href=\"#\" id=\"map_ol3js_1_popup-closer\" class=\"ol-popup-closer\"><\/a>\n            <div id=\"map_ol3js_1_popup-content\"><\/div>\n          <\/div>\n        <\/div>\n    \n\n\t\t\t\t<script type=\"text\/javascript\">\n\t\t\t\t\ttranslations['openlayer'] = \"open layer\";\n\t\t\t\t\ttranslations['openlayerAtStartup'] = \"open layer at startup\";\n\t\t\t\t\ttranslations['generateLink'] = \"Der Link zur Karte mit ausgew\u00e4hlten Overlays und angezeigtem Ausschnitt\";\n\t\t\t\t\ttranslations['shortDescription'] = \"Kurzbeschreibung\";\n\t\t\t\t\ttranslations['generatedShortCode'] = \"to get a text control link paste this code in your wordpress editor\";\n\t\t\t\t\ttranslations['closeLayer'] = \"close layer\";\n\t\t\t\t\ttranslations['cantGenerateLink'] = \"put this string in the existing map short code to control this map\";\n\t\t\t  <\/script>\n\n\n\t\t\t  <script type=\"text\/javascript\">\n\t\t\t  vectorM['map_ol3js_1'] = [];\n\t        \n        var raster = getTileLayer(\"osm\",\"NoKey\");\t\t\t\n\n\t\t\t  var map_ol3js_1 = new ol.Map({\n\t\t\t\tinteractions: ol.interaction.defaults.defaults({mouseWheelZoom:false}),\n\t\t\t\tlayers: [raster],\n\t\t\t\ttarget: \"map_ol3js_1\",\n\t\t\t\tview: new ol.View({\n\t\t\t\t  center: ol.proj.transform([8.703637,49.538936], \"EPSG:4326\", \"EPSG:3857\"),\n\t\t\t\t  zoom: 9.937022\n\t\t\t\t})\n\t\t\t  });\n\t\t\t  \n    var style0 = {\n      \"Point\": [new ol.style.Style({\n\n          image: new ol.style.Icon({\n            anchor: [0.5, 41],\n            anchorXUnits: \"fraction\",\n            anchorYUnits: \"pixels\",\n            opacity: 0.75,\n            src: \"https:\/\/gothein.de\/reiseblog\/wp-content\/plugins\/osm\/icons\/mic_blue_pinother_02.png\"\n          })\n      })],\n\n      \"LineString\": [new ol.style.Style({\n        stroke: new ol.style.Stroke({\n          color: \"blue\",\n          width: 8\n        })\n      })],\n      \"MultiLineString\": [new ol.style.Style({\n        stroke: new ol.style.Stroke({\n          color: \"blue\",\n          width: 4\n        })\n      })]\n    };\n\t\t  var vectorL0 = new ol.layer.Vector({\n\t\t\t\tsource: new ol.source.Vector({\n\t\t\t\turl:\"\/reiseblog\/wp-content\/uploads\/gpx\/20230906_Bensheim_small.gpx\",\n\t\t\t\tformat: new ol.format.GPX({\n\t\t\t\t\textractStyles: false\n\t\t\t\t})\n\t\t\t}),\n\t\t\tzIndex: 92,\n\t\t\tstyle: function(feature, resolution) {return style0[feature.getGeometry().getType()];}\n\t\t  });\n\t\t  map_ol3js_1.addLayer(vectorL0);addControls2Map(map_ol3js_1,0,0,3,1,5,6,7,0,1);\nosm_addPopupClickhandler(map_ol3js_1,  \"map_ol3js_1\"); \nosm_addMouseHover(map_ol3js_1); <\/script>\n","protected":false},"excerpt":{"rendered":"<p>Von Bensheim nach Heidelberg geht es eigentlich entlang der Bergstra\u00dfe ohne gr\u00f6\u00dfere Steigungen. Ich wollte aber was Neues im Odenwald kennenlernen. Mit meinem neu erworbenen Ticket setze ich mich in die Regionalbahn nach Frankfurt, die mit geringer Versp\u00e4tung knapp eine Stunde braucht. Komoot f\u00fchrt \u00fcber teilweise winzige Hohlwege mit teilweise extremer Steigung (oft \u00fcber 15%) [&hellip;]<\/p>\n","protected":false},"author":1,"featured_media":0,"comment_status":"open","ping_status":"open","sticky":false,"template":"","format":"standard","meta":{"ngg_post_thumbnail":0,"_jetpack_memberships_contains_paid_content":false,"footnotes":""},"categories":[1],"tags":[146,254,148,175],"class_list":["post-5554","post","type-post","status-publish","format-standard","hentry","category-allgemein","tag-baden-wuerttemberg","tag-bensheim","tag-heidelberg","tag-hessen"],"jetpack_featured_media_url":"","jetpack_sharing_enabled":true,"_links":{"self":[{"href":"https:\/\/gothein.de\/reiseblog\/wp-json\/wp\/v2\/posts\/5554","targetHints":{"allow":["GET"]}}],"collection":[{"href":"https:\/\/gothein.de\/reiseblog\/wp-json\/wp\/v2\/posts"}],"about":[{"href":"https:\/\/gothein.de\/reiseblog\/wp-json\/wp\/v2\/types\/post"}],"author":[{"embeddable":true,"href":"https:\/\/gothein.de\/reiseblog\/wp-json\/wp\/v2\/users\/1"}],"replies":[{"embeddable":true,"href":"https:\/\/gothein.de\/reiseblog\/wp-json\/wp\/v2\/comments?post=5554"}],"version-history":[{"count":0,"href":"https:\/\/gothein.de\/reiseblog\/wp-json\/wp\/v2\/posts\/5554\/revisions"}],"wp:attachment":[{"href":"https:\/\/gothein.de\/reiseblog\/wp-json\/wp\/v2\/media?parent=5554"}],"wp:term":[{"taxonomy":"category","embeddable":true,"href":"https:\/\/gothein.de\/reiseblog\/wp-json\/wp\/v2\/categories?post=5554"},{"taxonomy":"post_tag","embeddable":true,"href":"https:\/\/gothein.de\/reiseblog\/wp-json\/wp\/v2\/tags?post=5554"}],"curies":[{"name":"wp","href":"https:\/\/api.w.org\/{rel}","templated":true}]}}