

{"id":5550,"date":"2023-09-04T20:29:00","date_gmt":"2023-09-04T18:29:00","guid":{"rendered":"https:\/\/gothein.de\/reiseblog\/?p=5550"},"modified":"2023-09-06T08:11:23","modified_gmt":"2023-09-06T06:11:23","slug":"von-neustadt-nach-kaiserslautern","status":"publish","type":"post","link":"https:\/\/gothein.de\/reiseblog\/2023\/09\/04\/von-neustadt-nach-kaiserslautern\/","title":{"rendered":"Von Neustadt nach Kaiserslautern"},"content":{"rendered":"\n<p>Der Sommer ist mit hohen Temperaturen zur\u00fcck. Einmal im Jahr wenigstens zieht es mich in die Pfalz, zu den H\u00fcgeln auf der andern Seite der Rheinebene. Der Plan mit der S-Bahn nach Neustadt an der Weinstube zu fahren ist Ausl\u00f6ser mir nun doch ein Ticket-Abo zuzulegen.<\/p>\n\n\n\n<p>Komoot f\u00fchrt in Neustadt erstmalig einen steilen Stich hoch, um dann eine Etage h\u00f6her \u00fcber Hambach, am Hambacher Schloss vorbei, bis nach Maikammer zu leiten. <\/p>\n\n\n\n<p>In Maikammer beginnt der Anstieg zum Kalmit, mit 672 Meter der h\u00f6chste Gipfel im Pf\u00e4lzerwald. Der Anstieg ist gut zu bew\u00e4ltigen obwohl zwischendrin ein paar Passagen mit deutlich \u00fcber 10% Steigung zu absolvieren sind. Die letzten Meter vom Parkplatz bis zum Aussichtspunkt beim Turm und Montag geschlossener Kneipe sind dann nicht mehr asphaltiert, lassen sich aber vorsichtig mit dem Rennrad befahren.<\/p>\n\n\n\n<figure class=\"wp-block-image size-large\"><img loading=\"lazy\" decoding=\"async\" width=\"1024\" height=\"1024\" src=\"https:\/\/gothein.de\/reiseblog\/wp-content\/uploads\/2023\/09\/20230905_093809_copy_1280x1280-1-1024x1024.jpg\" alt=\"\" class=\"wp-image-5548\" srcset=\"https:\/\/gothein.de\/reiseblog\/wp-content\/uploads\/2023\/09\/20230905_093809_copy_1280x1280-1-1024x1024.jpg 1024w, https:\/\/gothein.de\/reiseblog\/wp-content\/uploads\/2023\/09\/20230905_093809_copy_1280x1280-1-300x300.jpg 300w, https:\/\/gothein.de\/reiseblog\/wp-content\/uploads\/2023\/09\/20230905_093809_copy_1280x1280-1-150x150.jpg 150w, https:\/\/gothein.de\/reiseblog\/wp-content\/uploads\/2023\/09\/20230905_093809_copy_1280x1280-1-768x768.jpg 768w, https:\/\/gothein.de\/reiseblog\/wp-content\/uploads\/2023\/09\/20230905_093809_copy_1280x1280-1-60x60.jpg 60w, https:\/\/gothein.de\/reiseblog\/wp-content\/uploads\/2023\/09\/20230905_093809_copy_1280x1280-1.jpg 1280w\" sizes=\"auto, (max-width: 1024px) 100vw, 1024px\" \/><\/figure>\n\n\n\n<p>Die steile lange Abfahrt, genannt die Totenkopfstra\u00dfe muss ich mir nur mit wenigen anderen teilen. Ein paar Motorr\u00e4der sind doch unterwegs, f\u00fcr die ist am Wochenende Fahrverbot. Recht weit unten \u00fcberholt mich auf einer Geraden ein Kleinlaster, kurz nachdem ein Eichh\u00f6rnchen ganz kurz vor meinen R\u00e4dern den R\u00fcckweg angetreten hat und der Laster ziemlich dicht hinter mir hing. Das kann schnell schief gehen, wenn ich stark gebremst h\u00e4tte oder Schlimmeres. <\/p>\n\n\n\n<p>Auf der Landesstra\u00dfe L499 in Richtung Elmstein ist dann auch mehr los, es gibt zwar keinen Radstreifen aber es ist gen\u00fcgend Platz. Beim alten Turm in Appenthal halte ich kurz an, finde aber hier und auf der ganzen Strecke bis Kaiserlautern keine M\u00f6glichkeit mir ein paar Kalorien zur\u00fcck zu holen. Alles zu, verweist, Ruhetag, geschlossen halt. Nach Elmstein geht es \u00fcber die ganz kleine, idyllische L504 ohne Verkehr wieder bis auf gut 400 Meter hoch. Nur ein kleines Rudel Motorr\u00e4der kommt mir entgegen. Ein Fuchs l\u00e4uft auf die Stra\u00dfe und fl\u00fcchtet wieder als er mich bemerkt.<\/p>\n\n\n\n<p>In Waldleinigen ist \u00e4rgerlicher Weise die Stra\u00dfe gesperrt. Zwar richten sie die Baustelle gerade erst ein aber trotzdem kein Durchkommen. Der Umweg f\u00fchrt hoch und \u00fcber die Bundesstra\u00dfe. Diese ist auch nicht sehr befahren und nach Kaiserslautern geht es dann eigentlich nur noch bergab. Im Hauptbahnhof von Kaiserslautern ist noch Zeit sich im Yormas mit Proviant f\u00fcr die S-Bahn-Fahrt nach Heidelberg zu versorgen.<\/p>\n\n\n\n<p>Mit 58 km und 980 H\u00f6henmetern eher ein moderater Ausflug aber landschaftlich und gerade am Werktag sehr zu empfehlen.<\/p>\n\n\n\n        <div id=\"map_ol3js_1\"\n             class=\"map undefined\"\n             data-map_name=\"undefined\"\n             data-map=\"map_ol3js_1\"\n             style=\"width:100%;\n                    max-width:100%;\n                    height:450px;\n                    display:block;\n                    overflow:hidden;\n                    border:2px solid grey;\">\n          <div id=\"map_ol3js_1_popup\" class=\"ol-popup\">\n            <a href=\"#\" id=\"map_ol3js_1_popup-closer\" class=\"ol-popup-closer\"><\/a>\n            <div id=\"map_ol3js_1_popup-content\"><\/div>\n          <\/div>\n        <\/div>\n    \n\n\t\t\t\t<script type=\"text\/javascript\">\n\t\t\t\t\ttranslations['openlayer'] = \"open layer\";\n\t\t\t\t\ttranslations['openlayerAtStartup'] = \"open layer at startup\";\n\t\t\t\t\ttranslations['generateLink'] = \"Der Link zur Karte mit ausgew\u00e4hlten Overlays und angezeigtem Ausschnitt\";\n\t\t\t\t\ttranslations['shortDescription'] = \"Kurzbeschreibung\";\n\t\t\t\t\ttranslations['generatedShortCode'] = \"to get a text control link paste this code in your wordpress editor\";\n\t\t\t\t\ttranslations['closeLayer'] = \"close layer\";\n\t\t\t\t\ttranslations['cantGenerateLink'] = \"put this string in the existing map short code to control this map\";\n\t\t\t  <\/script>\n\n\n\t\t\t  <script type=\"text\/javascript\">\n\t\t\t  vectorM['map_ol3js_1'] = [];\n\t        \n        var raster = getTileLayer(\"osm\",\"NoKey\");\t\t\t\n\n\t\t\t  var map_ol3js_1 = new ol.Map({\n\t\t\t\tinteractions: ol.interaction.defaults.defaults({mouseWheelZoom:false}),\n\t\t\t\tlayers: [raster],\n\t\t\t\ttarget: \"map_ol3js_1\",\n\t\t\t\tview: new ol.View({\n\t\t\t\t  center: ol.proj.transform([7.955129,49.374803], \"EPSG:4326\", \"EPSG:3857\"),\n\t\t\t\t  zoom: 10.215926\n\t\t\t\t})\n\t\t\t  });\n\t\t\t  \n    var style0 = {\n      \"Point\": [new ol.style.Style({\n\n          image: new ol.style.Icon({\n            anchor: [0.5, 41],\n            anchorXUnits: \"fraction\",\n            anchorYUnits: \"pixels\",\n            opacity: 0.75,\n            src: \"https:\/\/gothein.de\/reiseblog\/wp-content\/plugins\/osm\/icons\/mic_blue_pinother_02.png\"\n          })\n      })],\n\n      \"LineString\": [new ol.style.Style({\n        stroke: new ol.style.Stroke({\n          color: \"blue\",\n          width: 8\n        })\n      })],\n      \"MultiLineString\": [new ol.style.Style({\n        stroke: new ol.style.Stroke({\n          color: \"blue\",\n          width: 4\n        })\n      })]\n    };\n\t\t  var vectorL0 = new ol.layer.Vector({\n\t\t\t\tsource: new ol.source.Vector({\n\t\t\t\turl:\"\/reiseblog\/wp-content\/uploads\/gpx\/20230904_Neustadt.gpx\",\n\t\t\t\tformat: new ol.format.GPX({\n\t\t\t\t\textractStyles: false\n\t\t\t\t})\n\t\t\t}),\n\t\t\tzIndex: 92,\n\t\t\tstyle: function(feature, resolution) {return style0[feature.getGeometry().getType()];}\n\t\t  });\n\t\t  map_ol3js_1.addLayer(vectorL0);addControls2Map(map_ol3js_1,0,0,3,1,5,6,7,0,1);\nosm_addPopupClickhandler(map_ol3js_1,  \"map_ol3js_1\"); \nosm_addMouseHover(map_ol3js_1); <\/script>\n","protected":false},"excerpt":{"rendered":"<p>Der Sommer ist mit hohen Temperaturen zur\u00fcck. Einmal im Jahr wenigstens zieht es mich in die Pfalz, zu den H\u00fcgeln auf der andern Seite der Rheinebene. Der Plan mit der S-Bahn nach Neustadt an der Weinstube zu fahren ist Ausl\u00f6ser mir nun doch ein Ticket-Abo zuzulegen. Komoot f\u00fchrt in Neustadt erstmalig einen steilen Stich hoch, [&hellip;]<\/p>\n","protected":false},"author":1,"featured_media":0,"comment_status":"open","ping_status":"open","sticky":false,"template":"","format":"standard","meta":{"ngg_post_thumbnail":0,"_jetpack_memberships_contains_paid_content":false,"footnotes":""},"categories":[1],"tags":[253,251,252,183],"class_list":["post-5550","post","type-post","status-publish","format-standard","hentry","category-allgemein","tag-kaiserslautern","tag-kalmit","tag-neustadt","tag-rheinland-pfalz"],"jetpack_featured_media_url":"","jetpack_sharing_enabled":true,"_links":{"self":[{"href":"https:\/\/gothein.de\/reiseblog\/wp-json\/wp\/v2\/posts\/5550","targetHints":{"allow":["GET"]}}],"collection":[{"href":"https:\/\/gothein.de\/reiseblog\/wp-json\/wp\/v2\/posts"}],"about":[{"href":"https:\/\/gothein.de\/reiseblog\/wp-json\/wp\/v2\/types\/post"}],"author":[{"embeddable":true,"href":"https:\/\/gothein.de\/reiseblog\/wp-json\/wp\/v2\/users\/1"}],"replies":[{"embeddable":true,"href":"https:\/\/gothein.de\/reiseblog\/wp-json\/wp\/v2\/comments?post=5550"}],"version-history":[{"count":0,"href":"https:\/\/gothein.de\/reiseblog\/wp-json\/wp\/v2\/posts\/5550\/revisions"}],"wp:attachment":[{"href":"https:\/\/gothein.de\/reiseblog\/wp-json\/wp\/v2\/media?parent=5550"}],"wp:term":[{"taxonomy":"category","embeddable":true,"href":"https:\/\/gothein.de\/reiseblog\/wp-json\/wp\/v2\/categories?post=5550"},{"taxonomy":"post_tag","embeddable":true,"href":"https:\/\/gothein.de\/reiseblog\/wp-json\/wp\/v2\/tags?post=5550"}],"curies":[{"name":"wp","href":"https:\/\/api.w.org\/{rel}","templated":true}]}}