

{"id":5516,"date":"2023-08-14T21:17:44","date_gmt":"2023-08-14T19:17:44","guid":{"rendered":"https:\/\/gothein.de\/reiseblog\/?p=5516"},"modified":"2023-08-14T22:05:03","modified_gmt":"2023-08-14T20:05:03","slug":"von-heidelberg-nach-tuebingen","status":"publish","type":"post","link":"https:\/\/gothein.de\/reiseblog\/2023\/08\/14\/von-heidelberg-nach-tuebingen\/","title":{"rendered":"Von Heidelberg nach T\u00fcbingen"},"content":{"rendered":"\n<p>Nun sind schon wieder ein paar Tage vergangen seit wir unsere Bretagne\/ Loire Tour beendet haben. Zwischenzeitlich bin ich einmal \u00fcber den K\u00f6nigsstuhl geradelt und habe begonnen meine neue berufliche Web Seite  einzurichten. Am Samstag hatte ich Geburtstag und habe B\u00fccher, Weine, eine Jazz-Ballett Auff\u00fchrung, eine Radhose und einen Garmin Edge 1040 geschenkt bekommen. <\/p>\n\n\n\n<p>Ihr ahnt es schon, der muss nat\u00fcrlich eingeweiht werden. Au\u00dferdem ist die junge Generation in Nussdorf am Bodensee und somit gibt es zwei valide Gr\u00fcnde das Rad rauszuholen und los zu fahren. Ein weiteres Novum sind die beiden kleinen Restrap Taschen f\u00fcr Lenker und am Sattel, die gerade soviel Platz geben, dass ich damit auch ein paar Mal \u00fcbernachten kann und die ich an mein Rennrad h\u00e4ngen kann. Die Hoffnung, dass ich mit ganz wenig Gewicht und mit dem Rennrad wahnsinnig schnell bin, schwindet leider von Kilometer zu Kilometer.&nbsp; <\/p>\n\n\n\n<figure class=\"wp-block-image size-large\"><img loading=\"lazy\" decoding=\"async\" width=\"1024\" height=\"1024\" src=\"https:\/\/gothein.de\/reiseblog\/wp-content\/uploads\/2023\/08\/20230814_194710-1024x1024.jpg\" alt=\"\" class=\"wp-image-5520\" srcset=\"https:\/\/gothein.de\/reiseblog\/wp-content\/uploads\/2023\/08\/20230814_194710-1024x1024.jpg 1024w, https:\/\/gothein.de\/reiseblog\/wp-content\/uploads\/2023\/08\/20230814_194710-300x300.jpg 300w, https:\/\/gothein.de\/reiseblog\/wp-content\/uploads\/2023\/08\/20230814_194710-150x150.jpg 150w, https:\/\/gothein.de\/reiseblog\/wp-content\/uploads\/2023\/08\/20230814_194710-768x768.jpg 768w, https:\/\/gothein.de\/reiseblog\/wp-content\/uploads\/2023\/08\/20230814_194710-1536x1536.jpg 1536w, https:\/\/gothein.de\/reiseblog\/wp-content\/uploads\/2023\/08\/20230814_194710-2048x2048.jpg 2048w, https:\/\/gothein.de\/reiseblog\/wp-content\/uploads\/2023\/08\/20230814_194710-60x60.jpg 60w\" sizes=\"auto, (max-width: 1024px) 100vw, 1024px\" \/><\/figure>\n\n\n\n<p>\u00dcber Komoot habe ich Heidelberg-Kirchheim nach Nussdorf eingegeben und nun fahre ich den direkten Weg. Ich bin erstaunt wie Komoot sich verbessert. Bis Pforzheim nur sch\u00f6ne Radwege. Ab und zu dann mal eine Kreisstra\u00dfe aber im gro\u00dfen und ganzen sehr angenehme Strecken. Bis Pforzheim sind es tats\u00e4chlich nur Radwege und ich \u00fcberquere schadenfroh den Stau auf der A8.<\/p>\n\n\n\n<p>Fachwerk gibt es auch in Tiefenbronn und Weil der Stadt. Kurz nach Pforzheim h\u00e4ngt eine dunkle Wolke vor mir und es donnert. Im Biergarten mache ich eine erste Pause und danach sind die Stra\u00dfen nass. Ich folge sozusagen dem Regen nach. Das geht gut bis G\u00e4rtringen, da treffe ich auf die Wolke aber nur sehr kurz. Die Wolke biegt nach Osten ab, ich muss nach S\u00fcden. Im W\u00fcrmtal gibt es einen ganz neuen Radweg mit perfektem Belag und verschiedenen Skulpturen am Weg.<\/p>\n\n\n\n<figure class=\"wp-block-image\"><img loading=\"lazy\" decoding=\"async\" width=\"1024\" height=\"1024\" src=\"https:\/\/gothein.de\/reiseblog\/wp-content\/uploads\/2023\/08\/20230814_194844-1024x1024.jpg\" alt=\"\" class=\"wp-image-5518\" srcset=\"https:\/\/gothein.de\/reiseblog\/wp-content\/uploads\/2023\/08\/20230814_194844-1024x1024.jpg 1024w, https:\/\/gothein.de\/reiseblog\/wp-content\/uploads\/2023\/08\/20230814_194844-300x300.jpg 300w, https:\/\/gothein.de\/reiseblog\/wp-content\/uploads\/2023\/08\/20230814_194844-150x150.jpg 150w, https:\/\/gothein.de\/reiseblog\/wp-content\/uploads\/2023\/08\/20230814_194844-768x768.jpg 768w, https:\/\/gothein.de\/reiseblog\/wp-content\/uploads\/2023\/08\/20230814_194844-1536x1536.jpg 1536w, https:\/\/gothein.de\/reiseblog\/wp-content\/uploads\/2023\/08\/20230814_194844-2048x2048.jpg 2048w, https:\/\/gothein.de\/reiseblog\/wp-content\/uploads\/2023\/08\/20230814_194844-60x60.jpg 60w\" sizes=\"auto, (max-width: 1024px) 100vw, 1024px\" \/><figcaption class=\"wp-element-caption\">In Herrenberg<\/figcaption><\/figure>\n\n\n\n<p>Die Altstadt von Herrenberg ist f\u00fcr Autos gesperrt und auch hier sind die Fachwerkh\u00e4user zahlreich. In einer B\u00e4ckerei am Weg g\u00f6nne ich mir dann noch was isotonisches und Cappuccino und Marmorkuchen und hole mir ein paar Lebensgeister zur\u00fcck. <\/p>\n\n\n\n<figure class=\"wp-block-image\"><img loading=\"lazy\" decoding=\"async\" width=\"1024\" height=\"1024\" src=\"https:\/\/gothein.de\/reiseblog\/wp-content\/uploads\/2023\/08\/20230814_195245-1024x1024.jpg\" alt=\"\" class=\"wp-image-5521\" srcset=\"https:\/\/gothein.de\/reiseblog\/wp-content\/uploads\/2023\/08\/20230814_195245-1024x1024.jpg 1024w, https:\/\/gothein.de\/reiseblog\/wp-content\/uploads\/2023\/08\/20230814_195245-300x300.jpg 300w, https:\/\/gothein.de\/reiseblog\/wp-content\/uploads\/2023\/08\/20230814_195245-150x150.jpg 150w, https:\/\/gothein.de\/reiseblog\/wp-content\/uploads\/2023\/08\/20230814_195245-768x768.jpg 768w, https:\/\/gothein.de\/reiseblog\/wp-content\/uploads\/2023\/08\/20230814_195245-1536x1536.jpg 1536w, https:\/\/gothein.de\/reiseblog\/wp-content\/uploads\/2023\/08\/20230814_195245-2048x2048.jpg 2048w, https:\/\/gothein.de\/reiseblog\/wp-content\/uploads\/2023\/08\/20230814_195245-60x60.jpg 60w\" sizes=\"auto, (max-width: 1024px) 100vw, 1024px\" \/><figcaption class=\"wp-element-caption\">In T\u00fcbingen <\/figcaption><\/figure>\n\n\n\n<p>Nach Herrenberg f\u00fchrt der Radweg immer weiter nach T\u00fcbingen und als der Garmin nach Rottenburg weiter will, es da aber nur ganz wenige Hotels gibt, entscheide ich mich die 10km nach T\u00fcbingen weiter zu fahren und bekomme ein preiswertes sehr kleines Appartement, nah am Neckar und der Altstadt. Einchecken inklusive Schl\u00fcsselkartenkodierung ist vollst\u00e4ndig digital. Per Aufzug geht es in den dritten Stock und f\u00fcr mein Rad ist gen\u00fcgend Platz.<\/p>\n\n\n\n<figure class=\"wp-block-image\"><img loading=\"lazy\" decoding=\"async\" width=\"1024\" height=\"1024\" src=\"https:\/\/gothein.de\/reiseblog\/wp-content\/uploads\/2023\/08\/20230814_195524-1024x1024.jpg\" alt=\"\" class=\"wp-image-5519\" srcset=\"https:\/\/gothein.de\/reiseblog\/wp-content\/uploads\/2023\/08\/20230814_195524-1024x1024.jpg 1024w, https:\/\/gothein.de\/reiseblog\/wp-content\/uploads\/2023\/08\/20230814_195524-300x300.jpg 300w, https:\/\/gothein.de\/reiseblog\/wp-content\/uploads\/2023\/08\/20230814_195524-150x150.jpg 150w, https:\/\/gothein.de\/reiseblog\/wp-content\/uploads\/2023\/08\/20230814_195524-768x768.jpg 768w, https:\/\/gothein.de\/reiseblog\/wp-content\/uploads\/2023\/08\/20230814_195524-1536x1536.jpg 1536w, https:\/\/gothein.de\/reiseblog\/wp-content\/uploads\/2023\/08\/20230814_195524-2048x2048.jpg 2048w, https:\/\/gothein.de\/reiseblog\/wp-content\/uploads\/2023\/08\/20230814_195524-60x60.jpg 60w\" sizes=\"auto, (max-width: 1024px) 100vw, 1024px\" \/><figcaption class=\"wp-element-caption\">In T\u00fcbingen <\/figcaption><\/figure>\n\n\n\n<p>So komme ich in den Genuss die wundersch\u00f6ne Altstadt mit Kirche, Schloss, vielen lebendigen Bars und Restaurants und die unglaubliche Neckarfront mal ganz gem\u00fctlich durchwandern zu k\u00f6nnen. Auf der Spitze des Berges zwischen den Stadtteilen ist das Schloss Hocht\u00fcbingen mit tollen Innen- und Aussichten. Diesen Berg habe ich \u00fcbrigens in einem langen Rad- und Fu\u00dfg\u00e4nger Tunnel zuvor unterquert. Das mit den Photovoltaik Anlagen scheint hier noch nicht so zu klappen. <\/p>\n\n\n\n<figure class=\"wp-block-image size-large\"><img loading=\"lazy\" decoding=\"async\" width=\"1024\" height=\"1024\" src=\"https:\/\/gothein.de\/reiseblog\/wp-content\/uploads\/2023\/08\/20230814_215136-1024x1024.jpg\" alt=\"\" class=\"wp-image-5524\" srcset=\"https:\/\/gothein.de\/reiseblog\/wp-content\/uploads\/2023\/08\/20230814_215136-1024x1024.jpg 1024w, https:\/\/gothein.de\/reiseblog\/wp-content\/uploads\/2023\/08\/20230814_215136-300x300.jpg 300w, https:\/\/gothein.de\/reiseblog\/wp-content\/uploads\/2023\/08\/20230814_215136-150x150.jpg 150w, https:\/\/gothein.de\/reiseblog\/wp-content\/uploads\/2023\/08\/20230814_215136-768x768.jpg 768w, https:\/\/gothein.de\/reiseblog\/wp-content\/uploads\/2023\/08\/20230814_215136-1536x1536.jpg 1536w, https:\/\/gothein.de\/reiseblog\/wp-content\/uploads\/2023\/08\/20230814_215136-2048x2048.jpg 2048w, https:\/\/gothein.de\/reiseblog\/wp-content\/uploads\/2023\/08\/20230814_215136-60x60.jpg 60w\" sizes=\"auto, (max-width: 1024px) 100vw, 1024px\" \/><\/figure>\n\n\n\n<p>Die Strecke heute war 129 km lang mit 1450 H\u00f6henmetern. <\/p>\n\n\n\n        <div id=\"map_ol3js_1\"\n             class=\"map undefined\"\n             data-map_name=\"undefined\"\n             data-map=\"map_ol3js_1\"\n             style=\"width:100%;\n                    max-width:100%;\n                    height:450px;\n                    display:block;\n                    overflow:hidden;\n                    border:2px solid grey;\">\n          <div id=\"map_ol3js_1_popup\" class=\"ol-popup\">\n            <a href=\"#\" id=\"map_ol3js_1_popup-closer\" class=\"ol-popup-closer\"><\/a>\n            <div id=\"map_ol3js_1_popup-content\"><\/div>\n          <\/div>\n        <\/div>\n    \n\n\t\t\t\t<script type=\"text\/javascript\">\n\t\t\t\t\ttranslations['openlayer'] = \"open layer\";\n\t\t\t\t\ttranslations['openlayerAtStartup'] = \"open layer at startup\";\n\t\t\t\t\ttranslations['generateLink'] = \"Der Link zur Karte mit ausgew\u00e4hlten Overlays und angezeigtem Ausschnitt\";\n\t\t\t\t\ttranslations['shortDescription'] = \"Kurzbeschreibung\";\n\t\t\t\t\ttranslations['generatedShortCode'] = \"to get a text control link paste this code in your wordpress editor\";\n\t\t\t\t\ttranslations['closeLayer'] = \"close layer\";\n\t\t\t\t\ttranslations['cantGenerateLink'] = \"put this string in the existing map short code to control this map\";\n\t\t\t  <\/script>\n\n\n\t\t\t  <script type=\"text\/javascript\">\n\t\t\t  vectorM['map_ol3js_1'] = [];\n\t        \n        var raster = getTileLayer(\"osm\",\"NoKey\");\t\t\t\n\n\t\t\t  var map_ol3js_1 = new ol.Map({\n\t\t\t\tinteractions: ol.interaction.defaults.defaults({mouseWheelZoom:false}),\n\t\t\t\tlayers: [raster],\n\t\t\t\ttarget: \"map_ol3js_1\",\n\t\t\t\tview: new ol.View({\n\t\t\t\t  center: ol.proj.transform([8.847116,48.949294], \"EPSG:4326\", \"EPSG:3857\"),\n\t\t\t\t  zoom: 8.424827\n\t\t\t\t})\n\t\t\t  });\n\t\t\t  \n    var style0 = {\n      \"Point\": [new ol.style.Style({\n\n          image: new ol.style.Icon({\n            anchor: [0.5, 41],\n            anchorXUnits: \"fraction\",\n            anchorYUnits: \"pixels\",\n            opacity: 0.75,\n            src: \"https:\/\/gothein.de\/reiseblog\/wp-content\/plugins\/osm\/icons\/mic_blue_pinother_02.png\"\n          })\n      })],\n\n      \"LineString\": [new ol.style.Style({\n        stroke: new ol.style.Stroke({\n          color: \"blue\",\n          width: 8\n        })\n      })],\n      \"MultiLineString\": [new ol.style.Style({\n        stroke: new ol.style.Stroke({\n          color: \"blue\",\n          width: 4\n        })\n      })]\n    };\n\t\t  var vectorL0 = new ol.layer.Vector({\n\t\t\t\tsource: new ol.source.Vector({\n\t\t\t\turl:\"\/reiseblog\/wp-content\/uploads\/gpx\/20230814_Heidelberg_Tuebingen.gpx\",\n\t\t\t\tformat: new ol.format.GPX({\n\t\t\t\t\textractStyles: false\n\t\t\t\t})\n\t\t\t}),\n\t\t\tzIndex: 92,\n\t\t\tstyle: function(feature, resolution) {return style0[feature.getGeometry().getType()];}\n\t\t  });\n\t\t  map_ol3js_1.addLayer(vectorL0);addControls2Map(map_ol3js_1,0,0,3,1,5,6,7,0,1);\nosm_addPopupClickhandler(map_ol3js_1,  \"map_ol3js_1\"); \nosm_addMouseHover(map_ol3js_1); <\/script>\n\n\n\n<p><\/p>\n","protected":false},"excerpt":{"rendered":"<p>Nun sind schon wieder ein paar Tage vergangen seit wir unsere Bretagne\/ Loire Tour beendet haben. Zwischenzeitlich bin ich einmal \u00fcber den K\u00f6nigsstuhl geradelt und habe begonnen meine neue berufliche Web Seite einzurichten. Am Samstag hatte ich Geburtstag und habe B\u00fccher, Weine, eine Jazz-Ballett Auff\u00fchrung, eine Radhose und einen Garmin Edge 1040 geschenkt bekommen. Ihr [&hellip;]<\/p>\n","protected":false},"author":1,"featured_media":0,"comment_status":"open","ping_status":"open","sticky":false,"template":"","format":"standard","meta":{"ngg_post_thumbnail":0,"_jetpack_memberships_contains_paid_content":false,"footnotes":""},"categories":[1],"tags":[146,148,250],"class_list":["post-5516","post","type-post","status-publish","format-standard","hentry","category-allgemein","tag-baden-wuerttemberg","tag-heidelberg","tag-tuebingen"],"jetpack_featured_media_url":"","jetpack_sharing_enabled":true,"_links":{"self":[{"href":"https:\/\/gothein.de\/reiseblog\/wp-json\/wp\/v2\/posts\/5516","targetHints":{"allow":["GET"]}}],"collection":[{"href":"https:\/\/gothein.de\/reiseblog\/wp-json\/wp\/v2\/posts"}],"about":[{"href":"https:\/\/gothein.de\/reiseblog\/wp-json\/wp\/v2\/types\/post"}],"author":[{"embeddable":true,"href":"https:\/\/gothein.de\/reiseblog\/wp-json\/wp\/v2\/users\/1"}],"replies":[{"embeddable":true,"href":"https:\/\/gothein.de\/reiseblog\/wp-json\/wp\/v2\/comments?post=5516"}],"version-history":[{"count":0,"href":"https:\/\/gothein.de\/reiseblog\/wp-json\/wp\/v2\/posts\/5516\/revisions"}],"wp:attachment":[{"href":"https:\/\/gothein.de\/reiseblog\/wp-json\/wp\/v2\/media?parent=5516"}],"wp:term":[{"taxonomy":"category","embeddable":true,"href":"https:\/\/gothein.de\/reiseblog\/wp-json\/wp\/v2\/categories?post=5516"},{"taxonomy":"post_tag","embeddable":true,"href":"https:\/\/gothein.de\/reiseblog\/wp-json\/wp\/v2\/tags?post=5516"}],"curies":[{"name":"wp","href":"https:\/\/api.w.org\/{rel}","templated":true}]}}