

{"id":5483,"date":"2023-07-28T23:58:45","date_gmt":"2023-07-28T21:58:45","guid":{"rendered":"https:\/\/gothein.de\/reiseblog\/?p=5483"},"modified":"2023-07-28T23:59:41","modified_gmt":"2023-07-28T21:59:41","slug":"von-saumur-nach-tours","status":"publish","type":"post","link":"https:\/\/gothein.de\/reiseblog\/2023\/07\/28\/von-saumur-nach-tours\/","title":{"rendered":"Von Saumur nach Tours"},"content":{"rendered":"\n<p>Um 6:30 wache ich auf,\u00a0 ob des st\u00e4rker einsetzenden Stra\u00dfenverkehrs von Autos, die auf nasser Stra\u00dfe fahren. Das Rive Gauche k\u00f6nnte deutlich mehr unternehmen, um die Zimmer von innen und au\u00dfen vor L\u00e4rm zu sch\u00fctzen. Das Fr\u00fchst\u00fcck ist ganz gut. Es gibt K\u00e4se, Joghurt, Obst und Eier. <\/p>\n\n\n\n<p>Im Supermarkt decken wir uns mit Wasser ein und fahren voller Optimismus ohne Regenjacken los. Der h\u00e4lt nur kurz: bevor wir Saumur verlassen haben, sind wir wieder in voller Regenmontur eingekleidet. Bald ist wieder Schluss und wieder ausziehen. Kurz nachdem wir den 0. L\u00e4ngengrad \u00fcberqueren, kommen wir durch verschiedene D\u00f6rfer, die in die Kalksteinfelsen eingehauen sind. <\/p>\n\n\n\n<figure class=\"wp-block-image size-large\"><img loading=\"lazy\" decoding=\"async\" width=\"1024\" height=\"1024\" src=\"https:\/\/gothein.de\/reiseblog\/wp-content\/uploads\/2023\/07\/20230728_155900-1024x1024.jpg\" alt=\"\" class=\"wp-image-5482\" srcset=\"https:\/\/gothein.de\/reiseblog\/wp-content\/uploads\/2023\/07\/20230728_155900-1024x1024.jpg 1024w, https:\/\/gothein.de\/reiseblog\/wp-content\/uploads\/2023\/07\/20230728_155900-300x300.jpg 300w, https:\/\/gothein.de\/reiseblog\/wp-content\/uploads\/2023\/07\/20230728_155900-150x150.jpg 150w, https:\/\/gothein.de\/reiseblog\/wp-content\/uploads\/2023\/07\/20230728_155900-768x768.jpg 768w, https:\/\/gothein.de\/reiseblog\/wp-content\/uploads\/2023\/07\/20230728_155900-1536x1536.jpg 1536w, https:\/\/gothein.de\/reiseblog\/wp-content\/uploads\/2023\/07\/20230728_155900-2048x2048.jpg 2048w, https:\/\/gothein.de\/reiseblog\/wp-content\/uploads\/2023\/07\/20230728_155900-60x60.jpg 60w\" sizes=\"auto, (max-width: 1024px) 100vw, 1024px\" \/><\/figure>\n\n\n\n<p>Insbesondere in Turquant sind gut erhaltene H\u00f6hlenwohnungen zu sehen, die direkt in die Kalksteinh\u00e4nge integriert wurden. Es gibt Gewerke wie Juweliere, Bildhauer, sonstige Kunst  zu sehen.<\/p>\n\n\n\n<p>Ab hier geht&#8217;s trocken auf guten Radwegen und Nebenstra\u00dfen mit ein bisschen R\u00fcckenwind sehr z\u00fcgig mit im Schnitt \u00fcber 20km\/h weiter. In Br\u00e9h\u00e9mont machen wir in einer netten Bar und einer \u00c9picerie Pause. Noch keine 12h und schon \u00fcber 40 km. Als wir wieder los wollen, ist der westliche Himmel schwarz und der Regen holt uns ein. Eine Stunde mit str\u00f6mendem Regen und dann ist wieder Schluss. Ab der M\u00fcndung der Chere geht es an diesem Fluss weiter. Es kommen ein paar hundert Meter auf praktisch unbefahrbarem Kopfsteinpflaster. W\u00e4hrenddessen h\u00f6rt der Regen auf und wir erreichen unser Hotel p\u00fcnktlich um 15h und k\u00f6nnen das Zimmer direkt beziehen. <\/p>\n\n\n\n<p>Wir haben noch ein bisschen Zeit um noch einmal durch ein paar andere Ecken von Tours zu spazieren, bis wir abgeholt werden. Dabei kommen wir am Rathaus und dem Turm der ehemaligen Basilika f\u00fcr den heiligen Martin aus Tours vorbei. <\/p>\n\n\n\n<figure class=\"wp-block-image size-large\"><img loading=\"lazy\" decoding=\"async\" width=\"1024\" height=\"1024\" src=\"https:\/\/gothein.de\/reiseblog\/wp-content\/uploads\/2023\/07\/20230728_225437-1024x1024.jpg\" alt=\"\" class=\"wp-image-5487\" srcset=\"https:\/\/gothein.de\/reiseblog\/wp-content\/uploads\/2023\/07\/20230728_225437-1024x1024.jpg 1024w, https:\/\/gothein.de\/reiseblog\/wp-content\/uploads\/2023\/07\/20230728_225437-300x300.jpg 300w, https:\/\/gothein.de\/reiseblog\/wp-content\/uploads\/2023\/07\/20230728_225437-150x150.jpg 150w, https:\/\/gothein.de\/reiseblog\/wp-content\/uploads\/2023\/07\/20230728_225437-768x768.jpg 768w, https:\/\/gothein.de\/reiseblog\/wp-content\/uploads\/2023\/07\/20230728_225437-1536x1536.jpg 1536w, https:\/\/gothein.de\/reiseblog\/wp-content\/uploads\/2023\/07\/20230728_225437-2048x2048.jpg 2048w, https:\/\/gothein.de\/reiseblog\/wp-content\/uploads\/2023\/07\/20230728_225437-60x60.jpg 60w\" sizes=\"auto, (max-width: 1024px) 100vw, 1024px\" \/><\/figure>\n\n\n\n<p>Zum Abschluss holen wir unser Auto wieder und werden sehr sehr reichlich und sehr sehr gut bewirtet. Bevor wir ins Hotel gehen, gibt es noch ein Abschlussgetr\u00e4nk in einer der vielen Bars in der Altstadt. <\/p>\n\n\n\n<p>Die letzte Etappe war 76 km lang und mit 170 H\u00f6henmetern fast flach. Der Wind blies weiterhin sehr g\u00fcnstig f\u00fcr uns, aber die Regenjacken sind wieder zum Einsatz gekommen. Ich denke, ich werde mich mal nach passenden Schutzblechen umschauen. <\/p>\n\n\n\n        <div id=\"map_ol3js_1\"\n             class=\"map undefined\"\n             data-map_name=\"undefined\"\n             data-map=\"map_ol3js_1\"\n             style=\"width:100%;\n                    max-width:100%;\n                    height:450px;\n                    display:block;\n                    overflow:hidden;\n                    border:2px solid grey;\">\n          <div id=\"map_ol3js_1_popup\" class=\"ol-popup\">\n            <a href=\"#\" id=\"map_ol3js_1_popup-closer\" class=\"ol-popup-closer\"><\/a>\n            <div id=\"map_ol3js_1_popup-content\"><\/div>\n          <\/div>\n        <\/div>\n    \n\n\t\t\t\t<script type=\"text\/javascript\">\n\t\t\t\t\ttranslations['openlayer'] = \"open layer\";\n\t\t\t\t\ttranslations['openlayerAtStartup'] = \"open layer at startup\";\n\t\t\t\t\ttranslations['generateLink'] = \"Der Link zur Karte mit ausgew\u00e4hlten Overlays und angezeigtem Ausschnitt\";\n\t\t\t\t\ttranslations['shortDescription'] = \"Kurzbeschreibung\";\n\t\t\t\t\ttranslations['generatedShortCode'] = \"to get a text control link paste this code in your wordpress editor\";\n\t\t\t\t\ttranslations['closeLayer'] = \"close layer\";\n\t\t\t\t\ttranslations['cantGenerateLink'] = \"put this string in the existing map short code to control this map\";\n\t\t\t  <\/script>\n\n\n\t\t\t  <script type=\"text\/javascript\">\n\t\t\t  vectorM['map_ol3js_1'] = [];\n\t        \n        var raster = getTileLayer(\"osm\",\"NoKey\");\t\t\t\n\n\t\t\t  var map_ol3js_1 = new ol.Map({\n\t\t\t\tinteractions: ol.interaction.defaults.defaults({mouseWheelZoom:false}),\n\t\t\t\tlayers: [raster],\n\t\t\t\ttarget: \"map_ol3js_1\",\n\t\t\t\tview: new ol.View({\n\t\t\t\t  center: ol.proj.transform([0.305736,47.299468], \"EPSG:4326\", \"EPSG:3857\"),\n\t\t\t\t  zoom: 9.220112\n\t\t\t\t})\n\t\t\t  });\n\t\t\t  \n    var style0 = {\n      \"Point\": [new ol.style.Style({\n\n          image: new ol.style.Icon({\n            anchor: [0.5, 41],\n            anchorXUnits: \"fraction\",\n            anchorYUnits: \"pixels\",\n            opacity: 0.75,\n            src: \"https:\/\/gothein.de\/reiseblog\/wp-content\/plugins\/osm\/icons\/mic_blue_pinother_02.png\"\n          })\n      })],\n\n      \"LineString\": [new ol.style.Style({\n        stroke: new ol.style.Stroke({\n          color: \"blue\",\n          width: 8\n        })\n      })],\n      \"MultiLineString\": [new ol.style.Style({\n        stroke: new ol.style.Stroke({\n          color: \"blue\",\n          width: 4\n        })\n      })]\n    };\n\t\t  var vectorL0 = new ol.layer.Vector({\n\t\t\t\tsource: new ol.source.Vector({\n\t\t\t\turl:\"\/reiseblog\/wp-content\/uploads\/gpx\/20230728_Saumur_Tours.gpx\",\n\t\t\t\tformat: new ol.format.GPX({\n\t\t\t\t\textractStyles: false\n\t\t\t\t})\n\t\t\t}),\n\t\t\tzIndex: 92,\n\t\t\tstyle: function(feature, resolution) {return style0[feature.getGeometry().getType()];}\n\t\t  });\n\t\t  map_ol3js_1.addLayer(vectorL0);addControls2Map(map_ol3js_1,0,0,3,1,5,6,7,0,1);\nosm_addPopupClickhandler(map_ol3js_1,  \"map_ol3js_1\"); \nosm_addMouseHover(map_ol3js_1); <\/script>\n","protected":false},"excerpt":{"rendered":"<p>Um 6:30 wache ich auf,\u00a0 ob des st\u00e4rker einsetzenden Stra\u00dfenverkehrs von Autos, die auf nasser Stra\u00dfe fahren. Das Rive Gauche k\u00f6nnte deutlich mehr unternehmen, um die Zimmer von innen und au\u00dfen vor L\u00e4rm zu sch\u00fctzen. Das Fr\u00fchst\u00fcck ist ganz gut. Es gibt K\u00e4se, Joghurt, Obst und Eier. Im Supermarkt decken wir uns mit Wasser ein [&hellip;]<\/p>\n","protected":false},"author":1,"featured_media":0,"comment_status":"open","ping_status":"open","sticky":false,"template":"","format":"standard","meta":{"ngg_post_thumbnail":0,"_jetpack_memberships_contains_paid_content":false,"footnotes":""},"categories":[1],"tags":[227,137,246,249,228],"class_list":["post-5483","post","type-post","status-publish","format-standard","hentry","category-allgemein","tag-bretagne","tag-frankreich","tag-loire","tag-saumur","tag-tours"],"jetpack_featured_media_url":"","jetpack_sharing_enabled":true,"_links":{"self":[{"href":"https:\/\/gothein.de\/reiseblog\/wp-json\/wp\/v2\/posts\/5483","targetHints":{"allow":["GET"]}}],"collection":[{"href":"https:\/\/gothein.de\/reiseblog\/wp-json\/wp\/v2\/posts"}],"about":[{"href":"https:\/\/gothein.de\/reiseblog\/wp-json\/wp\/v2\/types\/post"}],"author":[{"embeddable":true,"href":"https:\/\/gothein.de\/reiseblog\/wp-json\/wp\/v2\/users\/1"}],"replies":[{"embeddable":true,"href":"https:\/\/gothein.de\/reiseblog\/wp-json\/wp\/v2\/comments?post=5483"}],"version-history":[{"count":0,"href":"https:\/\/gothein.de\/reiseblog\/wp-json\/wp\/v2\/posts\/5483\/revisions"}],"wp:attachment":[{"href":"https:\/\/gothein.de\/reiseblog\/wp-json\/wp\/v2\/media?parent=5483"}],"wp:term":[{"taxonomy":"category","embeddable":true,"href":"https:\/\/gothein.de\/reiseblog\/wp-json\/wp\/v2\/categories?post=5483"},{"taxonomy":"post_tag","embeddable":true,"href":"https:\/\/gothein.de\/reiseblog\/wp-json\/wp\/v2\/tags?post=5483"}],"curies":[{"name":"wp","href":"https:\/\/api.w.org\/{rel}","templated":true}]}}