

{"id":5474,"date":"2023-07-27T22:16:51","date_gmt":"2023-07-27T20:16:51","guid":{"rendered":"https:\/\/gothein.de\/reiseblog\/?p=5474"},"modified":"2023-07-27T22:27:48","modified_gmt":"2023-07-27T20:27:48","slug":"von-angers-nach-saumur","status":"publish","type":"post","link":"https:\/\/gothein.de\/reiseblog\/2023\/07\/27\/von-angers-nach-saumur\/","title":{"rendered":"Von Angers nach Saumur"},"content":{"rendered":"\n<p>Im Chambres Mathilde war Fr\u00fchst\u00fcck inklusive und entsprechend des Stils seines Hauses gibt es das auf edlem Porzellan und mit Silberbesteck inklusive silberner Messerb\u00e4nkchen. Mit Marmelade und gesalzener Butter muss man zufrieden sein, aber wir haben noch ein paar K\u00e4sereste dabei.<\/p>\n\n\n\n<p>W\u00e4hrend wir uns fertig machen, verhei\u00dft der Himmel nichts Gutes. Und schon bald regnet es. Ich ziehe meine Regenjacke an, aber als wir aus dem Haus kommen, ist wieder Schlu\u00df. So bleibt es dann auch. Einmal kamen noch ein paar Tropfen und oft war die Stra\u00dfe nass. <\/p>\n\n\n\n<p>Die ersten 20 km sind wir weit von der Loire entfernt und fahren in fantasievollem Zick Zack raus aus der Stadt und als erstes durch ein zum Erholungsgebiet umgewidmetes Schieferabbaugebiet des ber\u00fchmten Schiefers von Angers. <\/p>\n\n\n\n<figure class=\"wp-block-image size-large\"><img loading=\"lazy\" decoding=\"async\" width=\"1024\" height=\"1024\" src=\"https:\/\/gothein.de\/reiseblog\/wp-content\/uploads\/2023\/07\/20230727_191356-1024x1024.jpg\" alt=\"\" class=\"wp-image-5473\" srcset=\"https:\/\/gothein.de\/reiseblog\/wp-content\/uploads\/2023\/07\/20230727_191356-1024x1024.jpg 1024w, https:\/\/gothein.de\/reiseblog\/wp-content\/uploads\/2023\/07\/20230727_191356-300x300.jpg 300w, https:\/\/gothein.de\/reiseblog\/wp-content\/uploads\/2023\/07\/20230727_191356-150x150.jpg 150w, https:\/\/gothein.de\/reiseblog\/wp-content\/uploads\/2023\/07\/20230727_191356-768x768.jpg 768w, https:\/\/gothein.de\/reiseblog\/wp-content\/uploads\/2023\/07\/20230727_191356-1536x1536.jpg 1536w, https:\/\/gothein.de\/reiseblog\/wp-content\/uploads\/2023\/07\/20230727_191356-2048x2048.jpg 2048w, https:\/\/gothein.de\/reiseblog\/wp-content\/uploads\/2023\/07\/20230727_191356-60x60.jpg 60w\" sizes=\"auto, (max-width: 1024px) 100vw, 1024px\" \/><\/figure>\n\n\n\n<p>Der Radweg f\u00fchrt \u00fcber ein Kanalsystem, welches \u00fcber eine kleine Selbstbedienungsf\u00e4hre \u00fcberquert werden soll. Das geht leider schief. Trotz \u00e4u\u00dferster Anstrengung l\u00e4sst sich die F\u00e4hre nicht an unser Ufer ziehen. Auf dem letzten Meter blockiert was und auf der Gegenseite ist erkennbar, dass sich die Kette verhakt hat. Das erfordert ein paar Kilometer Umweg.<\/p>\n\n\n\n<p>In Saint-Mathurin erreichen wir wieder die Loire und machen eine Pause mit Blick auf die Br\u00fccke. Auf der andern Seite in Saint-R\u00e9my ist dann eine alte besichtigbare  Kirche mit Priorei. Der Weg f\u00fchrt teilweise recht weit weg vom Fluss, was zur Folge hat, dass es h\u00fcgelig wird, mit Auswirkungen auf die H\u00f6henmeterstatistik. Sonst ist da wieder einsame Landwirtschaft. Die Sonnenblumen, die noch vor drei Wochen erwartungsvoll in die Sonne blickten, lassen reif die K\u00f6pfe h\u00e4ngen und warten auf die Ernte. <\/p>\n\n\n\n<p>In Saumur angekommen, m\u00fcssen wir uns ein bisschen mit dem Rad die Zeit vertreiben. Die Rezeption im &#8222;Rive Gauche&#8220; ist leider erst ab 16h besetzt. Die Zeit verbringen wir mit Croque Monsieur, in der uns lieb gewonnenen Fast Food Boulangerie &#8222;La Mie Caline&#8220; und ein bisschen rumrollen durch die Altstadt. <\/p>\n\n\n\n<p>Im Hotel k\u00f6nnen wir unsere R\u00e4der im geschlossenen Restaurant parken. Wir steuern zielstrebig das Schloss an, um da mit 2&#215;8,50\u20ac die Zeit nutzen zu k\u00f6nnen. Es gibt eine Tolkien Ausstellung (50. Todesjahr), viel Porzellan und ein Pferdemuseum. Steigb\u00fcgel, Trensen, Zaumzeug, S\u00e4ttel,  &#8230; alles ganz interessant, aber eben doch nicht so interessant, dass man sich jedes Detail anschauen m\u00f6chte. <\/p>\n\n\n\n<figure class=\"wp-block-image\"><img loading=\"lazy\" decoding=\"async\" width=\"1024\" height=\"1024\" src=\"https:\/\/gothein.de\/reiseblog\/wp-content\/uploads\/2023\/07\/20230727_191115-1024x1024.jpg\" alt=\"\" class=\"wp-image-5471\" srcset=\"https:\/\/gothein.de\/reiseblog\/wp-content\/uploads\/2023\/07\/20230727_191115-1024x1024.jpg 1024w, https:\/\/gothein.de\/reiseblog\/wp-content\/uploads\/2023\/07\/20230727_191115-300x300.jpg 300w, https:\/\/gothein.de\/reiseblog\/wp-content\/uploads\/2023\/07\/20230727_191115-150x150.jpg 150w, https:\/\/gothein.de\/reiseblog\/wp-content\/uploads\/2023\/07\/20230727_191115-768x768.jpg 768w, https:\/\/gothein.de\/reiseblog\/wp-content\/uploads\/2023\/07\/20230727_191115-1536x1536.jpg 1536w, https:\/\/gothein.de\/reiseblog\/wp-content\/uploads\/2023\/07\/20230727_191115-2048x2048.jpg 2048w, https:\/\/gothein.de\/reiseblog\/wp-content\/uploads\/2023\/07\/20230727_191115-60x60.jpg 60w\" sizes=\"auto, (max-width: 1024px) 100vw, 1024px\" \/><\/figure>\n\n\n\n<p>Auf dem Weg durchqueren wir die Altstadt mit vielen Pl\u00e4tzen und Bars. Das beste am 50 Meter h\u00f6her liegenden Schloss sind die Panoramen auf den Fluss. Flussaufw\u00e4rts ist Sonne und abw\u00e4rts dr\u00e4ngen schon wieder Wolken nach. <\/p>\n\n\n\n<p>Nachdem wir zuletzt noch die Br\u00fccke \u00fcberqueren, ergeben sich dann allerdings die besten Bilder auf Schloss, Fluss, Br\u00fccken.<\/p>\n\n\n\n<figure class=\"wp-block-image\"><img loading=\"lazy\" decoding=\"async\" width=\"1024\" height=\"1024\" src=\"https:\/\/gothein.de\/reiseblog\/wp-content\/uploads\/2023\/07\/20230727_190948-1024x1024.jpg\" alt=\"\" class=\"wp-image-5472\" srcset=\"https:\/\/gothein.de\/reiseblog\/wp-content\/uploads\/2023\/07\/20230727_190948-1024x1024.jpg 1024w, https:\/\/gothein.de\/reiseblog\/wp-content\/uploads\/2023\/07\/20230727_190948-300x300.jpg 300w, https:\/\/gothein.de\/reiseblog\/wp-content\/uploads\/2023\/07\/20230727_190948-150x150.jpg 150w, https:\/\/gothein.de\/reiseblog\/wp-content\/uploads\/2023\/07\/20230727_190948-768x768.jpg 768w, https:\/\/gothein.de\/reiseblog\/wp-content\/uploads\/2023\/07\/20230727_190948-1536x1536.jpg 1536w, https:\/\/gothein.de\/reiseblog\/wp-content\/uploads\/2023\/07\/20230727_190948-2048x2048.jpg 2048w, https:\/\/gothein.de\/reiseblog\/wp-content\/uploads\/2023\/07\/20230727_190948-60x60.jpg 60w\" sizes=\"auto, (max-width: 1024px) 100vw, 1024px\" \/><\/figure>\n\n\n\n<p>Heute sind wir mit Umweg dann 56 km unterwegs gewesen, mit immerhin 280 H\u00f6henmetern. Der Wind war heute deutlich st\u00e4rker und gl\u00fccklicherweise meistens wieder von hinten. <\/p>\n\n\n\n        <div id=\"map_ol3js_1\"\n             class=\"map undefined\"\n             data-map_name=\"undefined\"\n             data-map=\"map_ol3js_1\"\n             style=\"width:100%;\n                    max-width:100%;\n                    height:450px;\n                    display:block;\n                    overflow:hidden;\n                    border:2px solid grey;\">\n          <div id=\"map_ol3js_1_popup\" class=\"ol-popup\">\n            <a href=\"#\" id=\"map_ol3js_1_popup-closer\" class=\"ol-popup-closer\"><\/a>\n            <div id=\"map_ol3js_1_popup-content\"><\/div>\n          <\/div>\n        <\/div>\n    \n\n\t\t\t\t<script type=\"text\/javascript\">\n\t\t\t\t\ttranslations['openlayer'] = \"open layer\";\n\t\t\t\t\ttranslations['openlayerAtStartup'] = \"open layer at startup\";\n\t\t\t\t\ttranslations['generateLink'] = \"Der Link zur Karte mit ausgew\u00e4hlten Overlays und angezeigtem Ausschnitt\";\n\t\t\t\t\ttranslations['shortDescription'] = \"Kurzbeschreibung\";\n\t\t\t\t\ttranslations['generatedShortCode'] = \"to get a text control link paste this code in your wordpress editor\";\n\t\t\t\t\ttranslations['closeLayer'] = \"close layer\";\n\t\t\t\t\ttranslations['cantGenerateLink'] = \"put this string in the existing map short code to control this map\";\n\t\t\t  <\/script>\n\n\n\t\t\t  <script type=\"text\/javascript\">\n\t\t\t  vectorM['map_ol3js_1'] = [];\n\t        \n        var raster = getTileLayer(\"osm\",\"NoKey\");\t\t\t\n\n\t\t\t  var map_ol3js_1 = new ol.Map({\n\t\t\t\tinteractions: ol.interaction.defaults.defaults({mouseWheelZoom:false}),\n\t\t\t\tlayers: [raster],\n\t\t\t\ttarget: \"map_ol3js_1\",\n\t\t\t\tview: new ol.View({\n\t\t\t\t  center: ol.proj.transform([-0.312479,47.365139], \"EPSG:4326\", \"EPSG:3857\"),\n\t\t\t\t  zoom: 9.806389\n\t\t\t\t})\n\t\t\t  });\n\t\t\t  \n    var style0 = {\n      \"Point\": [new ol.style.Style({\n\n          image: new ol.style.Icon({\n            anchor: [0.5, 41],\n            anchorXUnits: \"fraction\",\n            anchorYUnits: \"pixels\",\n            opacity: 0.75,\n            src: \"https:\/\/gothein.de\/reiseblog\/wp-content\/plugins\/osm\/icons\/mic_blue_pinother_02.png\"\n          })\n      })],\n\n      \"LineString\": [new ol.style.Style({\n        stroke: new ol.style.Stroke({\n          color: \"blue\",\n          width: 8\n        })\n      })],\n      \"MultiLineString\": [new ol.style.Style({\n        stroke: new ol.style.Stroke({\n          color: \"blue\",\n          width: 4\n        })\n      })]\n    };\n\t\t  var vectorL0 = new ol.layer.Vector({\n\t\t\t\tsource: new ol.source.Vector({\n\t\t\t\turl:\"\/reiseblog\/wp-content\/uploads\/gpx\/20230727_Angers_Saumur.gpx\",\n\t\t\t\tformat: new ol.format.GPX({\n\t\t\t\t\textractStyles: false\n\t\t\t\t})\n\t\t\t}),\n\t\t\tzIndex: 92,\n\t\t\tstyle: function(feature, resolution) {return style0[feature.getGeometry().getType()];}\n\t\t  });\n\t\t  map_ol3js_1.addLayer(vectorL0);addControls2Map(map_ol3js_1,0,0,3,1,5,6,7,0,1);\nosm_addPopupClickhandler(map_ol3js_1,  \"map_ol3js_1\"); \nosm_addMouseHover(map_ol3js_1); <\/script>\n","protected":false},"excerpt":{"rendered":"<p>Im Chambres Mathilde war Fr\u00fchst\u00fcck inklusive und entsprechend des Stils seines Hauses gibt es das auf edlem Porzellan und mit Silberbesteck inklusive silberner Messerb\u00e4nkchen. Mit Marmelade und gesalzener Butter muss man zufrieden sein, aber wir haben noch ein paar K\u00e4sereste dabei. W\u00e4hrend wir uns fertig machen, verhei\u00dft der Himmel nichts Gutes. Und schon bald regnet [&hellip;]<\/p>\n","protected":false},"author":1,"featured_media":0,"comment_status":"open","ping_status":"open","sticky":false,"template":"","format":"standard","meta":{"ngg_post_thumbnail":0,"_jetpack_memberships_contains_paid_content":false,"footnotes":""},"categories":[1],"tags":[247,248,137,249],"class_list":["post-5474","post","type-post","status-publish","format-standard","hentry","category-allgemein","tag-angers","tag-bretagne-loire","tag-frankreich","tag-saumur"],"jetpack_featured_media_url":"","jetpack_sharing_enabled":true,"_links":{"self":[{"href":"https:\/\/gothein.de\/reiseblog\/wp-json\/wp\/v2\/posts\/5474","targetHints":{"allow":["GET"]}}],"collection":[{"href":"https:\/\/gothein.de\/reiseblog\/wp-json\/wp\/v2\/posts"}],"about":[{"href":"https:\/\/gothein.de\/reiseblog\/wp-json\/wp\/v2\/types\/post"}],"author":[{"embeddable":true,"href":"https:\/\/gothein.de\/reiseblog\/wp-json\/wp\/v2\/users\/1"}],"replies":[{"embeddable":true,"href":"https:\/\/gothein.de\/reiseblog\/wp-json\/wp\/v2\/comments?post=5474"}],"version-history":[{"count":0,"href":"https:\/\/gothein.de\/reiseblog\/wp-json\/wp\/v2\/posts\/5474\/revisions"}],"wp:attachment":[{"href":"https:\/\/gothein.de\/reiseblog\/wp-json\/wp\/v2\/media?parent=5474"}],"wp:term":[{"taxonomy":"category","embeddable":true,"href":"https:\/\/gothein.de\/reiseblog\/wp-json\/wp\/v2\/categories?post=5474"},{"taxonomy":"post_tag","embeddable":true,"href":"https:\/\/gothein.de\/reiseblog\/wp-json\/wp\/v2\/tags?post=5474"}],"curies":[{"name":"wp","href":"https:\/\/api.w.org\/{rel}","templated":true}]}}