

{"id":5449,"date":"2023-07-25T21:31:13","date_gmt":"2023-07-25T19:31:13","guid":{"rendered":"https:\/\/gothein.de\/reiseblog\/?p=5449"},"modified":"2023-07-26T08:49:31","modified_gmt":"2023-07-26T06:49:31","slug":"von-nantes-nach-ancenis","status":"publish","type":"post","link":"https:\/\/gothein.de\/reiseblog\/2023\/07\/25\/von-nantes-nach-ancenis\/","title":{"rendered":"Von Nantes nach Ancenis"},"content":{"rendered":"\n<p>In unserem kleinen Appartement \u201eL\u2018Atelier Graslin\u201c fr\u00fchst\u00fccken wir zun\u00e4chst. Das Appartement im Erdgeschoss wurde auf ziemlich phantasievolle Weise renoviert, was zwar funktional und von der Einrichtung super passt, auch f\u00fcr unsere R\u00e4der gab es eine Ecke, aber die Waschbecken, Dusche und Toilette waren winzig. <\/p>\n\n\n\n<p>Als erstes besuchen wir einen Radladen mit lauter edlen R\u00e4dern und einer Bar, bei dem wir gestern ein paar Schutzbleche entdeckt hatten, die vielleicht bei mir passen w\u00fcrden. Das Fahren bei Regen im Matsch ist ohne Schutzbleche doch eine ziemliche Sauerei. Er hat zwar welche, aber die passen nur f\u00fcr noch schmalere R\u00e4der bis 28mm Breite und ich fahre ja aktuell 32mm. Der freundliche Mann im Radladen hat mir noch ganz viel erkl\u00e4rt, aber leider habe ich nur wenig verstanden. Also geht es dann doch ohne weiter auf den relativ kurzen Weg nach Ancenis. Aus Nantes f\u00fchren uns richtig gro\u00dfe und gut asphaltierte, toll in den Verkehrsfluss integrierte Radwege aus der Stadt hinaus. <\/p>\n\n\n\n<figure class=\"wp-block-image size-large\"><img loading=\"lazy\" decoding=\"async\" width=\"1024\" height=\"1024\" src=\"https:\/\/gothein.de\/reiseblog\/wp-content\/uploads\/2023\/07\/20230725_202052-1024x1024.jpg\" alt=\"\" class=\"wp-image-5453\" srcset=\"https:\/\/gothein.de\/reiseblog\/wp-content\/uploads\/2023\/07\/20230725_202052-1024x1024.jpg 1024w, https:\/\/gothein.de\/reiseblog\/wp-content\/uploads\/2023\/07\/20230725_202052-300x300.jpg 300w, https:\/\/gothein.de\/reiseblog\/wp-content\/uploads\/2023\/07\/20230725_202052-150x150.jpg 150w, https:\/\/gothein.de\/reiseblog\/wp-content\/uploads\/2023\/07\/20230725_202052-768x768.jpg 768w, https:\/\/gothein.de\/reiseblog\/wp-content\/uploads\/2023\/07\/20230725_202052-1536x1536.jpg 1536w, https:\/\/gothein.de\/reiseblog\/wp-content\/uploads\/2023\/07\/20230725_202052-2048x2048.jpg 2048w, https:\/\/gothein.de\/reiseblog\/wp-content\/uploads\/2023\/07\/20230725_202052-60x60.jpg 60w\" sizes=\"auto, (max-width: 1024px) 100vw, 1024px\" \/><\/figure>\n\n\n\n<p>Ein letzter Blick auf die letzte Br\u00fccke von Nantes mit Radweg. Die tollen Radwege gehen noch lange so weiter. Irgendwann habe ich ger\u00e4tselt, warum der Tourenvorschlag von Google so unterschiedlich gegen\u00fcber dem von Komoot war und vermute, dass die \u201eSingle-Trails\u201c vor Oudon durch die uns Komoot auf der linken Loire Seite (aus der Perspektive unserer Fahrtrichtung) f\u00fchrt, nicht bei Google-Maps im Plan sind. In Oudon machen wir eine kurze  Pause und schauen uns das Schloss von au\u00dfen an. <\/p>\n\n\n\n<figure class=\"wp-block-image size-large\"><img loading=\"lazy\" decoding=\"async\" width=\"1024\" height=\"1024\" src=\"https:\/\/gothein.de\/reiseblog\/wp-content\/uploads\/2023\/07\/20230725_202404-1024x1024.jpg\" alt=\"\" class=\"wp-image-5454\" srcset=\"https:\/\/gothein.de\/reiseblog\/wp-content\/uploads\/2023\/07\/20230725_202404-1024x1024.jpg 1024w, https:\/\/gothein.de\/reiseblog\/wp-content\/uploads\/2023\/07\/20230725_202404-300x300.jpg 300w, https:\/\/gothein.de\/reiseblog\/wp-content\/uploads\/2023\/07\/20230725_202404-150x150.jpg 150w, https:\/\/gothein.de\/reiseblog\/wp-content\/uploads\/2023\/07\/20230725_202404-768x768.jpg 768w, https:\/\/gothein.de\/reiseblog\/wp-content\/uploads\/2023\/07\/20230725_202404-1536x1536.jpg 1536w, https:\/\/gothein.de\/reiseblog\/wp-content\/uploads\/2023\/07\/20230725_202404-2048x2048.jpg 2048w, https:\/\/gothein.de\/reiseblog\/wp-content\/uploads\/2023\/07\/20230725_202404-60x60.jpg 60w\" sizes=\"auto, (max-width: 1024px) 100vw, 1024px\" \/><\/figure>\n\n\n\n<p>Eigentlich w\u00e4re die Strecke v\u00f6llig flach, aber wir bauen ein paar Schwierigkeiten ein. Vom Komoot-Weg abweichend wechseln wir die Loire Seite und steuern den Panoramapunkt in Or\u00e9e d\u2019Anjou an und  m\u00fcssen ca. 50 Meter aufw\u00e4rts klettern. Schon auf der Br\u00fccke bietet sich ein super Blick auf den Fluss. Oben angekommen werden wir mit diesem gro\u00dfartigen Panorama belohnt.<\/p>\n\n\n\n<figure class=\"wp-block-image\"><img loading=\"lazy\" decoding=\"async\" width=\"1024\" height=\"1024\" src=\"https:\/\/gothein.de\/reiseblog\/wp-content\/uploads\/2023\/07\/20230725_182632-1024x1024.jpg\" alt=\"\" class=\"wp-image-5446\" srcset=\"https:\/\/gothein.de\/reiseblog\/wp-content\/uploads\/2023\/07\/20230725_182632-1024x1024.jpg 1024w, https:\/\/gothein.de\/reiseblog\/wp-content\/uploads\/2023\/07\/20230725_182632-300x300.jpg 300w, https:\/\/gothein.de\/reiseblog\/wp-content\/uploads\/2023\/07\/20230725_182632-150x150.jpg 150w, https:\/\/gothein.de\/reiseblog\/wp-content\/uploads\/2023\/07\/20230725_182632-768x768.jpg 768w, https:\/\/gothein.de\/reiseblog\/wp-content\/uploads\/2023\/07\/20230725_182632-1536x1536.jpg 1536w, https:\/\/gothein.de\/reiseblog\/wp-content\/uploads\/2023\/07\/20230725_182632-2048x2048.jpg 2048w, https:\/\/gothein.de\/reiseblog\/wp-content\/uploads\/2023\/07\/20230725_182632-60x60.jpg 60w\" sizes=\"auto, (max-width: 1024px) 100vw, 1024px\" \/><\/figure>\n\n\n\n<p>Wir bleiben auf der andern Loire Seite und fahren f\u00fcr die letzten 10 km auf kleinen Str\u00e4\u00dfchen, obwohl uns mein Mobiltelefon, diesmal von Google-Maps kommandiert, immer wieder auf grobe Schotterpisten f\u00fchren will. Dabei sind die Stra\u00dfen kaum befahren.<\/p>\n\n\n\n<p>Trotzdem wir uns viel Zeit gelassen haben, sind wir bereits um 15h am Hotel und k\u00f6nnen auch gleich vorzeitig unser Zimmer beziehen. Diesmal ein sch\u00f6nes modernes Doppelzimmer mit einer eingebauten K\u00fcchenzeile. Unsere R\u00e4der finden in einem abgeschlossenen K\u00e4fig in der Tiefgarage Platz. Die ganze Fahrt \u00fcber konnten unsere Regenklamotten in den Packtaschen bleiben. Kurz nachdem wir nun zu einem ersten Rundgang starten, beginnt es leicht zu tr\u00f6pfeln. Nachdem wir ein paar Sachen geholt haben und wieder im Zimmer sind, regnet es richtig. Das Schloss passieren wir durch den Schlossgarten, es ist jetzt nicht gerade eine Wucht, eher runter gekommen, soll aber sch\u00f6ne Ausstellungen beherbergen.<\/p>\n\n\n\n<figure class=\"wp-block-image\"><img loading=\"lazy\" decoding=\"async\" width=\"1024\" height=\"1024\" src=\"https:\/\/gothein.de\/reiseblog\/wp-content\/uploads\/2023\/07\/20230725_182515-1024x1024.jpg\" alt=\"\" class=\"wp-image-5447\" srcset=\"https:\/\/gothein.de\/reiseblog\/wp-content\/uploads\/2023\/07\/20230725_182515-1024x1024.jpg 1024w, https:\/\/gothein.de\/reiseblog\/wp-content\/uploads\/2023\/07\/20230725_182515-300x300.jpg 300w, https:\/\/gothein.de\/reiseblog\/wp-content\/uploads\/2023\/07\/20230725_182515-150x150.jpg 150w, https:\/\/gothein.de\/reiseblog\/wp-content\/uploads\/2023\/07\/20230725_182515-768x768.jpg 768w, https:\/\/gothein.de\/reiseblog\/wp-content\/uploads\/2023\/07\/20230725_182515-1536x1536.jpg 1536w, https:\/\/gothein.de\/reiseblog\/wp-content\/uploads\/2023\/07\/20230725_182515-2048x2048.jpg 2048w, https:\/\/gothein.de\/reiseblog\/wp-content\/uploads\/2023\/07\/20230725_182515-60x60.jpg 60w\" sizes=\"auto, (max-width: 1024px) 100vw, 1024px\" \/><\/figure>\n\n\n\n<p>Sp\u00e4ter kehren wir beim \u201eLa Table du P\u00eacheur\u201c ein und bekommen hervorragende Muscheln und Fisch. Danach ist die Sonne wieder da und wir k\u00f6nnen noch einmal die \u00fcberschaubaren Sehensw\u00fcrdigkeiten abgehen. Insbesondere der Dolmen aus der Jungsteinzeit am Ortsrand zur H\u00e4lfte im Teich versunken und die Br\u00fccke, \u00fcber die wir gekommen sind, pr\u00e4sentieren sich im Abendlicht. Das Verteidigungssystem des Schlosses mit zwei massiven T\u00fcrmen, die tief in den Grund eingemauert sind, gibt dem Schloss noch einmal eine interessante Note.<\/p>\n\n\n\n<p>Ancenis ist sicher keine gro\u00dfe Attraktion, aber gerade deshalb auch wieder ein sympathisch unaufgeregtes kleines St\u00e4dtchen mit guter Infrastruktur und eine gute Zwischenstation.<\/p>\n\n\n\n<figure class=\"wp-block-image size-large\"><img loading=\"lazy\" decoding=\"async\" width=\"1024\" height=\"1024\" src=\"https:\/\/gothein.de\/reiseblog\/wp-content\/uploads\/2023\/07\/20230725_213022-1024x1024.jpg\" alt=\"\" class=\"wp-image-5456\" srcset=\"https:\/\/gothein.de\/reiseblog\/wp-content\/uploads\/2023\/07\/20230725_213022-1024x1024.jpg 1024w, https:\/\/gothein.de\/reiseblog\/wp-content\/uploads\/2023\/07\/20230725_213022-300x300.jpg 300w, https:\/\/gothein.de\/reiseblog\/wp-content\/uploads\/2023\/07\/20230725_213022-150x150.jpg 150w, https:\/\/gothein.de\/reiseblog\/wp-content\/uploads\/2023\/07\/20230725_213022-768x768.jpg 768w, https:\/\/gothein.de\/reiseblog\/wp-content\/uploads\/2023\/07\/20230725_213022-1536x1536.jpg 1536w, https:\/\/gothein.de\/reiseblog\/wp-content\/uploads\/2023\/07\/20230725_213022-2048x2048.jpg 2048w, https:\/\/gothein.de\/reiseblog\/wp-content\/uploads\/2023\/07\/20230725_213022-60x60.jpg 60w\" sizes=\"auto, (max-width: 1024px) 100vw, 1024px\" \/><\/figure>\n\n\n\n<p>42 km sind es geworden, die 179 H\u00f6henmetern war nur am Anstieg zum Panoramaaussichtspunkt sp\u00fcrbar. Das Wetter war ideal. Leichte Bew\u00f6lkung, 22 Grad und ein leichter Wind, der uns wieder meistens freundlich gesonnen war.<\/p>\n\n\n\n        <div id=\"map_ol3js_1\"\n             class=\"map undefined\"\n             data-map_name=\"undefined\"\n             data-map=\"map_ol3js_1\"\n             style=\"width:100%;\n                    max-width:100%;\n                    height:450px;\n                    display:block;\n                    overflow:hidden;\n                    border:2px solid grey;\">\n          <div id=\"map_ol3js_1_popup\" class=\"ol-popup\">\n            <a href=\"#\" id=\"map_ol3js_1_popup-closer\" class=\"ol-popup-closer\"><\/a>\n            <div id=\"map_ol3js_1_popup-content\"><\/div>\n          <\/div>\n        <\/div>\n    \n\n\t\t\t\t<script type=\"text\/javascript\">\n\t\t\t\t\ttranslations['openlayer'] = \"open layer\";\n\t\t\t\t\ttranslations['openlayerAtStartup'] = \"open layer at startup\";\n\t\t\t\t\ttranslations['generateLink'] = \"Der Link zur Karte mit ausgew\u00e4hlten Overlays und angezeigtem Ausschnitt\";\n\t\t\t\t\ttranslations['shortDescription'] = \"Kurzbeschreibung\";\n\t\t\t\t\ttranslations['generatedShortCode'] = \"to get a text control link paste this code in your wordpress editor\";\n\t\t\t\t\ttranslations['closeLayer'] = \"close layer\";\n\t\t\t\t\ttranslations['cantGenerateLink'] = \"put this string in the existing map short code to control this map\";\n\t\t\t  <\/script>\n\n\n\t\t\t  <script type=\"text\/javascript\">\n\t\t\t  vectorM['map_ol3js_1'] = [];\n\t        \n        var raster = getTileLayer(\"osm\",\"NoKey\");\t\t\t\n\n\t\t\t  var map_ol3js_1 = new ol.Map({\n\t\t\t\tinteractions: ol.interaction.defaults.defaults({mouseWheelZoom:false}),\n\t\t\t\tlayers: [raster],\n\t\t\t\ttarget: \"map_ol3js_1\",\n\t\t\t\tview: new ol.View({\n\t\t\t\t  center: ol.proj.transform([-1.369036,47.287535], \"EPSG:4326\", \"EPSG:3857\"),\n\t\t\t\t  zoom: 10.114563\n\t\t\t\t})\n\t\t\t  });\n\t\t\t  \n    var style0 = {\n      \"Point\": [new ol.style.Style({\n\n          image: new ol.style.Icon({\n            anchor: [0.5, 41],\n            anchorXUnits: \"fraction\",\n            anchorYUnits: \"pixels\",\n            opacity: 0.75,\n            src: \"https:\/\/gothein.de\/reiseblog\/wp-content\/plugins\/osm\/icons\/mic_blue_pinother_02.png\"\n          })\n      })],\n\n      \"LineString\": [new ol.style.Style({\n        stroke: new ol.style.Stroke({\n          color: \"blue\",\n          width: 8\n        })\n      })],\n      \"MultiLineString\": [new ol.style.Style({\n        stroke: new ol.style.Stroke({\n          color: \"blue\",\n          width: 4\n        })\n      })]\n    };\n\t\t  var vectorL0 = new ol.layer.Vector({\n\t\t\t\tsource: new ol.source.Vector({\n\t\t\t\turl:\"\/reiseblog\/wp-content\/uploads\/gpx\/20230725_Nantes_Ancenis.gpx\",\n\t\t\t\tformat: new ol.format.GPX({\n\t\t\t\t\textractStyles: false\n\t\t\t\t})\n\t\t\t}),\n\t\t\tzIndex: 92,\n\t\t\tstyle: function(feature, resolution) {return style0[feature.getGeometry().getType()];}\n\t\t  });\n\t\t  map_ol3js_1.addLayer(vectorL0);addControls2Map(map_ol3js_1,0,0,3,1,5,6,7,0,1);\nosm_addPopupClickhandler(map_ol3js_1,  \"map_ol3js_1\"); \nosm_addMouseHover(map_ol3js_1); <\/script>\n","protected":false},"excerpt":{"rendered":"<p>In unserem kleinen Appartement \u201eL\u2018Atelier Graslin\u201c fr\u00fchst\u00fccken wir zun\u00e4chst. Das Appartement im Erdgeschoss wurde auf ziemlich phantasievolle Weise renoviert, was zwar funktional und von der Einrichtung super passt, auch f\u00fcr unsere R\u00e4der gab es eine Ecke, aber die Waschbecken, Dusche und Toilette waren winzig. Als erstes besuchen wir einen Radladen mit lauter edlen R\u00e4dern und [&hellip;]<\/p>\n","protected":false},"author":1,"featured_media":0,"comment_status":"open","ping_status":"open","sticky":false,"template":"","format":"standard","meta":{"ngg_post_thumbnail":0,"_jetpack_memberships_contains_paid_content":false,"footnotes":""},"categories":[1],"tags":[245,227,137,244],"class_list":["post-5449","post","type-post","status-publish","format-standard","hentry","category-allgemein","tag-ancenis","tag-bretagne","tag-frankreich","tag-nantes"],"jetpack_featured_media_url":"","jetpack_sharing_enabled":true,"_links":{"self":[{"href":"https:\/\/gothein.de\/reiseblog\/wp-json\/wp\/v2\/posts\/5449","targetHints":{"allow":["GET"]}}],"collection":[{"href":"https:\/\/gothein.de\/reiseblog\/wp-json\/wp\/v2\/posts"}],"about":[{"href":"https:\/\/gothein.de\/reiseblog\/wp-json\/wp\/v2\/types\/post"}],"author":[{"embeddable":true,"href":"https:\/\/gothein.de\/reiseblog\/wp-json\/wp\/v2\/users\/1"}],"replies":[{"embeddable":true,"href":"https:\/\/gothein.de\/reiseblog\/wp-json\/wp\/v2\/comments?post=5449"}],"version-history":[{"count":0,"href":"https:\/\/gothein.de\/reiseblog\/wp-json\/wp\/v2\/posts\/5449\/revisions"}],"wp:attachment":[{"href":"https:\/\/gothein.de\/reiseblog\/wp-json\/wp\/v2\/media?parent=5449"}],"wp:term":[{"taxonomy":"category","embeddable":true,"href":"https:\/\/gothein.de\/reiseblog\/wp-json\/wp\/v2\/categories?post=5449"},{"taxonomy":"post_tag","embeddable":true,"href":"https:\/\/gothein.de\/reiseblog\/wp-json\/wp\/v2\/tags?post=5449"}],"curies":[{"name":"wp","href":"https:\/\/api.w.org\/{rel}","templated":true}]}}