

{"id":5428,"date":"2023-07-23T20:41:39","date_gmt":"2023-07-23T18:41:39","guid":{"rendered":"https:\/\/gothein.de\/reiseblog\/?p=5428"},"modified":"2023-07-23T23:15:29","modified_gmt":"2023-07-23T21:15:29","slug":"von-vannes-nach-saint-nazaire","status":"publish","type":"post","link":"https:\/\/gothein.de\/reiseblog\/2023\/07\/23\/von-vannes-nach-saint-nazaire\/","title":{"rendered":"Von Vannes nach Saint-Nazaire"},"content":{"rendered":"\n<p>Die Ausbeute an sch\u00f6nen Bildern ist nicht \u00fcppig heute. Um 8h wache ich auf und schau aus dem Fenster, Regen und Sturm. Mit dem anderen Fahrrad (mit Schutzblechen) hole ich uns etwas aus der Boulangerie. Die B\u00e4ckerei ist einen Kilometer entfernt und der Weg gibt mir Gelegenheit, schon mal zu pr\u00fcfen, wie sich R\u00fccken- und Gegenwind anf\u00fchlen. Erst um 11:20 verlassen wir das Appartement, weil die Wetter-App prognostiziert hatte, dass dann der Regen aufh\u00f6rt. Da m\u00fcssen wir allerdings noch gut 30 Kilometer warten. <\/p>\n\n\n\n<p>So wie letzten Sonntag ist heute das Wetter wieder \u00e4u\u00dferst miserabel. Diesmal m\u00fcssen wir allerdings die ersten 30 Kilometer in starkem Dauerregen fahren. Erst nach 30 km, in Muzillac, machen wir eine Pause. Erfreulicherweise finden wir gleich eine moderne Boulangerie \/ Patisserie mit Sandwich-Angebot, richtigen Tischen und Strom. Hier halten wir uns eine ganze Zeit lang auf. Die R\u00e4der und unsere Ausr\u00fcstung (vor allem meine) ist furchtbar dreckig. Wir k\u00f6nnen uns trotz grenzwertiger Erscheinung bei Kaffee und Sandwich aufw\u00e4rmen. W\u00e4hrend wir da drin sitzen, geht es drau\u00dfen noch einmal richtig los, aber nach einer Dreiviertelstunde ist dann erstmal Schluss mit Regen. Unsere Regenklamotten lassen wir die ganze Zeit an. Es kommen immer wieder ein paar Schauer und mit den Klamotten bleiben wir einigerma\u00dfen warm, obwohl es beim Dauerregen dann doch irgendwann durchkommt. <\/p>\n\n\n\n<figure class=\"wp-block-image size-large\"><img loading=\"lazy\" decoding=\"async\" width=\"1024\" height=\"1024\" src=\"https:\/\/gothein.de\/reiseblog\/wp-content\/uploads\/2023\/07\/20230723_201349-1024x1024.jpg\" alt=\"\" class=\"wp-image-5427\" srcset=\"https:\/\/gothein.de\/reiseblog\/wp-content\/uploads\/2023\/07\/20230723_201349-1024x1024.jpg 1024w, https:\/\/gothein.de\/reiseblog\/wp-content\/uploads\/2023\/07\/20230723_201349-300x300.jpg 300w, https:\/\/gothein.de\/reiseblog\/wp-content\/uploads\/2023\/07\/20230723_201349-150x150.jpg 150w, https:\/\/gothein.de\/reiseblog\/wp-content\/uploads\/2023\/07\/20230723_201349-768x768.jpg 768w, https:\/\/gothein.de\/reiseblog\/wp-content\/uploads\/2023\/07\/20230723_201349-1536x1536.jpg 1536w, https:\/\/gothein.de\/reiseblog\/wp-content\/uploads\/2023\/07\/20230723_201349-2048x2048.jpg 2048w, https:\/\/gothein.de\/reiseblog\/wp-content\/uploads\/2023\/07\/20230723_201349-60x60.jpg 60w\" sizes=\"auto, (max-width: 1024px) 100vw, 1024px\" \/><\/figure>\n\n\n\n<p>Erst bei der Br\u00fccke nach Arzal bietet sich Gelegenheit, mal zwei Fotos von den Booten im Schlick zu machen. Das Mobiltelefon liegt in der neuen Ortlieb Lenkertasche, die eine oben bedienbare Klarsichtfolie hat und durch die kleinen Schlitze nach unten mit dem Tascheninhalt verbunden ist. Dar\u00fcber l\u00e4sst sich auch eine Powerbank anschlie\u00dfen und damit l\u00e4sst sich einigerma\u00dfen navigieren. Die Wege sind diesmal fast immer gut. Durch das Naturschutzgebiet geht es \u00fcber Holzstege und matschige Wege, auf denen mein Reifen an seine Grenzen kommt. Sp\u00e4ter landen wir f\u00fcr ca. 5 km auf einer st\u00e4rker befahrenen gelben Stra\u00dfe. <\/p>\n\n\n\n<p>Ohne weitere Pause kurbeln wir die weiteren 52 km ab und kommen richtig schnell voran, denn der st\u00fcrmische Wind kommt fast immer von schr\u00e4g hinten. Manchmal merken wir ihn von der Seite und erst auf den letzten 10 km vor Saint Nazaire mit ganz tollen Radwegen qu\u00e4len wir uns gegen ihn von vorne kommend. So absolvieren wir die letzten Kilometer mit einigem Kraftaufwand. Unser Gastgeber wartet schon auf uns, ich hatte etwas zu optimistisch gemeldet, dass wir in 20 Minuten da seien. <\/p>\n\n\n\n<figure class=\"wp-block-image\"><img loading=\"lazy\" decoding=\"async\" width=\"1024\" height=\"1024\" src=\"https:\/\/gothein.de\/reiseblog\/wp-content\/uploads\/2023\/07\/20230723_201223-1024x1024.jpg\" alt=\"\" class=\"wp-image-5426\" srcset=\"https:\/\/gothein.de\/reiseblog\/wp-content\/uploads\/2023\/07\/20230723_201223-1024x1024.jpg 1024w, https:\/\/gothein.de\/reiseblog\/wp-content\/uploads\/2023\/07\/20230723_201223-300x300.jpg 300w, https:\/\/gothein.de\/reiseblog\/wp-content\/uploads\/2023\/07\/20230723_201223-150x150.jpg 150w, https:\/\/gothein.de\/reiseblog\/wp-content\/uploads\/2023\/07\/20230723_201223-768x768.jpg 768w, https:\/\/gothein.de\/reiseblog\/wp-content\/uploads\/2023\/07\/20230723_201223-1536x1536.jpg 1536w, https:\/\/gothein.de\/reiseblog\/wp-content\/uploads\/2023\/07\/20230723_201223-2048x2048.jpg 2048w, https:\/\/gothein.de\/reiseblog\/wp-content\/uploads\/2023\/07\/20230723_201223-60x60.jpg 60w\" sizes=\"auto, (max-width: 1024px) 100vw, 1024px\" \/><\/figure>\n\n\n\n<p>Unser Appartement ist gro\u00df genug und im Erdgeschoss, so k\u00f6nnen die R\u00e4der in der K\u00fcche parken. Das Stadtzentrum ist v\u00f6llig ausgestorben und seelenlos. Da w\u00fcnschen wir uns in die lebhafte Bar-Szene von Lorient zur\u00fcck. Besonders sind hier die absurd riesigen U-Boot Bunker aus dem zweiten Weltkrieg. Die Betonmengen stehen seither wohl weitgehend unver\u00e4ndert.<\/p>\n\n\n\n<p>Nach l\u00e4ngerer Suche nach einem halbwegs akzeptablen Restaurant landen wir bei Don Papa in unmittelbarer N\u00e4he unserer Wohnung. Es gibt Pizza und Foccacia, nachdem das h\u00e4ufigste Gericht \u201eil n\u2018y a plus\u201c war.<\/p>\n\n\n\n<p>Wir waren 82 km unterwegs, es waren 470 H\u00f6henmeter und \u00fcber das Wetter ist alles gesagt. <\/p>\n\n\n\n<p><\/p>\n\n\n\n        <div id=\"map_ol3js_1\"\n             class=\"map undefined\"\n             data-map_name=\"undefined\"\n             data-map=\"map_ol3js_1\"\n             style=\"width:100%;\n                    max-width:100%;\n                    height:450px;\n                    display:block;\n                    overflow:hidden;\n                    border:2px solid grey;\">\n          <div id=\"map_ol3js_1_popup\" class=\"ol-popup\">\n            <a href=\"#\" id=\"map_ol3js_1_popup-closer\" class=\"ol-popup-closer\"><\/a>\n            <div id=\"map_ol3js_1_popup-content\"><\/div>\n          <\/div>\n        <\/div>\n    \n\n\t\t\t\t<script type=\"text\/javascript\">\n\t\t\t\t\ttranslations['openlayer'] = \"open layer\";\n\t\t\t\t\ttranslations['openlayerAtStartup'] = \"open layer at startup\";\n\t\t\t\t\ttranslations['generateLink'] = \"Der Link zur Karte mit ausgew\u00e4hlten Overlays und angezeigtem Ausschnitt\";\n\t\t\t\t\ttranslations['shortDescription'] = \"Kurzbeschreibung\";\n\t\t\t\t\ttranslations['generatedShortCode'] = \"to get a text control link paste this code in your wordpress editor\";\n\t\t\t\t\ttranslations['closeLayer'] = \"close layer\";\n\t\t\t\t\ttranslations['cantGenerateLink'] = \"put this string in the existing map short code to control this map\";\n\t\t\t  <\/script>\n\n\n\t\t\t  <script type=\"text\/javascript\">\n\t\t\t  vectorM['map_ol3js_1'] = [];\n\t        \n        var raster = getTileLayer(\"osm\",\"NoKey\");\t\t\t\n\n\t\t\t  var map_ol3js_1 = new ol.Map({\n\t\t\t\tinteractions: ol.interaction.defaults.defaults({mouseWheelZoom:false}),\n\t\t\t\tlayers: [raster],\n\t\t\t\ttarget: \"map_ol3js_1\",\n\t\t\t\tview: new ol.View({\n\t\t\t\t  center: ol.proj.transform([-2.469194,47.463666], \"EPSG:4326\", \"EPSG:3857\"),\n\t\t\t\t  zoom: 9.237737\n\t\t\t\t})\n\t\t\t  });\n\t\t\t  \n    var style0 = {\n      \"Point\": [new ol.style.Style({\n\n          image: new ol.style.Icon({\n            anchor: [0.5, 41],\n            anchorXUnits: \"fraction\",\n            anchorYUnits: \"pixels\",\n            opacity: 0.75,\n            src: \"https:\/\/gothein.de\/reiseblog\/wp-content\/plugins\/osm\/icons\/mic_blue_pinother_02.png\"\n          })\n      })],\n\n      \"LineString\": [new ol.style.Style({\n        stroke: new ol.style.Stroke({\n          color: \"blue\",\n          width: 8\n        })\n      })],\n      \"MultiLineString\": [new ol.style.Style({\n        stroke: new ol.style.Stroke({\n          color: \"blue\",\n          width: 4\n        })\n      })]\n    };\n\t\t  var vectorL0 = new ol.layer.Vector({\n\t\t\t\tsource: new ol.source.Vector({\n\t\t\t\turl:\"\/reiseblog\/wp-content\/uploads\/gpx\/20230723_Vannes_SaintNazaire.gpx\",\n\t\t\t\tformat: new ol.format.GPX({\n\t\t\t\t\textractStyles: false\n\t\t\t\t})\n\t\t\t}),\n\t\t\tzIndex: 92,\n\t\t\tstyle: function(feature, resolution) {return style0[feature.getGeometry().getType()];}\n\t\t  });\n\t\t  map_ol3js_1.addLayer(vectorL0);addControls2Map(map_ol3js_1,0,0,3,1,5,6,7,0,1);\nosm_addPopupClickhandler(map_ol3js_1,  \"map_ol3js_1\"); \nosm_addMouseHover(map_ol3js_1); <\/script>\n","protected":false},"excerpt":{"rendered":"<p>Die Ausbeute an sch\u00f6nen Bildern ist nicht \u00fcppig heute. Um 8h wache ich auf und schau aus dem Fenster, Regen und Sturm. Mit dem anderen Fahrrad (mit Schutzblechen) hole ich uns etwas aus der Boulangerie. Die B\u00e4ckerei ist einen Kilometer entfernt und der Weg gibt mir Gelegenheit, schon mal zu pr\u00fcfen, wie sich R\u00fccken- und [&hellip;]<\/p>\n","protected":false},"author":1,"featured_media":0,"comment_status":"open","ping_status":"open","sticky":false,"template":"","format":"standard","meta":{"ngg_post_thumbnail":0,"_jetpack_memberships_contains_paid_content":false,"footnotes":""},"categories":[1],"tags":[227,137,243,242],"class_list":["post-5428","post","type-post","status-publish","format-standard","hentry","category-allgemein","tag-bretagne","tag-frankreich","tag-saint-nazaire","tag-vannes"],"jetpack_featured_media_url":"","jetpack_sharing_enabled":true,"_links":{"self":[{"href":"https:\/\/gothein.de\/reiseblog\/wp-json\/wp\/v2\/posts\/5428","targetHints":{"allow":["GET"]}}],"collection":[{"href":"https:\/\/gothein.de\/reiseblog\/wp-json\/wp\/v2\/posts"}],"about":[{"href":"https:\/\/gothein.de\/reiseblog\/wp-json\/wp\/v2\/types\/post"}],"author":[{"embeddable":true,"href":"https:\/\/gothein.de\/reiseblog\/wp-json\/wp\/v2\/users\/1"}],"replies":[{"embeddable":true,"href":"https:\/\/gothein.de\/reiseblog\/wp-json\/wp\/v2\/comments?post=5428"}],"version-history":[{"count":0,"href":"https:\/\/gothein.de\/reiseblog\/wp-json\/wp\/v2\/posts\/5428\/revisions"}],"wp:attachment":[{"href":"https:\/\/gothein.de\/reiseblog\/wp-json\/wp\/v2\/media?parent=5428"}],"wp:term":[{"taxonomy":"category","embeddable":true,"href":"https:\/\/gothein.de\/reiseblog\/wp-json\/wp\/v2\/categories?post=5428"},{"taxonomy":"post_tag","embeddable":true,"href":"https:\/\/gothein.de\/reiseblog\/wp-json\/wp\/v2\/tags?post=5428"}],"curies":[{"name":"wp","href":"https:\/\/api.w.org\/{rel}","templated":true}]}}