

{"id":5378,"date":"2023-07-17T20:32:25","date_gmt":"2023-07-17T18:32:25","guid":{"rendered":"https:\/\/gothein.de\/reiseblog\/?p=5378"},"modified":"2023-07-17T22:46:05","modified_gmt":"2023-07-17T20:46:05","slug":"von-saint-pol-de-leon-nach-brest","status":"publish","type":"post","link":"https:\/\/gothein.de\/reiseblog\/2023\/07\/17\/von-saint-pol-de-leon-nach-brest\/","title":{"rendered":"Von Saint-Pol-de-L\u00e9on nach Brest"},"content":{"rendered":"\n<p>Der Tag beginnt mit einem formidablen Fr\u00fchst\u00fcck. Es ist f\u00fcr franz\u00f6sische Verh\u00e4ltnisse \u00e4u\u00dferst opulent. K\u00e4se, Schinken, Ei, M\u00fcsli, Kuchen, Nutella alles dabei nicht nur Butter und Marmelade, au\u00dferdem verschiedene S\u00e4fte und Obst. Aus dem Fenster sehen wir blauen Himmel und nur ein sanftes L\u00fcftchen bewegt die Palme vor unserem Fenster. Auch wenn unser Zimmer recht klein war, so ist das Hotel de France auf jeden Fall eine Empfehlung. <\/p>\n\n\n\n<p>Wir verlassen Saint-Pol-de-L\u00e9on und werden wieder \u00fcber kleine Stra\u00dfen geleitet, kommen an Str\u00e4nden und Kirchen vorbei. Die Wege sind h\u00e4ufig wirklich super, wenn es \u00fcber kleine wei\u00dfe Nebenstra\u00dfen mit der franz\u00f6sischen Kategorie C geht. Manchmal sind auch die gelben D Stra\u00dfen sehr angenehm. Die orangenen sollte man meiden. Problematisch an der Wegf\u00fchrung der offiziellen Radwege sind die vielen Kies- oder Schotterwege, die nur sehr langsam befahrbar sind und mit meinen 32er Grand Prix 4 seasons Continental Reifen geht das gerade, aber breiter w\u00e4re besser. <\/p>\n\n\n\n<figure class=\"wp-block-image size-large\"><img loading=\"lazy\" decoding=\"async\" width=\"1024\" height=\"1024\" src=\"https:\/\/gothein.de\/reiseblog\/wp-content\/uploads\/2023\/07\/20230717_202627-1024x1024.jpg\" alt=\"\" class=\"wp-image-5376\" srcset=\"https:\/\/gothein.de\/reiseblog\/wp-content\/uploads\/2023\/07\/20230717_202627-1024x1024.jpg 1024w, https:\/\/gothein.de\/reiseblog\/wp-content\/uploads\/2023\/07\/20230717_202627-300x300.jpg 300w, https:\/\/gothein.de\/reiseblog\/wp-content\/uploads\/2023\/07\/20230717_202627-150x150.jpg 150w, https:\/\/gothein.de\/reiseblog\/wp-content\/uploads\/2023\/07\/20230717_202627-768x768.jpg 768w, https:\/\/gothein.de\/reiseblog\/wp-content\/uploads\/2023\/07\/20230717_202627-1536x1536.jpg 1536w, https:\/\/gothein.de\/reiseblog\/wp-content\/uploads\/2023\/07\/20230717_202627-2048x2048.jpg 2048w, https:\/\/gothein.de\/reiseblog\/wp-content\/uploads\/2023\/07\/20230717_202627-60x60.jpg 60w\" sizes=\"auto, (max-width: 1024px) 100vw, 1024px\" \/><\/figure>\n\n\n\n<p>Diesmal kommen wir durch ein paar Orte, wo auch ein bisschen was los ist. In Plouescat gibt es mal wieder eine Kirche mit dem typischen durchbrochenen Turm, au\u00dferdem ein als touristische Besonderheit gekennzeichnetes Dach. Bald danach werfen wir einen letzten Blick auf den \u00c4rmelkanal.<\/p>\n\n\n\n<p>In Lesneven machen wir eine Pause. Es ist Markt und der ist seitens der Besucher fest in deutscher Hand. Nach einem Rundgang landen wir wieder in dem Caf\u00e9, in das wir zu Anfang wollten, holen uns Schokoladencroissant in der B\u00e4ckerei nebenan und k\u00f6nnen mein Telefon aufladen, was nach den ersten 35 km bei 25% Akkukapazit\u00e4t angekommen ist. <\/p>\n\n\n\n<p>In Gouesnou gibt es noch einmal eine besondere Kirche zu betrachten. Unerfreuerlicher Weise wurde sie im zweiten Weltkrieg milit\u00e4risch als Beobachtungsposten genutzt und es waren verschiedene Gedenksteine und Tafeln von Opfern zu sehen, die hier umgekommen sind. Auch Saint-Pol-del-L\u00e9on war Schauplatz eines schrecklichen Massakers an der Zivilbev\u00f6lkerung. Auf den Wegen sieht man immer wieder Gedenkmonumente f\u00fcr US Streitkr\u00e4fte oder Gr\u00e4ber von Commonwealth Opfern. <\/p>\n\n\n\n<figure class=\"wp-block-image\"><img loading=\"lazy\" decoding=\"async\" width=\"1024\" height=\"1024\" src=\"https:\/\/gothein.de\/reiseblog\/wp-content\/uploads\/2023\/07\/20230717_202304-1024x1024.jpg\" alt=\"\" class=\"wp-image-5375\" srcset=\"https:\/\/gothein.de\/reiseblog\/wp-content\/uploads\/2023\/07\/20230717_202304-1024x1024.jpg 1024w, https:\/\/gothein.de\/reiseblog\/wp-content\/uploads\/2023\/07\/20230717_202304-300x300.jpg 300w, https:\/\/gothein.de\/reiseblog\/wp-content\/uploads\/2023\/07\/20230717_202304-150x150.jpg 150w, https:\/\/gothein.de\/reiseblog\/wp-content\/uploads\/2023\/07\/20230717_202304-768x768.jpg 768w, https:\/\/gothein.de\/reiseblog\/wp-content\/uploads\/2023\/07\/20230717_202304-1536x1536.jpg 1536w, https:\/\/gothein.de\/reiseblog\/wp-content\/uploads\/2023\/07\/20230717_202304-2048x2048.jpg 2048w, https:\/\/gothein.de\/reiseblog\/wp-content\/uploads\/2023\/07\/20230717_202304-60x60.jpg 60w\" sizes=\"auto, (max-width: 1024px) 100vw, 1024px\" \/><\/figure>\n\n\n\n<p>Brest erreichen wir nachmittags, ohne dass es auch nur einmal geregnet h\u00e4tte. Wir beziehen ein tolles Appartement direkt in der Innenstadt. Sauber, ger\u00e4umig, alles da, R\u00e4der sind im Hinterhof verwahrt. Auf unserem Spaziergang durch die Innenstadt, Fu\u00dfg\u00e4ngerzone, Br\u00fccken und Fort schauen wir auch beim Hafen vorbei, wo wir morgen \u00fcbersetzen m\u00fcssen. Die Mauer des Chateau sind riesig und der Hafen von oben stellt sich wie ein riesiges Wimmelbild dar. <\/p>\n\n\n\n<p>Das Einzugsgebiet beginnt bereits 10 km vorher, aber der Weg ins Zentrum f\u00fchrt \u00fcber gut gef\u00fchrte Radwege. Alle Sehensw\u00fcrdigkeiten k\u00f6nnen wir in der kurzen Zeit nicht w\u00fcrdigen, schon gar keine der verschiedenen Museen. Die Sonne hat auch abends noch ordentlich Kraft, als wir auf der Terrasse der gem\u00fctlichen Bar \u201eLa Gueulle du Bois\u201c sitzen und wieder preiswert einen Teller Wurst\/K\u00e4se mit Baguette bekommen.<\/p>\n\n\n\n<figure class=\"wp-block-image\"><img loading=\"lazy\" decoding=\"async\" width=\"1024\" height=\"1024\" src=\"https:\/\/gothein.de\/reiseblog\/wp-content\/uploads\/2023\/07\/20230717_201958-1024x1024.jpg\" alt=\"\" class=\"wp-image-5377\" srcset=\"https:\/\/gothein.de\/reiseblog\/wp-content\/uploads\/2023\/07\/20230717_201958-1024x1024.jpg 1024w, https:\/\/gothein.de\/reiseblog\/wp-content\/uploads\/2023\/07\/20230717_201958-300x300.jpg 300w, https:\/\/gothein.de\/reiseblog\/wp-content\/uploads\/2023\/07\/20230717_201958-150x150.jpg 150w, https:\/\/gothein.de\/reiseblog\/wp-content\/uploads\/2023\/07\/20230717_201958-768x768.jpg 768w, https:\/\/gothein.de\/reiseblog\/wp-content\/uploads\/2023\/07\/20230717_201958-1536x1536.jpg 1536w, https:\/\/gothein.de\/reiseblog\/wp-content\/uploads\/2023\/07\/20230717_201958-2048x2048.jpg 2048w, https:\/\/gothein.de\/reiseblog\/wp-content\/uploads\/2023\/07\/20230717_201958-60x60.jpg 60w\" sizes=\"auto, (max-width: 1024px) 100vw, 1024px\" \/><\/figure>\n\n\n\n<p>Insgesamt waren es 70 km mit immerhin 650 H\u00f6henmetern, kein Regen, ein paar Wolken und nur selten und moderater Gegenwind. Auch die Temperaturen sind mit um die 20 Grad moderat.<\/p>\n\n\n\n        <div id=\"map_ol3js_1\"\n             class=\"map undefined\"\n             data-map_name=\"undefined\"\n             data-map=\"map_ol3js_1\"\n             style=\"width:100%;\n                    max-width:100%;\n                    height:450px;\n                    display:block;\n                    overflow:hidden;\n                    border:2px solid grey;\">\n          <div id=\"map_ol3js_1_popup\" class=\"ol-popup\">\n            <a href=\"#\" id=\"map_ol3js_1_popup-closer\" class=\"ol-popup-closer\"><\/a>\n            <div id=\"map_ol3js_1_popup-content\"><\/div>\n          <\/div>\n        <\/div>\n    \n\n\t\t\t\t<script type=\"text\/javascript\">\n\t\t\t\t\ttranslations['openlayer'] = \"open layer\";\n\t\t\t\t\ttranslations['openlayerAtStartup'] = \"open layer at startup\";\n\t\t\t\t\ttranslations['generateLink'] = \"Der Link zur Karte mit ausgew\u00e4hlten Overlays und angezeigtem Ausschnitt\";\n\t\t\t\t\ttranslations['shortDescription'] = \"Kurzbeschreibung\";\n\t\t\t\t\ttranslations['generatedShortCode'] = \"to get a text control link paste this code in your wordpress editor\";\n\t\t\t\t\ttranslations['closeLayer'] = \"close layer\";\n\t\t\t\t\ttranslations['cantGenerateLink'] = \"put this string in the existing map short code to control this map\";\n\t\t\t  <\/script>\n\n\n\t\t\t  <script type=\"text\/javascript\">\n\t\t\t  vectorM['map_ol3js_1'] = [];\n\t        \n        var raster = getTileLayer(\"osm\",\"NoKey\");\t\t\t\n\n\t\t\t  var map_ol3js_1 = new ol.Map({\n\t\t\t\tinteractions: ol.interaction.defaults.defaults({mouseWheelZoom:false}),\n\t\t\t\tlayers: [raster],\n\t\t\t\ttarget: \"map_ol3js_1\",\n\t\t\t\tview: new ol.View({\n\t\t\t\t  center: ol.proj.transform([-4.238583,48.539171], \"EPSG:4326\", \"EPSG:3857\"),\n\t\t\t\t  zoom: 9.505419\n\t\t\t\t})\n\t\t\t  });\n\t\t\t  \n    var style0 = {\n      \"Point\": [new ol.style.Style({\n\n          image: new ol.style.Icon({\n            anchor: [0.5, 41],\n            anchorXUnits: \"fraction\",\n            anchorYUnits: \"pixels\",\n            opacity: 0.75,\n            src: \"https:\/\/gothein.de\/reiseblog\/wp-content\/plugins\/osm\/icons\/mic_blue_pinother_02.png\"\n          })\n      })],\n\n      \"LineString\": [new ol.style.Style({\n        stroke: new ol.style.Stroke({\n          color: \"blue\",\n          width: 8\n        })\n      })],\n      \"MultiLineString\": [new ol.style.Style({\n        stroke: new ol.style.Stroke({\n          color: \"blue\",\n          width: 4\n        })\n      })]\n    };\n\t\t  var vectorL0 = new ol.layer.Vector({\n\t\t\t\tsource: new ol.source.Vector({\n\t\t\t\turl:\"\/reiseblog\/wp-content\/uploads\/gpx\/20230717_SaintPolLeon.gpx\",\n\t\t\t\tformat: new ol.format.GPX({\n\t\t\t\t\textractStyles: false\n\t\t\t\t})\n\t\t\t}),\n\t\t\tzIndex: 92,\n\t\t\tstyle: function(feature, resolution) {return style0[feature.getGeometry().getType()];}\n\t\t  });\n\t\t  map_ol3js_1.addLayer(vectorL0);addControls2Map(map_ol3js_1,0,0,3,1,5,6,7,0,1);\nosm_addPopupClickhandler(map_ol3js_1,  \"map_ol3js_1\"); \nosm_addMouseHover(map_ol3js_1); <\/script>\n","protected":false},"excerpt":{"rendered":"<p>Der Tag beginnt mit einem formidablen Fr\u00fchst\u00fcck. Es ist f\u00fcr franz\u00f6sische Verh\u00e4ltnisse \u00e4u\u00dferst opulent. K\u00e4se, Schinken, Ei, M\u00fcsli, Kuchen, Nutella alles dabei nicht nur Butter und Marmelade, au\u00dferdem verschiedene S\u00e4fte und Obst. Aus dem Fenster sehen wir blauen Himmel und nur ein sanftes L\u00fcftchen bewegt die Palme vor unserem Fenster. Auch wenn unser Zimmer recht [&hellip;]<\/p>\n","protected":false},"author":1,"featured_media":0,"comment_status":"open","ping_status":"open","sticky":false,"template":"","format":"standard","meta":{"ngg_post_thumbnail":0,"_jetpack_memberships_contains_paid_content":false,"footnotes":""},"categories":[1],"tags":[237,227,137,236],"class_list":["post-5378","post","type-post","status-publish","format-standard","hentry","category-allgemein","tag-brest","tag-bretagne","tag-frankreich","tag-saint-pol-de-leon"],"jetpack_featured_media_url":"","jetpack_sharing_enabled":true,"_links":{"self":[{"href":"https:\/\/gothein.de\/reiseblog\/wp-json\/wp\/v2\/posts\/5378","targetHints":{"allow":["GET"]}}],"collection":[{"href":"https:\/\/gothein.de\/reiseblog\/wp-json\/wp\/v2\/posts"}],"about":[{"href":"https:\/\/gothein.de\/reiseblog\/wp-json\/wp\/v2\/types\/post"}],"author":[{"embeddable":true,"href":"https:\/\/gothein.de\/reiseblog\/wp-json\/wp\/v2\/users\/1"}],"replies":[{"embeddable":true,"href":"https:\/\/gothein.de\/reiseblog\/wp-json\/wp\/v2\/comments?post=5378"}],"version-history":[{"count":0,"href":"https:\/\/gothein.de\/reiseblog\/wp-json\/wp\/v2\/posts\/5378\/revisions"}],"wp:attachment":[{"href":"https:\/\/gothein.de\/reiseblog\/wp-json\/wp\/v2\/media?parent=5378"}],"wp:term":[{"taxonomy":"category","embeddable":true,"href":"https:\/\/gothein.de\/reiseblog\/wp-json\/wp\/v2\/categories?post=5378"},{"taxonomy":"post_tag","embeddable":true,"href":"https:\/\/gothein.de\/reiseblog\/wp-json\/wp\/v2\/tags?post=5378"}],"curies":[{"name":"wp","href":"https:\/\/api.w.org\/{rel}","templated":true}]}}