

{"id":5365,"date":"2023-07-16T23:14:00","date_gmt":"2023-07-16T21:14:00","guid":{"rendered":"https:\/\/gothein.de\/reiseblog\/?p=5365"},"modified":"2023-07-17T17:30:26","modified_gmt":"2023-07-17T15:30:26","slug":"von-treguier-nach-saint-pol-de-leon","status":"publish","type":"post","link":"https:\/\/gothein.de\/reiseblog\/2023\/07\/16\/von-treguier-nach-saint-pol-de-leon\/","title":{"rendered":"Von Tr\u00e9guier nach Saint-Pol-de-L\u00e9on"},"content":{"rendered":"\n<p>Ganz Europa st\u00f6hnt unter der Hitze;  nein, nicht ganz Europa, es gibt ein Gebiet unbeugsamer Gallier, wo es weiterhin k\u00fchl ist und beharrlich regnet. Wir sind allerdings dar\u00fcber auch nicht so richtig gl\u00fccklich. <\/p>\n\n\n\n<p>Nachdem es nachts so richtig stark geregnet hat, haben wir beschlossen, fr\u00fch los zu gehen, denn laut Prognose ist es vormittags in Ordnung, dann wird es schlimmer und nachmittags wieder besser. Au\u00dferdem habe ich zwei Reservierungen f\u00fcr Fahrr\u00e4der im Zug auf der Strecke Lannion &#8211; Morlaix gebucht. Die Schechtwetterzeit hoffe ich somit im Zug \u00fcberbr\u00fccken zu k\u00f6nnen. <\/p>\n\n\n\n<p>Das Hotel Rest \u00e0 Flot ist eine ziemliche Bruchbude mit schlechten Zimmern und Sonntag zu, also kein Fr\u00fchst\u00fcck. Oben am Marktplatz gibt es Boulangerie und Caf\u00e9s. <\/p>\n\n\n\n<p>Bis nach Lannion sind es 22 km und der Himmel sieht bedrohlich aus. Es kommen immer wieder ein paar Tropfen, so dass wir die Regenjacken anziehen. Auf der Strecke ist eine kleine Kapelle, vor der sich ein Radfahrer ausruht. Zwischendrin sind ein paar Radwegpassagen eher f\u00fcr Mountainbike geeignet. Am Ortseingang stellen wir uns kurz unter einen Baum und richtig los geht es aber in dem Moment, in dem wir unsere R\u00e4der abschlie\u00dfen, um in einer Bar \/ Brasserie Schutz zu suchen. Kurz vor 10:45 ist es nach 21,7 km. W\u00e4hrend wir uns bei Milchkaffee und Cola aufw\u00e4rmen, ist drau\u00dfen Regensturm. <\/p>\n\n\n\n<figure class=\"wp-block-image size-large\"><img loading=\"lazy\" decoding=\"async\" width=\"1024\" height=\"1024\" src=\"https:\/\/gothein.de\/reiseblog\/wp-content\/uploads\/2023\/07\/20230716_122914-1024x1024.jpg\" alt=\"\" class=\"wp-image-5364\" srcset=\"https:\/\/gothein.de\/reiseblog\/wp-content\/uploads\/2023\/07\/20230716_122914-1024x1024.jpg 1024w, https:\/\/gothein.de\/reiseblog\/wp-content\/uploads\/2023\/07\/20230716_122914-300x300.jpg 300w, https:\/\/gothein.de\/reiseblog\/wp-content\/uploads\/2023\/07\/20230716_122914-150x150.jpg 150w, https:\/\/gothein.de\/reiseblog\/wp-content\/uploads\/2023\/07\/20230716_122914-768x768.jpg 768w, https:\/\/gothein.de\/reiseblog\/wp-content\/uploads\/2023\/07\/20230716_122914-1536x1536.jpg 1536w, https:\/\/gothein.de\/reiseblog\/wp-content\/uploads\/2023\/07\/20230716_122914-2048x2048.jpg 2048w, https:\/\/gothein.de\/reiseblog\/wp-content\/uploads\/2023\/07\/20230716_122914-60x60.jpg 60w\" sizes=\"auto, (max-width: 1024px) 100vw, 1024px\" \/><\/figure>\n\n\n\n<p>Um 12h hat sich die Lage beruhigt und wir spazieren durch die Altstadt mit Flohmarkt und Fachwerkh\u00e4usern. Riesige Plastikfolien werden gerade wieder bei den St\u00e4nden abgedeckt. Unser Zug steht schon im Sackbahnhof am Gleis und wir k\u00f6nnen einsteigen und unsere R\u00e4der an den Haken h\u00e4ngen.<\/p>\n\n\n\n<p>40 Minuten sp\u00e4ter steigen wir in Morlaix wieder aus und machen uns auf die zweite Etappe, wieder mit 22 km. Wir kommen an dem Gebiet der Penze vorbei. Das sieht wie eine Kraterlandschaft aus, wenn das Wasser bei Ebbe fehlt. Unterwegs begegnet uns eine gro\u00dfe Gruppe \u00e4lterer Radler, alle ohne elektrische Unterst\u00fctzung. In Deutschland ein seltenes Bild. <\/p>\n\n\n\n<figure class=\"wp-block-image size-large\"><img loading=\"lazy\" decoding=\"async\" width=\"1024\" height=\"1024\" src=\"https:\/\/gothein.de\/reiseblog\/wp-content\/uploads\/2023\/07\/20230716_185914-1024x1024.jpg\" alt=\"\" class=\"wp-image-5370\" srcset=\"https:\/\/gothein.de\/reiseblog\/wp-content\/uploads\/2023\/07\/20230716_185914-1024x1024.jpg 1024w, https:\/\/gothein.de\/reiseblog\/wp-content\/uploads\/2023\/07\/20230716_185914-300x300.jpg 300w, https:\/\/gothein.de\/reiseblog\/wp-content\/uploads\/2023\/07\/20230716_185914-150x150.jpg 150w, https:\/\/gothein.de\/reiseblog\/wp-content\/uploads\/2023\/07\/20230716_185914-768x768.jpg 768w, https:\/\/gothein.de\/reiseblog\/wp-content\/uploads\/2023\/07\/20230716_185914-1536x1536.jpg 1536w, https:\/\/gothein.de\/reiseblog\/wp-content\/uploads\/2023\/07\/20230716_185914-2048x2048.jpg 2048w, https:\/\/gothein.de\/reiseblog\/wp-content\/uploads\/2023\/07\/20230716_185914-60x60.jpg 60w\" sizes=\"auto, (max-width: 1024px) 100vw, 1024px\" \/><\/figure>\n\n\n\n<p>Eine Zeit lang fahren wir dann auf einer wenig frequentierten gelben D Stra\u00dfe, die wir dann aber dem offiziellen Radweg folgend leider verlassen und bei immer wieder aufkommenden Regenschauern durch ziemlichen Matsch m\u00fcssen. Darunter leidet unser Erscheinungsbild ein bisschen, bis wir im diesmal sehr sch\u00f6nen \u201eHotel de France\u201c ankommen.<\/p>\n\n\n\n<p>Saint-Pol-de-L\u00e9on ist die Hauptstadt der Artischocken und heute ist Artischockenfest mit Umz\u00fcgen und Prozessionen und vielen Heiligenbannern in den verschiedenen Kirchen. Wie in allen bisherigen Orten gibt es nat\u00fcrlich auch hier wieder eine imposante Kathedrale.<\/p>\n\n\n\n<figure class=\"wp-block-image\"><img loading=\"lazy\" decoding=\"async\" width=\"1024\" height=\"1024\" src=\"https:\/\/gothein.de\/reiseblog\/wp-content\/uploads\/2023\/07\/20230716_185424-1024x1024.jpg\" alt=\"\" class=\"wp-image-5369\" srcset=\"https:\/\/gothein.de\/reiseblog\/wp-content\/uploads\/2023\/07\/20230716_185424-1024x1024.jpg 1024w, https:\/\/gothein.de\/reiseblog\/wp-content\/uploads\/2023\/07\/20230716_185424-300x300.jpg 300w, https:\/\/gothein.de\/reiseblog\/wp-content\/uploads\/2023\/07\/20230716_185424-150x150.jpg 150w, https:\/\/gothein.de\/reiseblog\/wp-content\/uploads\/2023\/07\/20230716_185424-768x768.jpg 768w, https:\/\/gothein.de\/reiseblog\/wp-content\/uploads\/2023\/07\/20230716_185424-1536x1536.jpg 1536w, https:\/\/gothein.de\/reiseblog\/wp-content\/uploads\/2023\/07\/20230716_185424-2048x2048.jpg 2048w, https:\/\/gothein.de\/reiseblog\/wp-content\/uploads\/2023\/07\/20230716_185424-60x60.jpg 60w\" sizes=\"auto, (max-width: 1024px) 100vw, 1024px\" \/><\/figure>\n\n\n\n<p>Das Meer ist etwa 1,5 km entfernt und wir laufen runter und wieder zur\u00fcck. Unten ist nicht viel los, ein gro\u00dfer Standplatz f\u00fcr Wohnmobile und maritimes Restaurant, daf\u00fcr ist es aber noch zu fr\u00fch.<\/p>\n\n\n\n<figure class=\"wp-block-image\"><img loading=\"lazy\" decoding=\"async\" width=\"1024\" height=\"1024\" src=\"https:\/\/gothein.de\/reiseblog\/wp-content\/uploads\/2023\/07\/20230716_185613-1024x1024.jpg\" alt=\"\" class=\"wp-image-5368\" srcset=\"https:\/\/gothein.de\/reiseblog\/wp-content\/uploads\/2023\/07\/20230716_185613-1024x1024.jpg 1024w, https:\/\/gothein.de\/reiseblog\/wp-content\/uploads\/2023\/07\/20230716_185613-300x300.jpg 300w, https:\/\/gothein.de\/reiseblog\/wp-content\/uploads\/2023\/07\/20230716_185613-150x150.jpg 150w, https:\/\/gothein.de\/reiseblog\/wp-content\/uploads\/2023\/07\/20230716_185613-768x768.jpg 768w, https:\/\/gothein.de\/reiseblog\/wp-content\/uploads\/2023\/07\/20230716_185613-1536x1536.jpg 1536w, https:\/\/gothein.de\/reiseblog\/wp-content\/uploads\/2023\/07\/20230716_185613-2048x2048.jpg 2048w, https:\/\/gothein.de\/reiseblog\/wp-content\/uploads\/2023\/07\/20230716_185613-60x60.jpg 60w\" sizes=\"auto, (max-width: 1024px) 100vw, 1024px\" \/><\/figure>\n\n\n\n<p>Danach spazieren wir noch einmal durch die sch\u00f6ne Altstadt und reservieren in einem etwas nobleren Restaurant \u201eDans la Grand Rue\u201c einen Tisch f\u00fcr zwei. Das haben wir nun gelernt, dass das in den Orten mit geringerem \u201egute Restaurants\u201c \/  Touristen &#8211; Verh\u00e4ltnis, schlau ist. Es hat sich gelohnt und anschlie\u00dfend gibt es noch bretonisches Bier in der Bar Caf\u00e9 Central und wir k\u00f6nnen sehr m\u00fcde ins Bett fallen. <\/p>\n\n\n\n<p>Nachdem wir uns mit der  Bahn gut 40 km erspart haben, waren wir 44 km mit dem Rad unterwegs und haben 500 H\u00f6henmeter \u00fcberwunden.<\/p>\n\n\n\n        <div id=\"map_ol3js_1\"\n             class=\"map undefined\"\n             data-map_name=\"undefined\"\n             data-map=\"map_ol3js_1\"\n             style=\"width:100%;\n                    max-width:100%;\n                    height:450px;\n                    display:block;\n                    overflow:hidden;\n                    border:2px solid grey;\">\n          <div id=\"map_ol3js_1_popup\" class=\"ol-popup\">\n            <a href=\"#\" id=\"map_ol3js_1_popup-closer\" class=\"ol-popup-closer\"><\/a>\n            <div id=\"map_ol3js_1_popup-content\"><\/div>\n          <\/div>\n        <\/div>\n    \n\n\t\t\t\t<script type=\"text\/javascript\">\n\t\t\t\t\ttranslations['openlayer'] = \"open layer\";\n\t\t\t\t\ttranslations['openlayerAtStartup'] = \"open layer at startup\";\n\t\t\t\t\ttranslations['generateLink'] = \"Der Link zur Karte mit ausgew\u00e4hlten Overlays und angezeigtem Ausschnitt\";\n\t\t\t\t\ttranslations['shortDescription'] = \"Kurzbeschreibung\";\n\t\t\t\t\ttranslations['generatedShortCode'] = \"to get a text control link paste this code in your wordpress editor\";\n\t\t\t\t\ttranslations['closeLayer'] = \"close layer\";\n\t\t\t\t\ttranslations['cantGenerateLink'] = \"put this string in the existing map short code to control this map\";\n\t\t\t  <\/script>\n\n\n\t\t\t  <script type=\"text\/javascript\">\n\t\t\t  vectorM['map_ol3js_1'] = [];\n\t        \n        var raster = getTileLayer(\"osm\",\"NoKey\");\t\t\t\n\n\t\t\t  var map_ol3js_1 = new ol.Map({\n\t\t\t\tinteractions: ol.interaction.defaults.defaults({mouseWheelZoom:false}),\n\t\t\t\tlayers: [raster],\n\t\t\t\ttarget: \"map_ol3js_1\",\n\t\t\t\tview: new ol.View({\n\t\t\t\t  center: ol.proj.transform([-3.607745,48.690525], \"EPSG:4326\", \"EPSG:3857\"),\n\t\t\t\t  zoom: 9.196424\n\t\t\t\t})\n\t\t\t  });\n\t\t\t  \n    var style0 = {\n      \"Point\": [new ol.style.Style({\n\n          image: new ol.style.Icon({\n            anchor: [0.5, 41],\n            anchorXUnits: \"fraction\",\n            anchorYUnits: \"pixels\",\n            opacity: 0.75,\n            src: \"https:\/\/gothein.de\/reiseblog\/wp-content\/plugins\/osm\/icons\/mic_blue_pinother_02.png\"\n          })\n      })],\n\n      \"LineString\": [new ol.style.Style({\n        stroke: new ol.style.Stroke({\n          color: \"blue\",\n          width: 8\n        })\n      })],\n      \"MultiLineString\": [new ol.style.Style({\n        stroke: new ol.style.Stroke({\n          color: \"blue\",\n          width: 4\n        })\n      })]\n    };\n\t\t  var vectorL0 = new ol.layer.Vector({\n\t\t\t\tsource: new ol.source.Vector({\n\t\t\t\turl:\"\/reiseblog\/wp-content\/uploads\/gpx\/20230716_Treguier.gpx\",\n\t\t\t\tformat: new ol.format.GPX({\n\t\t\t\t\textractStyles: false\n\t\t\t\t})\n\t\t\t}),\n\t\t\tzIndex: 92,\n\t\t\tstyle: function(feature, resolution) {return style0[feature.getGeometry().getType()];}\n\t\t  });\n\t\t  map_ol3js_1.addLayer(vectorL0);addControls2Map(map_ol3js_1,0,0,3,1,5,6,7,0,1);\nosm_addPopupClickhandler(map_ol3js_1,  \"map_ol3js_1\"); \nosm_addMouseHover(map_ol3js_1); <\/script>\n","protected":false},"excerpt":{"rendered":"<p>Ganz Europa st\u00f6hnt unter der Hitze; nein, nicht ganz Europa, es gibt ein Gebiet unbeugsamer Gallier, wo es weiterhin k\u00fchl ist und beharrlich regnet. Wir sind allerdings dar\u00fcber auch nicht so richtig gl\u00fccklich. Nachdem es nachts so richtig stark geregnet hat, haben wir beschlossen, fr\u00fch los zu gehen, denn laut Prognose ist es vormittags in [&hellip;]<\/p>\n","protected":false},"author":1,"featured_media":0,"comment_status":"open","ping_status":"open","sticky":false,"template":"","format":"standard","meta":{"ngg_post_thumbnail":0,"_jetpack_memberships_contains_paid_content":false,"footnotes":""},"categories":[1],"tags":[227,137,236,235],"class_list":["post-5365","post","type-post","status-publish","format-standard","hentry","category-allgemein","tag-bretagne","tag-frankreich","tag-saint-pol-de-leon","tag-treguier"],"jetpack_featured_media_url":"","jetpack_sharing_enabled":true,"_links":{"self":[{"href":"https:\/\/gothein.de\/reiseblog\/wp-json\/wp\/v2\/posts\/5365","targetHints":{"allow":["GET"]}}],"collection":[{"href":"https:\/\/gothein.de\/reiseblog\/wp-json\/wp\/v2\/posts"}],"about":[{"href":"https:\/\/gothein.de\/reiseblog\/wp-json\/wp\/v2\/types\/post"}],"author":[{"embeddable":true,"href":"https:\/\/gothein.de\/reiseblog\/wp-json\/wp\/v2\/users\/1"}],"replies":[{"embeddable":true,"href":"https:\/\/gothein.de\/reiseblog\/wp-json\/wp\/v2\/comments?post=5365"}],"version-history":[{"count":0,"href":"https:\/\/gothein.de\/reiseblog\/wp-json\/wp\/v2\/posts\/5365\/revisions"}],"wp:attachment":[{"href":"https:\/\/gothein.de\/reiseblog\/wp-json\/wp\/v2\/media?parent=5365"}],"wp:term":[{"taxonomy":"category","embeddable":true,"href":"https:\/\/gothein.de\/reiseblog\/wp-json\/wp\/v2\/categories?post=5365"},{"taxonomy":"post_tag","embeddable":true,"href":"https:\/\/gothein.de\/reiseblog\/wp-json\/wp\/v2\/tags?post=5365"}],"curies":[{"name":"wp","href":"https:\/\/api.w.org\/{rel}","templated":true}]}}