

{"id":5357,"date":"2023-07-15T23:20:06","date_gmt":"2023-07-15T21:20:06","guid":{"rendered":"https:\/\/gothein.de\/reiseblog\/?p=5357"},"modified":"2023-07-15T23:32:08","modified_gmt":"2023-07-15T21:32:08","slug":"von-saint-brieuc-nach-treguier","status":"publish","type":"post","link":"https:\/\/gothein.de\/reiseblog\/2023\/07\/15\/von-saint-brieuc-nach-treguier\/","title":{"rendered":"Von Saint Brieuc nach Tr\u00e9guier"},"content":{"rendered":"\n<p>Unser kurzfristig gebuchtes kleines Appartement erweist sich als sehr gem\u00fctlich und wir schlafen sehr gut. Mit den paar Sachen vom Carrefour und der Bosch Kaffeemaschine bereiten wir ein kleines Fr\u00fchst\u00fcck. Mein Rad und die Taschen m\u00fcssen wieder vom vierten Stock ins Erdgeschoss und dann brechen wir auch schon kurz nach 10h auf. Es rollt gut einen ersten kleinen Hang hinunter, um dann gleich wieder steil hoch zu m\u00fcssen. Dann will Komoot auch noch abbiegen und da kapituliere ich und schiebe. Mehr als 15% m\u00fcssen in der Fr\u00fche nicht sein. Oben angekommen geht es \u00fcber das \u00fcbliche Gewirr aus Nebenstra\u00dfen und Radwegen langsam aus der Stadt hinaus. <\/p>\n\n\n\n<p>Die Wolken haben wir immer im Blick, bis irgendwann wieder dicke Tropfen uns davon \u00fcberzeugen, wenigstens die Regenjacken anzuziehen. Es ist relativ schnell wieder vorbei und nachdem die Jacken trocken sind, konnten wir wieder tauschen. Einmal gab es einen richtig schlimmen Regenschauer, wir konnten unter ein paar B\u00e4umen trockenen Unterschlupf finden und nach wenigen Minuten war es wieder vorbei. Der Regen war heute also nicht die gro\u00dfe Herausforderung, denn das war neben den vielen kleinen Steigungen der Wind oder besser Sturm. Auf ebener Strecke schneller als 15 km\/h voran zu kommen, war ziemlich aussichtslos. So ging es nur sehr langsam voran. <\/p>\n\n\n\n<p>Die Strecke selbst f\u00fchrt ab und zu an das Wasser des \u00c4rmelkanals herunter, aber oft \u00fcber sch\u00f6ne Wege und sch\u00f6nes Hinterland ohne besondere Ausblicke. Dazu m\u00fcssen wir dann ab und zu den Schildern zu einem besonderen Aussichtspunkt folgen, die dann auch immer spektakul\u00e4r sind, aber entsprechend zus\u00e4tzliche Stecke von uns abfordern. <\/p>\n\n\n\n<figure class=\"wp-block-image size-large\"><img loading=\"lazy\" decoding=\"async\" width=\"1024\" height=\"1024\" src=\"https:\/\/gothein.de\/reiseblog\/wp-content\/uploads\/2023\/07\/20230715_214236-1024x1024.jpg\" alt=\"\" class=\"wp-image-5355\" srcset=\"https:\/\/gothein.de\/reiseblog\/wp-content\/uploads\/2023\/07\/20230715_214236-1024x1024.jpg 1024w, https:\/\/gothein.de\/reiseblog\/wp-content\/uploads\/2023\/07\/20230715_214236-300x300.jpg 300w, https:\/\/gothein.de\/reiseblog\/wp-content\/uploads\/2023\/07\/20230715_214236-150x150.jpg 150w, https:\/\/gothein.de\/reiseblog\/wp-content\/uploads\/2023\/07\/20230715_214236-768x768.jpg 768w, https:\/\/gothein.de\/reiseblog\/wp-content\/uploads\/2023\/07\/20230715_214236-1536x1536.jpg 1536w, https:\/\/gothein.de\/reiseblog\/wp-content\/uploads\/2023\/07\/20230715_214236-2048x2048.jpg 2048w, https:\/\/gothein.de\/reiseblog\/wp-content\/uploads\/2023\/07\/20230715_214236-60x60.jpg 60w\" sizes=\"auto, (max-width: 1024px) 100vw, 1024px\" \/><\/figure>\n\n\n\n<p>So kommen wir an verschiedenen sch\u00f6nen Str\u00e4nden vorbei. Der Strand Bonaparte mit dem Hinkelstein, der aber von US Air Force Mitarbeitern gesetzt wurde, ist besonders eindrucksvoll. Wir pausieren bei einer kleinen Kapelle in einem urigen kleinen Caf\u00e9 (La Roulotte Fish and Chips) mit \u00c9picerie, direkt gegen\u00fcber der sehr eindrucksvollen \u00c9glise Saint Loup. Dort halten wir uns eine Zeit lang auf, um uns, das Telefon und die Powerbank wieder mit Energie zu versorgen. <\/p>\n\n\n\n<figure class=\"wp-block-image size-large\"><img loading=\"lazy\" decoding=\"async\" width=\"1024\" height=\"1024\" src=\"https:\/\/gothein.de\/reiseblog\/wp-content\/uploads\/2023\/07\/20230715_230829-1024x1024.jpg\" alt=\"\" class=\"wp-image-5361\" srcset=\"https:\/\/gothein.de\/reiseblog\/wp-content\/uploads\/2023\/07\/20230715_230829-1024x1024.jpg 1024w, https:\/\/gothein.de\/reiseblog\/wp-content\/uploads\/2023\/07\/20230715_230829-300x300.jpg 300w, https:\/\/gothein.de\/reiseblog\/wp-content\/uploads\/2023\/07\/20230715_230829-150x150.jpg 150w, https:\/\/gothein.de\/reiseblog\/wp-content\/uploads\/2023\/07\/20230715_230829-768x768.jpg 768w, https:\/\/gothein.de\/reiseblog\/wp-content\/uploads\/2023\/07\/20230715_230829-1536x1536.jpg 1536w, https:\/\/gothein.de\/reiseblog\/wp-content\/uploads\/2023\/07\/20230715_230829-2048x2048.jpg 2048w, https:\/\/gothein.de\/reiseblog\/wp-content\/uploads\/2023\/07\/20230715_230829-60x60.jpg 60w\" sizes=\"auto, (max-width: 1024px) 100vw, 1024px\" \/><\/figure>\n\n\n\n<p>Auch wenn wir nicht direkten Meeresblick haben ist das alles landschaftlich sehr sch\u00f6n, insbesondere die vielen riesigen Hortensien machen das Stra\u00dfenbild sehr bunt.<\/p>\n\n\n\n<p>Irgendwann wird die Streckenf\u00fchrung \u00e4u\u00dferst abenteuerlich, Single-Trails f\u00fcr das normale Fahrrad na ja ok, aber dann kamen auch noch ein paar Treppen mit Tragepassage. Aber unten angekommen, wussten wir warum. Der Ausblick auf die Abtei Beauport war schon was sehr besonderes. Wir teilen uns den \u201eRadweg\u201c mit einigen Fu\u00dfg\u00e4ngern. <\/p>\n\n\n\n<figure class=\"wp-block-image\"><img loading=\"lazy\" decoding=\"async\" width=\"1024\" height=\"1024\" src=\"https:\/\/gothein.de\/reiseblog\/wp-content\/uploads\/2023\/07\/20230715_215028-1024x1024.jpg\" alt=\"\" class=\"wp-image-5356\" srcset=\"https:\/\/gothein.de\/reiseblog\/wp-content\/uploads\/2023\/07\/20230715_215028-1024x1024.jpg 1024w, https:\/\/gothein.de\/reiseblog\/wp-content\/uploads\/2023\/07\/20230715_215028-300x300.jpg 300w, https:\/\/gothein.de\/reiseblog\/wp-content\/uploads\/2023\/07\/20230715_215028-150x150.jpg 150w, https:\/\/gothein.de\/reiseblog\/wp-content\/uploads\/2023\/07\/20230715_215028-768x768.jpg 768w, https:\/\/gothein.de\/reiseblog\/wp-content\/uploads\/2023\/07\/20230715_215028-1536x1536.jpg 1536w, https:\/\/gothein.de\/reiseblog\/wp-content\/uploads\/2023\/07\/20230715_215028-2048x2048.jpg 2048w, https:\/\/gothein.de\/reiseblog\/wp-content\/uploads\/2023\/07\/20230715_215028-60x60.jpg 60w\" sizes=\"auto, (max-width: 1024px) 100vw, 1024px\" \/><\/figure>\n\n\n\n<p>Es war dann aber gr\u00f6\u00dftenteils recht m\u00fchsam, die Windb\u00f6en am sch\u00f6nen und belebten Hafen von Paimpol waren ziemlich extrem und dann geht es eben mit einem Durchschnitt von etwa 12 km\/h bis zum Ziel. <\/p>\n\n\n\n<p>Nach fast sieben Stunden erreichen wir Tr\u00e9guier. Unser Hotel liegt unten am Ufer des Fjords, des oder der Jaudy und auf dem Weg nach oben zur Kathedrale, die auch wieder f\u00fcr ein doch relativ kleines St\u00e4dtchen ziemlich gro\u00dfartig ist, sind einige der typischen Fachwerkh\u00e4user zu sehen. Manche in hervorragendem Zustand, andere eher desolat. So war das auch schon Saint Brieuc.<\/p>\n\n\n\n<p>Es ist Samstag Abend und die gut bewerteten Restaurants sind leider ausgebucht. Im sehr gut bewerteten \u201eLa Table du March\u00e9\u201c bietet uns die Dame an, gleich zu essen (um 19h), dann haben wir den Tisch bis 20:30. Das klappt und hat sich gelohnt.<\/p>\n\n\n\n<figure class=\"wp-block-image\"><img loading=\"lazy\" decoding=\"async\" width=\"1024\" height=\"1024\" src=\"https:\/\/gothein.de\/reiseblog\/wp-content\/uploads\/2023\/07\/20230715_214643-1024x1024.jpg\" alt=\"\" class=\"wp-image-5354\" srcset=\"https:\/\/gothein.de\/reiseblog\/wp-content\/uploads\/2023\/07\/20230715_214643-1024x1024.jpg 1024w, https:\/\/gothein.de\/reiseblog\/wp-content\/uploads\/2023\/07\/20230715_214643-300x300.jpg 300w, https:\/\/gothein.de\/reiseblog\/wp-content\/uploads\/2023\/07\/20230715_214643-150x150.jpg 150w, https:\/\/gothein.de\/reiseblog\/wp-content\/uploads\/2023\/07\/20230715_214643-768x768.jpg 768w, https:\/\/gothein.de\/reiseblog\/wp-content\/uploads\/2023\/07\/20230715_214643-1536x1536.jpg 1536w, https:\/\/gothein.de\/reiseblog\/wp-content\/uploads\/2023\/07\/20230715_214643-2048x2048.jpg 2048w, https:\/\/gothein.de\/reiseblog\/wp-content\/uploads\/2023\/07\/20230715_214643-60x60.jpg 60w\" sizes=\"auto, (max-width: 1024px) 100vw, 1024px\" \/><\/figure>\n\n\n\n<p>Lediglich 72 km sind wir heute geradelt, aber die vielen kleinen und steilen Anstiege haben uns 900 H\u00f6henmeter abverlangt.<\/p>\n\n\n\n        <div id=\"map_ol3js_1\"\n             class=\"map undefined\"\n             data-map_name=\"undefined\"\n             data-map=\"map_ol3js_1\"\n             style=\"width:100%;\n                    max-width:100%;\n                    height:450px;\n                    display:block;\n                    overflow:hidden;\n                    border:2px solid grey;\">\n          <div id=\"map_ol3js_1_popup\" class=\"ol-popup\">\n            <a href=\"#\" id=\"map_ol3js_1_popup-closer\" class=\"ol-popup-closer\"><\/a>\n            <div id=\"map_ol3js_1_popup-content\"><\/div>\n          <\/div>\n        <\/div>\n    \n\n\t\t\t\t<script type=\"text\/javascript\">\n\t\t\t\t\ttranslations['openlayer'] = \"open layer\";\n\t\t\t\t\ttranslations['openlayerAtStartup'] = \"open layer at startup\";\n\t\t\t\t\ttranslations['generateLink'] = \"Der Link zur Karte mit ausgew\u00e4hlten Overlays und angezeigtem Ausschnitt\";\n\t\t\t\t\ttranslations['shortDescription'] = \"Kurzbeschreibung\";\n\t\t\t\t\ttranslations['generatedShortCode'] = \"to get a text control link paste this code in your wordpress editor\";\n\t\t\t\t\ttranslations['closeLayer'] = \"close layer\";\n\t\t\t\t\ttranslations['cantGenerateLink'] = \"put this string in the existing map short code to control this map\";\n\t\t\t  <\/script>\n\n\n\t\t\t  <script type=\"text\/javascript\">\n\t\t\t  vectorM['map_ol3js_1'] = [];\n\t        \n        var raster = getTileLayer(\"osm\",\"NoKey\");\t\t\t\n\n\t\t\t  var map_ol3js_1 = new ol.Map({\n\t\t\t\tinteractions: ol.interaction.defaults.defaults({mouseWheelZoom:false}),\n\t\t\t\tlayers: [raster],\n\t\t\t\ttarget: \"map_ol3js_1\",\n\t\t\t\tview: new ol.View({\n\t\t\t\t  center: ol.proj.transform([-2.992677,48.655211], \"EPSG:4326\", \"EPSG:3857\"),\n\t\t\t\t  zoom: 9.613087\n\t\t\t\t})\n\t\t\t  });\n\t\t\t  \n    var style0 = {\n      \"Point\": [new ol.style.Style({\n\n          image: new ol.style.Icon({\n            anchor: [0.5, 41],\n            anchorXUnits: \"fraction\",\n            anchorYUnits: \"pixels\",\n            opacity: 0.75,\n            src: \"https:\/\/gothein.de\/reiseblog\/wp-content\/plugins\/osm\/icons\/mic_blue_pinother_02.png\"\n          })\n      })],\n\n      \"LineString\": [new ol.style.Style({\n        stroke: new ol.style.Stroke({\n          color: \"blue\",\n          width: 8\n        })\n      })],\n      \"MultiLineString\": [new ol.style.Style({\n        stroke: new ol.style.Stroke({\n          color: \"blue\",\n          width: 4\n        })\n      })]\n    };\n\t\t  var vectorL0 = new ol.layer.Vector({\n\t\t\t\tsource: new ol.source.Vector({\n\t\t\t\turl:\"\/reiseblog\/wp-content\/uploads\/gpx\/20230715_SaintBrieuc.gpx\",\n\t\t\t\tformat: new ol.format.GPX({\n\t\t\t\t\textractStyles: false\n\t\t\t\t})\n\t\t\t}),\n\t\t\tzIndex: 92,\n\t\t\tstyle: function(feature, resolution) {return style0[feature.getGeometry().getType()];}\n\t\t  });\n\t\t  map_ol3js_1.addLayer(vectorL0);addControls2Map(map_ol3js_1,0,0,3,1,5,6,7,0,1);\nosm_addPopupClickhandler(map_ol3js_1,  \"map_ol3js_1\"); \nosm_addMouseHover(map_ol3js_1); <\/script>\n","protected":false},"excerpt":{"rendered":"<p>Unser kurzfristig gebuchtes kleines Appartement erweist sich als sehr gem\u00fctlich und wir schlafen sehr gut. Mit den paar Sachen vom Carrefour und der Bosch Kaffeemaschine bereiten wir ein kleines Fr\u00fchst\u00fcck. Mein Rad und die Taschen m\u00fcssen wieder vom vierten Stock ins Erdgeschoss und dann brechen wir auch schon kurz nach 10h auf. Es rollt gut [&hellip;]<\/p>\n","protected":false},"author":1,"featured_media":0,"comment_status":"open","ping_status":"open","sticky":false,"template":"","format":"standard","meta":{"ngg_post_thumbnail":0,"_jetpack_memberships_contains_paid_content":false,"footnotes":""},"categories":[1],"tags":[227,137,234,235],"class_list":["post-5357","post","type-post","status-publish","format-standard","hentry","category-allgemein","tag-bretagne","tag-frankreich","tag-saint-brieuc","tag-treguier"],"jetpack_featured_media_url":"","jetpack_sharing_enabled":true,"_links":{"self":[{"href":"https:\/\/gothein.de\/reiseblog\/wp-json\/wp\/v2\/posts\/5357","targetHints":{"allow":["GET"]}}],"collection":[{"href":"https:\/\/gothein.de\/reiseblog\/wp-json\/wp\/v2\/posts"}],"about":[{"href":"https:\/\/gothein.de\/reiseblog\/wp-json\/wp\/v2\/types\/post"}],"author":[{"embeddable":true,"href":"https:\/\/gothein.de\/reiseblog\/wp-json\/wp\/v2\/users\/1"}],"replies":[{"embeddable":true,"href":"https:\/\/gothein.de\/reiseblog\/wp-json\/wp\/v2\/comments?post=5357"}],"version-history":[{"count":0,"href":"https:\/\/gothein.de\/reiseblog\/wp-json\/wp\/v2\/posts\/5357\/revisions"}],"wp:attachment":[{"href":"https:\/\/gothein.de\/reiseblog\/wp-json\/wp\/v2\/media?parent=5357"}],"wp:term":[{"taxonomy":"category","embeddable":true,"href":"https:\/\/gothein.de\/reiseblog\/wp-json\/wp\/v2\/categories?post=5357"},{"taxonomy":"post_tag","embeddable":true,"href":"https:\/\/gothein.de\/reiseblog\/wp-json\/wp\/v2\/tags?post=5357"}],"curies":[{"name":"wp","href":"https:\/\/api.w.org\/{rel}","templated":true}]}}