





{"id":5284,"date":"2023-04-15T20:00:00","date_gmt":"2023-04-15T18:00:00","guid":{"rendered":"https:\/\/gothein.de\/reiseblog\/?p=5284"},"modified":"2023-04-17T21:21:02","modified_gmt":"2023-04-17T19:21:02","slug":"land-und-seegaenge-am-bodensee","status":"publish","type":"post","link":"https:\/\/gothein.de\/reiseblog\/2023\/04\/15\/land-und-seegaenge-am-bodensee\/","title":{"rendered":"Land- und Seeg\u00e4nge am Bodensee"},"content":{"rendered":"\n<p>Sechs Wochen ist es her, dass wir aus Thailand mit hochsommerlichen hei\u00dfen Temperaturen zur\u00fcck in den ziemlich kalten und regnerischen Winter zur\u00fcck gekommen sind. Nach den letzten vier Wochen meiner Festanstellung, in denen ich brav auf meinen Resturlaub verzichtet habe, haben wir uns entschlossen wieder ein paar Tage an den See zu fahren. <\/p>\n\n\n\n<p>Leider war uns nicht so viel Sonne beschieden, wie letztes Jahr um diese Zeit. F\u00fcr ausgedehnte Radtouren war es uns zu kalt und so haben wir das Dornier-Museum in Friedrichshafen besucht, klare Empfehlung f\u00fcr einen regnerischen Tag und ein paar Wanderungen gemacht, die alle relativ neu entweder als \u201eLandgang\u201c oder \u201eSeegang\u201c ausgezeichnet sind. <\/p>\n\n\n\n<figure class=\"wp-block-image size-large\"><img loading=\"lazy\" decoding=\"async\" width=\"1024\" height=\"1024\" src=\"https:\/\/gothein.de\/reiseblog\/wp-content\/uploads\/2023\/04\/20230415_205233-1024x1024.jpg\" alt=\"\" class=\"wp-image-5287\" srcset=\"https:\/\/gothein.de\/reiseblog\/wp-content\/uploads\/2023\/04\/20230415_205233-1024x1024.jpg 1024w, https:\/\/gothein.de\/reiseblog\/wp-content\/uploads\/2023\/04\/20230415_205233-300x300.jpg 300w, https:\/\/gothein.de\/reiseblog\/wp-content\/uploads\/2023\/04\/20230415_205233-150x150.jpg 150w, https:\/\/gothein.de\/reiseblog\/wp-content\/uploads\/2023\/04\/20230415_205233-768x768.jpg 768w, https:\/\/gothein.de\/reiseblog\/wp-content\/uploads\/2023\/04\/20230415_205233-1536x1536.jpg 1536w, https:\/\/gothein.de\/reiseblog\/wp-content\/uploads\/2023\/04\/20230415_205233-2048x2048.jpg 2048w, https:\/\/gothein.de\/reiseblog\/wp-content\/uploads\/2023\/04\/20230415_205233-60x60.jpg 60w\" sizes=\"auto, (max-width: 1024px) 100vw, 1024px\" \/><\/figure>\n\n\n\n<p>Drei Wanderungen in besonders attraktiven Ecken haben wir gefunden. Das Wetter war durchwachsen, k\u00fchl aber trocken. Von Deggenhausen im Deggenhausertal sind wir steil zum H\u00f6chsten hoch gelaufen und \u00fcber den Lehenhof zur\u00fcck. Teilweise war diese Wanderung mit dem neuen Symbol \u201eLandgang\u201c ausgezeichnet. <\/p>\n\n\n\n<p>Auf dem R\u00fcckweg sehen wir in Deggenhausen verschiedene Buddhastatuen bei einem alten Fachwerkhaus und schauen uns ein bisschen um. Der Inhaber der Indo-Scheune bietet an, uns durch die Scheune und seine riesige Sammlung verschiedener Statuen zu f\u00fchren. Meistens sind es Buddhas in den verschiedenen charakteristischen Haltungen aber es gibt auch verschiedene andere Motive, auch die Elefanteng\u00f6tter. Die meisten sind aus Stein und einige sind aus Teak-Holz. Sie werden von ihm in Auftrag in Indonesien von K\u00fcnstlern in hoher Qualit\u00e4t gefertigt. Per Container-Schiff geht es  nach Deutschland und werden dann an interessierte Kunstliebhaber per Web-Shop verkauft. <\/p>\n\n\n\n<p>Die Runde war 11 km lang, mit 500 H\u00f6henmetern.<\/p>\n\n\n\n        <div id=\"map_ol3js_1\"\n             class=\"map undefined\"\n             data-map_name=\"undefined\"\n             data-map=\"map_ol3js_1\"\n             style=\"width:100%;\n                    max-width:100%;\n                    height:450px;\n                    display:block;\n                    overflow:hidden;\n                    border:2px solid grey;\">\n          <div id=\"map_ol3js_1_popup\" class=\"ol-popup\">\n            <a href=\"#\" id=\"map_ol3js_1_popup-closer\" class=\"ol-popup-closer\"><\/a>\n            <div id=\"map_ol3js_1_popup-content\"><\/div>\n          <\/div>\n        <\/div>\n    \n\n\t\t\t\t<script type=\"text\/javascript\">\n\t\t\t\t\ttranslations['openlayer'] = \"open layer\";\n\t\t\t\t\ttranslations['openlayerAtStartup'] = \"open layer at startup\";\n\t\t\t\t\ttranslations['generateLink'] = \"Der Link zur Karte mit ausgew\u00e4hlten Overlays und angezeigtem Ausschnitt\";\n\t\t\t\t\ttranslations['shortDescription'] = \"Kurzbeschreibung\";\n\t\t\t\t\ttranslations['generatedShortCode'] = \"to get a text control link paste this code in your wordpress editor\";\n\t\t\t\t\ttranslations['closeLayer'] = \"close layer\";\n\t\t\t\t\ttranslations['cantGenerateLink'] = \"put this string in the existing map short code to control this map\";\n\t\t\t  <\/script>\n\n\n\t\t\t  <script type=\"text\/javascript\">\n\t\t\t  vectorM['map_ol3js_1'] = [];\n\t        \n        var raster = getTileLayer(\"osm\",\"NoKey\");\t\t\t\n\n\t\t\t  var map_ol3js_1 = new ol.Map({\n\t\t\t\tinteractions: ol.interaction.defaults.defaults({mouseWheelZoom:false}),\n\t\t\t\tlayers: [raster],\n\t\t\t\ttarget: \"map_ol3js_1\",\n\t\t\t\tview: new ol.View({\n\t\t\t\t  center: ol.proj.transform([9.392845,47.812073], \"EPSG:4326\", \"EPSG:3857\"),\n\t\t\t\t  zoom: 13.601700\n\t\t\t\t})\n\t\t\t  });\n\t\t\t  \n    var style0 = {\n      \"Point\": [new ol.style.Style({\n\n          image: new ol.style.Icon({\n            anchor: [0.5, 41],\n            anchorXUnits: \"fraction\",\n            anchorYUnits: \"pixels\",\n            opacity: 0.75,\n            src: \"https:\/\/gothein.de\/reiseblog\/wp-content\/plugins\/osm\/icons\/mic_blue_pinother_02.png\"\n          })\n      })],\n\n      \"LineString\": [new ol.style.Style({\n        stroke: new ol.style.Stroke({\n          color: \"blue\",\n          width: 8\n        })\n      })],\n      \"MultiLineString\": [new ol.style.Style({\n        stroke: new ol.style.Stroke({\n          color: \"blue\",\n          width: 4\n        })\n      })]\n    };\n\t\t  var vectorL0 = new ol.layer.Vector({\n\t\t\t\tsource: new ol.source.Vector({\n\t\t\t\turl:\"\/reiseblog\/wp-content\/uploads\/gpx\/20230413_Hoechsten.gpx\",\n\t\t\t\tformat: new ol.format.GPX({\n\t\t\t\t\textractStyles: false\n\t\t\t\t})\n\t\t\t}),\n\t\t\tzIndex: 92,\n\t\t\tstyle: function(feature, resolution) {return style0[feature.getGeometry().getType()];}\n\t\t  });\n\t\t  map_ol3js_1.addLayer(vectorL0);addControls2Map(map_ol3js_1,0,0,3,1,5,6,7,0,1);\nosm_addPopupClickhandler(map_ol3js_1,  \"map_ol3js_1\"); \nosm_addMouseHover(map_ol3js_1); <\/script>\n\n\n\n<p>Am n\u00e4chsten Tag zeigt sich der Himmel zun\u00e4chst fast wolkenfrei. Es ist weiter kalt und wir peilen Markdorf an, von wo die n\u00e4chste als Landgang ausgezeichnete Wanderung zun\u00e4chst auf den Gehrenberg f\u00fchrt. Der Gehrenberg ist der dritte im Trio \u201eH\u00f6chsten-Heiligenberg-Gehrenberg\u201c. Zun\u00e4chst geht es steil nach oben bis zum Aussichtsturm, der wenn man ihn ohne H\u00f6henangst erklimmen kann, Rundblicke weit \u00fcber Allg\u00e4u, \u00d6sterreich, Schweiz, Obersee, \u00dcberlinger See bis zum H\u00f6chsten erlaubt. <\/p>\n\n\n\n<figure class=\"wp-block-image size-large\"><img loading=\"lazy\" decoding=\"async\" width=\"1024\" height=\"1024\" src=\"https:\/\/gothein.de\/reiseblog\/wp-content\/uploads\/2023\/04\/20230415_203754-1024x1024.jpg\" alt=\"\" class=\"wp-image-5288\" srcset=\"https:\/\/gothein.de\/reiseblog\/wp-content\/uploads\/2023\/04\/20230415_203754-1024x1024.jpg 1024w, https:\/\/gothein.de\/reiseblog\/wp-content\/uploads\/2023\/04\/20230415_203754-300x300.jpg 300w, https:\/\/gothein.de\/reiseblog\/wp-content\/uploads\/2023\/04\/20230415_203754-150x150.jpg 150w, https:\/\/gothein.de\/reiseblog\/wp-content\/uploads\/2023\/04\/20230415_203754-768x768.jpg 768w, https:\/\/gothein.de\/reiseblog\/wp-content\/uploads\/2023\/04\/20230415_203754-1536x1536.jpg 1536w, https:\/\/gothein.de\/reiseblog\/wp-content\/uploads\/2023\/04\/20230415_203754-2048x2048.jpg 2048w, https:\/\/gothein.de\/reiseblog\/wp-content\/uploads\/2023\/04\/20230415_203754-60x60.jpg 60w\" sizes=\"auto, (max-width: 1024px) 100vw, 1024px\" \/><\/figure>\n\n\n\n<p>Nach diesem Highlight gleich zu Beginn gibt es weitere attraktive Pl\u00e4tze. Vom historischen Wasserspeicher von Markdorf f\u00fchrt dieser Landgang \u00fcber den Gehrenbergturm, den Gehrenbergabbruch, den Linzgaublick, den Deggenhausertalblick und den 5 L\u00e4nderblick (damit ist Baden-W\u00fcrttemberg, Bayern, \u00d6sterreich, Liechtenstein, Schweiz gemeint). Nach 16 km f\u00fchrt die Rund wieder an den Ausgangspunkt, den Parkplatz Vogelsang zur\u00fcck.<\/p>\n\n\n\n<figure class=\"wp-block-image\"><img loading=\"lazy\" decoding=\"async\" width=\"1024\" height=\"1024\" src=\"https:\/\/gothein.de\/reiseblog\/wp-content\/uploads\/2023\/04\/20230415_203406-1024x1024.jpg\" alt=\"\" class=\"wp-image-5289\" srcset=\"https:\/\/gothein.de\/reiseblog\/wp-content\/uploads\/2023\/04\/20230415_203406-1024x1024.jpg 1024w, https:\/\/gothein.de\/reiseblog\/wp-content\/uploads\/2023\/04\/20230415_203406-300x300.jpg 300w, https:\/\/gothein.de\/reiseblog\/wp-content\/uploads\/2023\/04\/20230415_203406-150x150.jpg 150w, https:\/\/gothein.de\/reiseblog\/wp-content\/uploads\/2023\/04\/20230415_203406-768x768.jpg 768w, https:\/\/gothein.de\/reiseblog\/wp-content\/uploads\/2023\/04\/20230415_203406-1536x1536.jpg 1536w, https:\/\/gothein.de\/reiseblog\/wp-content\/uploads\/2023\/04\/20230415_203406-2048x2048.jpg 2048w, https:\/\/gothein.de\/reiseblog\/wp-content\/uploads\/2023\/04\/20230415_203406-60x60.jpg 60w\" sizes=\"auto, (max-width: 1024px) 100vw, 1024px\" \/><\/figure>\n\n\n\n<p>Das Alpenpanorama reicht vom Allg\u00e4u bis zu den hohen Schweizer Bergen. Die S\u00e4ntis Spitze liegt in den Wolken. Aus verschiedenen Perspektiven ist immer wieder der Zeppelin zu sehen und so gelingt es mir zum Abschluss noch den Zeppelin \u00fcber dem S\u00e4ntis einzufangen. <\/p>\n\n\n\n<figure class=\"wp-block-image size-large\"><img loading=\"lazy\" decoding=\"async\" width=\"1024\" height=\"1024\" src=\"https:\/\/gothein.de\/reiseblog\/wp-content\/uploads\/2023\/04\/20230415_202835-1024x1024.jpg\" alt=\"\" class=\"wp-image-5293\" srcset=\"https:\/\/gothein.de\/reiseblog\/wp-content\/uploads\/2023\/04\/20230415_202835-1024x1024.jpg 1024w, https:\/\/gothein.de\/reiseblog\/wp-content\/uploads\/2023\/04\/20230415_202835-300x300.jpg 300w, https:\/\/gothein.de\/reiseblog\/wp-content\/uploads\/2023\/04\/20230415_202835-150x150.jpg 150w, https:\/\/gothein.de\/reiseblog\/wp-content\/uploads\/2023\/04\/20230415_202835-768x768.jpg 768w, https:\/\/gothein.de\/reiseblog\/wp-content\/uploads\/2023\/04\/20230415_202835-1536x1536.jpg 1536w, https:\/\/gothein.de\/reiseblog\/wp-content\/uploads\/2023\/04\/20230415_202835-2048x2048.jpg 2048w, https:\/\/gothein.de\/reiseblog\/wp-content\/uploads\/2023\/04\/20230415_202835-60x60.jpg 60w\" sizes=\"auto, (max-width: 1024px) 100vw, 1024px\" \/><\/figure>\n\n\n\n        <div id=\"map_ol3js_2\"\n             class=\"map undefined\"\n             data-map_name=\"undefined\"\n             data-map=\"map_ol3js_2\"\n             style=\"width:100%;\n                    max-width:100%;\n                    height:450px;\n                    display:block;\n                    overflow:hidden;\n                    border:2px solid grey;\">\n          <div id=\"map_ol3js_2_popup\" class=\"ol-popup\">\n            <a href=\"#\" id=\"map_ol3js_2_popup-closer\" class=\"ol-popup-closer\"><\/a>\n            <div id=\"map_ol3js_2_popup-content\"><\/div>\n          <\/div>\n        <\/div>\n    \n\n\t\t\t\t<script type=\"text\/javascript\">\n\t\t\t\t\ttranslations['openlayer'] = \"open layer\";\n\t\t\t\t\ttranslations['openlayerAtStartup'] = \"open layer at startup\";\n\t\t\t\t\ttranslations['generateLink'] = \"Der Link zur Karte mit ausgew\u00e4hlten Overlays und angezeigtem Ausschnitt\";\n\t\t\t\t\ttranslations['shortDescription'] = \"Kurzbeschreibung\";\n\t\t\t\t\ttranslations['generatedShortCode'] = \"to get a text control link paste this code in your wordpress editor\";\n\t\t\t\t\ttranslations['closeLayer'] = \"close layer\";\n\t\t\t\t\ttranslations['cantGenerateLink'] = \"put this string in the existing map short code to control this map\";\n\t\t\t  <\/script>\n\n\n\t\t\t  <script type=\"text\/javascript\">\n\t\t\t  vectorM['map_ol3js_2'] = [];\n\t        \n        var raster = getTileLayer(\"osm\",\"NoKey\");\t\t\t\n\n\t\t\t  var map_ol3js_2 = new ol.Map({\n\t\t\t\tinteractions: ol.interaction.defaults.defaults({mouseWheelZoom:false}),\n\t\t\t\tlayers: [raster],\n\t\t\t\ttarget: \"map_ol3js_2\",\n\t\t\t\tview: new ol.View({\n\t\t\t\t  center: ol.proj.transform([9.417423,47.740673], \"EPSG:4326\", \"EPSG:3857\"),\n\t\t\t\t  zoom: 12.850962\n\t\t\t\t})\n\t\t\t  });\n\t\t\t  \n    var style0 = {\n      \"Point\": [new ol.style.Style({\n\n          image: new ol.style.Icon({\n            anchor: [0.5, 41],\n            anchorXUnits: \"fraction\",\n            anchorYUnits: \"pixels\",\n            opacity: 0.75,\n            src: \"https:\/\/gothein.de\/reiseblog\/wp-content\/plugins\/osm\/icons\/mic_blue_pinother_02.png\"\n          })\n      })],\n\n      \"LineString\": [new ol.style.Style({\n        stroke: new ol.style.Stroke({\n          color: \"blue\",\n          width: 8\n        })\n      })],\n      \"MultiLineString\": [new ol.style.Style({\n        stroke: new ol.style.Stroke({\n          color: \"blue\",\n          width: 4\n        })\n      })]\n    };\n\t\t  var vectorL0 = new ol.layer.Vector({\n\t\t\t\tsource: new ol.source.Vector({\n\t\t\t\turl:\"\/reiseblog\/wp-content\/uploads\/gpx\/20230414_Gehrenberg.gpx\",\n\t\t\t\tformat: new ol.format.GPX({\n\t\t\t\t\textractStyles: false\n\t\t\t\t})\n\t\t\t}),\n\t\t\tzIndex: 92,\n\t\t\tstyle: function(feature, resolution) {return style0[feature.getGeometry().getType()];}\n\t\t  });\n\t\t  map_ol3js_2.addLayer(vectorL0);addControls2Map(map_ol3js_2,0,0,3,1,5,6,7,0,1);\nosm_addPopupClickhandler(map_ol3js_2,  \"map_ol3js_2\"); \nosm_addMouseHover(map_ol3js_2); <\/script>\n\n\n\n<p>Die letzte Wanderung ist nur kurz, daf\u00fcr sowohl hoch als auch runter besonders steil. Start ist in Sipplingen. Die Parkpl\u00e4tze hier am See in diesem kleinen D\u00f6rfchen sind absurd teuer. F\u00fcr gut 2 Stunden (gesch\u00e4tzte Zeit) auf dem Kiesparkplatz sind \u00fcber 7 Euro f\u00e4llig. Darauf haben wir keine Lust und suchen uns einen Platz auf einer Wiese neben einem Baufahrzeug. <\/p>\n\n\n\n<p>Die Ausblicke entlang des steilen Hangs von der Zimmerwiese bis zum Haldenhof sind grandios, wenngleich die Alpen nur ein bisschen zu sehen sind und der Himmel grau bedeckt ist. Es bleibt trocken. Auch der Zeppelin kreist wieder \u00fcber dem See.  Der Abhang ist durchzogen von tief eingeschnittenen Tobeln und immer wieder blitzen Sandsteinfelsen durch, die den gesamten Hang pr\u00e4gen und auch die Basis der Heidenh\u00f6hlen waren, die zwischen Sipplingen und \u00dcberlingen durch Bau von Stra\u00dfe und Eisenbahnlinie weitgehend zerst\u00f6rt wurden. Die Ruine Hohenfels passieren wir beim Abstieg, das sind dann aber wirklich nur noch wenige Steinmauern. Informative Tafeln geben Auskunft \u00fcber die Entwicklung der Landschaft und die Geschichte von Hohenfels.<\/p>\n\n\n\n<figure class=\"wp-block-image size-large\"><img loading=\"lazy\" decoding=\"async\" width=\"1024\" height=\"1024\" src=\"https:\/\/gothein.de\/reiseblog\/wp-content\/uploads\/2023\/04\/20230415_202038-1024x1024.jpg\" alt=\"\" class=\"wp-image-5290\" srcset=\"https:\/\/gothein.de\/reiseblog\/wp-content\/uploads\/2023\/04\/20230415_202038-1024x1024.jpg 1024w, https:\/\/gothein.de\/reiseblog\/wp-content\/uploads\/2023\/04\/20230415_202038-300x300.jpg 300w, https:\/\/gothein.de\/reiseblog\/wp-content\/uploads\/2023\/04\/20230415_202038-150x150.jpg 150w, https:\/\/gothein.de\/reiseblog\/wp-content\/uploads\/2023\/04\/20230415_202038-768x768.jpg 768w, https:\/\/gothein.de\/reiseblog\/wp-content\/uploads\/2023\/04\/20230415_202038-1536x1536.jpg 1536w, https:\/\/gothein.de\/reiseblog\/wp-content\/uploads\/2023\/04\/20230415_202038-2048x2048.jpg 2048w, https:\/\/gothein.de\/reiseblog\/wp-content\/uploads\/2023\/04\/20230415_202038-60x60.jpg 60w\" sizes=\"auto, (max-width: 1024px) 100vw, 1024px\" \/><\/figure>\n\n\n\n<p>Wir sind nur gut 6 Kilometer unterwegs aber es sind durch die steilen H\u00e4nge auch gleich wieder einige hundert H\u00f6henmeter geworden. Unser Auto steht ohne Strafzettel noch auf der Wiese.<\/p>\n\n\n\n        <div id=\"map_ol3js_3\"\n             class=\"map undefined\"\n             data-map_name=\"undefined\"\n             data-map=\"map_ol3js_3\"\n             style=\"width:100%;\n                    max-width:100%;\n                    height:450px;\n                    display:block;\n                    overflow:hidden;\n                    border:2px solid grey;\">\n          <div id=\"map_ol3js_3_popup\" class=\"ol-popup\">\n            <a href=\"#\" id=\"map_ol3js_3_popup-closer\" class=\"ol-popup-closer\"><\/a>\n            <div id=\"map_ol3js_3_popup-content\"><\/div>\n          <\/div>\n        <\/div>\n    \n\n\t\t\t\t<script type=\"text\/javascript\">\n\t\t\t\t\ttranslations['openlayer'] = \"open layer\";\n\t\t\t\t\ttranslations['openlayerAtStartup'] = \"open layer at startup\";\n\t\t\t\t\ttranslations['generateLink'] = \"Der Link zur Karte mit ausgew\u00e4hlten Overlays und angezeigtem Ausschnitt\";\n\t\t\t\t\ttranslations['shortDescription'] = \"Kurzbeschreibung\";\n\t\t\t\t\ttranslations['generatedShortCode'] = \"to get a text control link paste this code in your wordpress editor\";\n\t\t\t\t\ttranslations['closeLayer'] = \"close layer\";\n\t\t\t\t\ttranslations['cantGenerateLink'] = \"put this string in the existing map short code to control this map\";\n\t\t\t  <\/script>\n\n\n\t\t\t  <script type=\"text\/javascript\">\n\t\t\t  vectorM['map_ol3js_3'] = [];\n\t        \n        var raster = getTileLayer(\"osm\",\"NoKey\");\t\t\t\n\n\t\t\t  var map_ol3js_3 = new ol.Map({\n\t\t\t\tinteractions: ol.interaction.defaults.defaults({mouseWheelZoom:false}),\n\t\t\t\tlayers: [raster],\n\t\t\t\ttarget: \"map_ol3js_3\",\n\t\t\t\tview: new ol.View({\n\t\t\t\t  center: ol.proj.transform([9.101540,47.800339], \"EPSG:4326\", \"EPSG:3857\"),\n\t\t\t\t  zoom: 14.352900\n\t\t\t\t})\n\t\t\t  });\n\t\t\t  \n    var style0 = {\n      \"Point\": [new ol.style.Style({\n\n          image: new ol.style.Icon({\n            anchor: [0.5, 41],\n            anchorXUnits: \"fraction\",\n            anchorYUnits: \"pixels\",\n            opacity: 0.75,\n            src: \"https:\/\/gothein.de\/reiseblog\/wp-content\/plugins\/osm\/icons\/mic_blue_pinother_02.png\"\n          })\n      })],\n\n      \"LineString\": [new ol.style.Style({\n        stroke: new ol.style.Stroke({\n          color: \"blue\",\n          width: 8\n        })\n      })],\n      \"MultiLineString\": [new ol.style.Style({\n        stroke: new ol.style.Stroke({\n          color: \"blue\",\n          width: 4\n        })\n      })]\n    };\n\t\t  var vectorL0 = new ol.layer.Vector({\n\t\t\t\tsource: new ol.source.Vector({\n\t\t\t\turl:\"\/reiseblog\/wp-content\/uploads\/gpx\/20230415_Haldenhof.gpx\",\n\t\t\t\tformat: new ol.format.GPX({\n\t\t\t\t\textractStyles: false\n\t\t\t\t})\n\t\t\t}),\n\t\t\tzIndex: 92,\n\t\t\tstyle: function(feature, resolution) {return style0[feature.getGeometry().getType()];}\n\t\t  });\n\t\t  map_ol3js_3.addLayer(vectorL0);addControls2Map(map_ol3js_3,0,0,3,1,5,6,7,0,1);\nosm_addPopupClickhandler(map_ol3js_3,  \"map_ol3js_3\"); \nosm_addMouseHover(map_ol3js_3); <\/script>\n","protected":false},"excerpt":{"rendered":"<p>Sechs Wochen ist es her, dass wir aus Thailand mit hochsommerlichen hei\u00dfen Temperaturen zur\u00fcck in den ziemlich kalten und regnerischen Winter zur\u00fcck gekommen sind. Nach den letzten vier Wochen meiner Festanstellung, in denen ich brav auf meinen Resturlaub verzichtet habe, haben wir uns entschlossen wieder ein paar Tage an den See zu fahren. Leider war [&hellip;]<\/p>\n","protected":false},"author":1,"featured_media":0,"comment_status":"open","ping_status":"open","sticky":false,"template":"","format":"standard","meta":{"ngg_post_thumbnail":0,"_jetpack_memberships_contains_paid_content":false,"footnotes":""},"categories":[1],"tags":[146,101,188,189,179],"class_list":["post-5284","post","type-post","status-publish","format-standard","hentry","category-allgemein","tag-baden-wuerttemberg","tag-bodensee","tag-gehrenberg","tag-haldenhof","tag-hoechsten"],"jetpack_featured_media_url":"","jetpack_sharing_enabled":true,"_links":{"self":[{"href":"https:\/\/gothein.de\/reiseblog\/wp-json\/wp\/v2\/posts\/5284","targetHints":{"allow":["GET"]}}],"collection":[{"href":"https:\/\/gothein.de\/reiseblog\/wp-json\/wp\/v2\/posts"}],"about":[{"href":"https:\/\/gothein.de\/reiseblog\/wp-json\/wp\/v2\/types\/post"}],"author":[{"embeddable":true,"href":"https:\/\/gothein.de\/reiseblog\/wp-json\/wp\/v2\/users\/1"}],"replies":[{"embeddable":true,"href":"https:\/\/gothein.de\/reiseblog\/wp-json\/wp\/v2\/comments?post=5284"}],"version-history":[{"count":0,"href":"https:\/\/gothein.de\/reiseblog\/wp-json\/wp\/v2\/posts\/5284\/revisions"}],"wp:attachment":[{"href":"https:\/\/gothein.de\/reiseblog\/wp-json\/wp\/v2\/media?parent=5284"}],"wp:term":[{"taxonomy":"category","embeddable":true,"href":"https:\/\/gothein.de\/reiseblog\/wp-json\/wp\/v2\/categories?post=5284"},{"taxonomy":"post_tag","embeddable":true,"href":"https:\/\/gothein.de\/reiseblog\/wp-json\/wp\/v2\/tags?post=5284"}],"curies":[{"name":"wp","href":"https:\/\/api.w.org\/{rel}","templated":true}]}}