{"id":4978,"date":"2022-11-03T18:02:05","date_gmt":"2022-11-03T17:02:05","guid":{"rendered":"https:\/\/gothein.de\/reiseblog\/?p=4978"},"modified":"2023-01-03T21:19:36","modified_gmt":"2023-01-03T20:19:36","slug":"ein-wochenende-in-hamburg","status":"publish","type":"post","link":"https:\/\/gothein.de\/reiseblog\/2022\/11\/03\/ein-wochenende-in-hamburg\/","title":{"rendered":"Ein Wochenende in Hamburg"},"content":{"rendered":"\n<p>Anl\u00e4sslich eines Firmenjubil\u00e4ums durften wir ein sehr gro\u00dfz\u00fcgig ausgestaltetes Wochenende in Hamburg verbringen. Der erste Abend wurde eingeleitet durch ein ganz hervorragendes Abendessen im east Restaurant mit toller Sushi Auswahl als Vorspeise und einem exzellentem Hauptgang. Der Samstag bot uns Gelegenheit Hamburg noch einmal zu durchstreifen, was dann doch eine Wanderung mit \u00fcber 13 km wurde. Das Wetter war erst noch recht verhangen und wurde dann immer sonniger. <\/p>\n\n\n\n<figure class=\"wp-block-image size-large\"><img loading=\"lazy\" decoding=\"async\" width=\"1024\" height=\"1024\" src=\"https:\/\/gothein.de\/reiseblog\/wp-content\/uploads\/2022\/11\/20221103_153332-2-1024x1024.jpg\" alt=\"\" class=\"wp-image-4984\" srcset=\"https:\/\/gothein.de\/reiseblog\/wp-content\/uploads\/2022\/11\/20221103_153332-2-1024x1024.jpg 1024w, https:\/\/gothein.de\/reiseblog\/wp-content\/uploads\/2022\/11\/20221103_153332-2-300x300.jpg 300w, https:\/\/gothein.de\/reiseblog\/wp-content\/uploads\/2022\/11\/20221103_153332-2-150x150.jpg 150w, https:\/\/gothein.de\/reiseblog\/wp-content\/uploads\/2022\/11\/20221103_153332-2-768x768.jpg 768w, https:\/\/gothein.de\/reiseblog\/wp-content\/uploads\/2022\/11\/20221103_153332-2-1536x1536.jpg 1536w, https:\/\/gothein.de\/reiseblog\/wp-content\/uploads\/2022\/11\/20221103_153332-2-2048x2048.jpg 2048w, https:\/\/gothein.de\/reiseblog\/wp-content\/uploads\/2022\/11\/20221103_153332-2-60x60.jpg 60w\" sizes=\"auto, (max-width: 1024px) 100vw, 1024px\" \/><\/figure>\n\n\n\n<p>Zun\u00e4chst konnten wir von der Hotel Rezeption aus direkt auf die Aussichtsgalerie, auf H\u00f6he des 8. Stockwerks kann man so das Geb\u00e4ude vollst\u00e4ndig umrunden.<\/p>\n\n\n\n<p>Durch die Speicherstadt \u00fcber das Rathaus sind wir bis zum gr\u00fcnen Park Blomen &amp; Planten marschiert, haben dort einen Rundgang gemacht und dann \u00fcber Alster und Innenstadt zur\u00fcck. <\/p>\n\n\n\n<figure class=\"wp-block-image size-large\"><img loading=\"lazy\" decoding=\"async\" width=\"1024\" height=\"1024\" src=\"https:\/\/gothein.de\/reiseblog\/wp-content\/uploads\/2022\/11\/20221103_153723-1-1024x1024.jpg\" alt=\"\" class=\"wp-image-4980\" srcset=\"https:\/\/gothein.de\/reiseblog\/wp-content\/uploads\/2022\/11\/20221103_153723-1-1024x1024.jpg 1024w, https:\/\/gothein.de\/reiseblog\/wp-content\/uploads\/2022\/11\/20221103_153723-1-300x300.jpg 300w, https:\/\/gothein.de\/reiseblog\/wp-content\/uploads\/2022\/11\/20221103_153723-1-150x150.jpg 150w, https:\/\/gothein.de\/reiseblog\/wp-content\/uploads\/2022\/11\/20221103_153723-1-768x768.jpg 768w, https:\/\/gothein.de\/reiseblog\/wp-content\/uploads\/2022\/11\/20221103_153723-1-1536x1536.jpg 1536w, https:\/\/gothein.de\/reiseblog\/wp-content\/uploads\/2022\/11\/20221103_153723-1-2048x2048.jpg 2048w, https:\/\/gothein.de\/reiseblog\/wp-content\/uploads\/2022\/11\/20221103_153723-1-60x60.jpg 60w\" sizes=\"auto, (max-width: 1024px) 100vw, 1024px\" \/><\/figure>\n\n\n\n<p>F\u00fcr eine kleine Bootsf\u00e4hrfahrt von den Landungsbr\u00fccken zur Elbphilarmonie war auch noch Platz, wo wir auf gut gef\u00fcllter F\u00e4hre noch einmal ein paar andere Perspektiven auf unser Domizil werfen konnten. <\/p>\n\n\n\n<p>Vor dem dem eigenlichen Event-H\u00f6hepunkt, dem Jazz-Konzert, war noch ein widerum sehr leckeres Abendessen eingeplant, diesmal in der Brasserei Carls direkt gegen\u00fcber. <\/p>\n\n\n\n<figure class=\"wp-block-image size-large\"><img loading=\"lazy\" decoding=\"async\" width=\"1024\" height=\"1024\" src=\"https:\/\/gothein.de\/reiseblog\/wp-content\/uploads\/2022\/11\/20221103_153036-1-1024x1024.jpg\" alt=\"\" class=\"wp-image-4981\" srcset=\"https:\/\/gothein.de\/reiseblog\/wp-content\/uploads\/2022\/11\/20221103_153036-1-1024x1024.jpg 1024w, https:\/\/gothein.de\/reiseblog\/wp-content\/uploads\/2022\/11\/20221103_153036-1-300x300.jpg 300w, https:\/\/gothein.de\/reiseblog\/wp-content\/uploads\/2022\/11\/20221103_153036-1-150x150.jpg 150w, https:\/\/gothein.de\/reiseblog\/wp-content\/uploads\/2022\/11\/20221103_153036-1-768x768.jpg 768w, https:\/\/gothein.de\/reiseblog\/wp-content\/uploads\/2022\/11\/20221103_153036-1-1536x1536.jpg 1536w, https:\/\/gothein.de\/reiseblog\/wp-content\/uploads\/2022\/11\/20221103_153036-1-2048x2048.jpg 2048w, https:\/\/gothein.de\/reiseblog\/wp-content\/uploads\/2022\/11\/20221103_153036-1-60x60.jpg 60w\" sizes=\"auto, (max-width: 1024px) 100vw, 1024px\" \/><\/figure>\n\n\n\n<p>Das Highlight Abends, im gro\u00dfen Saal der Elbphilarmonie, war das Konzert des Star-Quartetts mit Saxofonist Joshua Redman, Pianist Brad Mehldau, Bassist Christian McBride und Schlagzeuger Brian Blade. Von Christian McBride hatte ich schon 2017 aus San Francisco berichtet. Das Konzert war super, so total begeistert, wie in San Francisco war ich aber diesmal nicht. Danach, sp\u00e4tabends in der Bar, sa\u00dfen wir noch auf ein Bier und Christian McBride sa\u00df auch da, also nutzte ich die Gelegenheit ihn mein Kompliment zu machen und kurz davon zu erz\u00e4hlen, dass ich ihn damals schon gesehen hatte. Er wusste noch die Kombination an Leuten, die damals auf der B\u00fchne waren, &#8222;time flies &#8230;&#8220; war sein prim\u00e4rer Kommentar. <\/p>\n\n\n\n<figure class=\"wp-block-image size-large\"><img loading=\"lazy\" decoding=\"async\" width=\"1024\" height=\"1024\" src=\"https:\/\/gothein.de\/reiseblog\/wp-content\/uploads\/2022\/11\/20221103_152855-1-1024x1024.jpg\" alt=\"\" class=\"wp-image-4982\" srcset=\"https:\/\/gothein.de\/reiseblog\/wp-content\/uploads\/2022\/11\/20221103_152855-1-1024x1024.jpg 1024w, https:\/\/gothein.de\/reiseblog\/wp-content\/uploads\/2022\/11\/20221103_152855-1-300x300.jpg 300w, https:\/\/gothein.de\/reiseblog\/wp-content\/uploads\/2022\/11\/20221103_152855-1-150x150.jpg 150w, https:\/\/gothein.de\/reiseblog\/wp-content\/uploads\/2022\/11\/20221103_152855-1-768x768.jpg 768w, https:\/\/gothein.de\/reiseblog\/wp-content\/uploads\/2022\/11\/20221103_152855-1-1536x1536.jpg 1536w, https:\/\/gothein.de\/reiseblog\/wp-content\/uploads\/2022\/11\/20221103_152855-1-2048x2048.jpg 2048w, https:\/\/gothein.de\/reiseblog\/wp-content\/uploads\/2022\/11\/20221103_152855-1-60x60.jpg 60w\" sizes=\"auto, (max-width: 1024px) 100vw, 1024px\" \/><\/figure>\n\n\n\n<p>Wermutstropfen: An- und Abreise mit dem Zug (beides mal v\u00f6llig \u00fcberf\u00fcllt). Ganz wichtig, alle haben ffp2 Maske zu tragen, was aber viele nicht schert und auch nicht kontrolliert wird, \u00fcberall steht &#8222;1,5 Meter Abstand halten&#8220;, im Zug sind es dann erzwungene 50 cm. Hinreise mit 61 Minuten Versp\u00e4tung und am Dienstag dann erste Symptome. <\/p>\n\n\n\n<p>So jetzt aber genug gemeckert, ein tolles Wochenende in einem wundersch\u00f6nen Ambiente, mit super Konzert und au\u00dfergew\u00f6hnlich gutem Essen. Sehr gro\u00dfz\u00fcgig, wie manche Unternehmen ihre Jubilare bedenken. <\/p>\n","protected":false},"excerpt":{"rendered":"<p>Anl\u00e4sslich eines Firmenjubil\u00e4ums durften wir ein sehr gro\u00dfz\u00fcgig ausgestaltetes Wochenende in Hamburg verbringen. Der erste Abend wurde eingeleitet durch ein ganz hervorragendes Abendessen im east Restaurant mit toller Sushi Auswahl als Vorspeise und einem exzellentem Hauptgang. Der Samstag bot uns Gelegenheit Hamburg noch einmal zu durchstreifen, was dann doch eine Wanderung mit \u00fcber 13 km [&hellip;]<\/p>\n","protected":false},"author":1,"featured_media":0,"comment_status":"open","ping_status":"open","sticky":false,"template":"","format":"standard","meta":{"ngg_post_thumbnail":0,"_jetpack_memberships_contains_paid_content":false,"footnotes":""},"categories":[1],"tags":[212],"class_list":["post-4978","post","type-post","status-publish","format-standard","hentry","category-allgemein","tag-hamburg"],"jetpack_featured_media_url":"","jetpack_sharing_enabled":true,"_links":{"self":[{"href":"https:\/\/gothein.de\/reiseblog\/wp-json\/wp\/v2\/posts\/4978","targetHints":{"allow":["GET"]}}],"collection":[{"href":"https:\/\/gothein.de\/reiseblog\/wp-json\/wp\/v2\/posts"}],"about":[{"href":"https:\/\/gothein.de\/reiseblog\/wp-json\/wp\/v2\/types\/post"}],"author":[{"embeddable":true,"href":"https:\/\/gothein.de\/reiseblog\/wp-json\/wp\/v2\/users\/1"}],"replies":[{"embeddable":true,"href":"https:\/\/gothein.de\/reiseblog\/wp-json\/wp\/v2\/comments?post=4978"}],"version-history":[{"count":0,"href":"https:\/\/gothein.de\/reiseblog\/wp-json\/wp\/v2\/posts\/4978\/revisions"}],"wp:attachment":[{"href":"https:\/\/gothein.de\/reiseblog\/wp-json\/wp\/v2\/media?parent=4978"}],"wp:term":[{"taxonomy":"category","embeddable":true,"href":"https:\/\/gothein.de\/reiseblog\/wp-json\/wp\/v2\/categories?post=4978"},{"taxonomy":"post_tag","embeddable":true,"href":"https:\/\/gothein.de\/reiseblog\/wp-json\/wp\/v2\/tags?post=4978"}],"curies":[{"name":"wp","href":"https:\/\/api.w.org\/{rel}","templated":true}]}}