

{"id":4924,"date":"2022-07-24T23:30:00","date_gmt":"2022-07-24T21:30:00","guid":{"rendered":"https:\/\/gothein.de\/reiseblog\/?p=4924"},"modified":"2022-07-26T13:57:44","modified_gmt":"2022-07-26T11:57:44","slug":"ein-heisser-sonntag-in-heidelberg","status":"publish","type":"post","link":"https:\/\/gothein.de\/reiseblog\/2022\/07\/24\/ein-heisser-sonntag-in-heidelberg\/","title":{"rendered":"Ein hei\u00dfer Sonntag in Heidelberg"},"content":{"rendered":"\n<p>Dieses Wochenende war wieder von ziemlicher Hitze gepr\u00e4gt. Am Samstag hat es Nachmittags zugezogen und ich habe eine l\u00e4ngere Tour durch Kraichgau und Odenwald unternommen.<\/p>\n\n\n\n<p>Am Sonntag rufen Freunde an, dass sie wegen Corona F\u00e4llen ihrer Bekannten zwei Karten f\u00fcr das Theaterst\u00fcck im dicken Turm im Schloss \u00fcbrig haben und wir haben uns spontan entschlossen mitzugehen. Das bringt mich ein bisschen unter Druck und ich breche noch schnell zu einer kleinen Tour zum wei\u00dfen Stein auf, von dort runter nach Ziegelhausen und \u00fcber den 20% steilen Schlierbacher Hang zu Schloss, Molkenkur und Blockhaus. Da mu\u00df ich dann aber wieder runter um vorm Treffpunkt noch duschen zu k\u00f6nnen. <\/p>\n\n\n\n        <div id=\"map_ol3js_1\"\n             class=\"map undefined\"\n             data-map_name=\"undefined\"\n             data-map=\"map_ol3js_1\"\n             style=\"width:100%;\n                    max-width:100%;\n                    height:450px;\n                    display:block;\n                    overflow:hidden;\n                    border:2px solid grey;\">\n          <div id=\"map_ol3js_1_popup\" class=\"ol-popup\">\n            <a href=\"#\" id=\"map_ol3js_1_popup-closer\" class=\"ol-popup-closer\"><\/a>\n            <div id=\"map_ol3js_1_popup-content\"><\/div>\n          <\/div>\n        <\/div>\n    \n\n\t\t\t\t<script type=\"text\/javascript\">\n\t\t\t\t\ttranslations['openlayer'] = \"open layer\";\n\t\t\t\t\ttranslations['openlayerAtStartup'] = \"open layer at startup\";\n\t\t\t\t\ttranslations['generateLink'] = \"Der Link zur Karte mit ausgew\u00e4hlten Overlays und angezeigtem Ausschnitt\";\n\t\t\t\t\ttranslations['shortDescription'] = \"Kurzbeschreibung\";\n\t\t\t\t\ttranslations['generatedShortCode'] = \"to get a text control link paste this code in your wordpress editor\";\n\t\t\t\t\ttranslations['closeLayer'] = \"close layer\";\n\t\t\t\t\ttranslations['cantGenerateLink'] = \"put this string in the existing map short code to control this map\";\n\t\t\t  <\/script>\n\n\n\t\t\t  <script type=\"text\/javascript\">\n\t\t\t  vectorM['map_ol3js_1'] = [];\n\t        \n        var raster = getTileLayer(\"osm\",\"NoKey\");\t\t\t\n\n\t\t\t  var map_ol3js_1 = new ol.Map({\n\t\t\t\tinteractions: ol.interaction.defaults.defaults({mouseWheelZoom:false}),\n\t\t\t\tlayers: [raster],\n\t\t\t\ttarget: \"map_ol3js_1\",\n\t\t\t\tview: new ol.View({\n\t\t\t\t  center: ol.proj.transform([8.714674,49.418138], \"EPSG:4326\", \"EPSG:3857\"),\n\t\t\t\t  zoom: 11.707225\n\t\t\t\t})\n\t\t\t  });\n\t\t\t  \n    var style0 = {\n      \"Point\": [new ol.style.Style({\n\n          image: new ol.style.Icon({\n            anchor: [0.5, 41],\n            anchorXUnits: \"fraction\",\n            anchorYUnits: \"pixels\",\n            opacity: 0.75,\n            src: \"https:\/\/gothein.de\/reiseblog\/wp-content\/plugins\/osm\/icons\/mic_blue_pinother_02.png\"\n          })\n      })],\n\n      \"LineString\": [new ol.style.Style({\n        stroke: new ol.style.Stroke({\n          color: \"blue\",\n          width: 8\n        })\n      })],\n      \"MultiLineString\": [new ol.style.Style({\n        stroke: new ol.style.Stroke({\n          color: \"blue\",\n          width: 4\n        })\n      })]\n    };\n\t\t  var vectorL0 = new ol.layer.Vector({\n\t\t\t\tsource: new ol.source.Vector({\n\t\t\t\turl:\"\/reiseblog\/wp-content\/uploads\/gpx\/20220724_Heidelberg.gpx\",\n\t\t\t\tformat: new ol.format.GPX({\n\t\t\t\t\textractStyles: false\n\t\t\t\t})\n\t\t\t}),\n\t\t\tzIndex: 92,\n\t\t\tstyle: function(feature, resolution) {return style0[feature.getGeometry().getType()];}\n\t\t  });\n\t\t  map_ol3js_1.addLayer(vectorL0);addControls2Map(map_ol3js_1,0,0,3,1,5,6,7,0,1);\nosm_addPopupClickhandler(map_ol3js_1,  \"map_ol3js_1\"); \nosm_addMouseHover(map_ol3js_1); <\/script>\n\n\n\n<p>Mit 39km und 777 H\u00f6henmeter keine beeindruckende Sache. Daf\u00fcr habe ich sch\u00f6ne Bilder von der Veranstaltung am Abend gemacht. <\/p>\n\n\n\n<p>Am Kornmarkt geht es los und der Teil des Schlosses beim dicken Turm ist normalerweise nicht zug\u00e4nglich und bietet von der Terrasse noch einmal eine ganze besondere Perspektive auf Schloss und Stadt.<\/p>\n\n\n\n<figure class=\"wp-block-image size-large\"><img loading=\"lazy\" decoding=\"async\" width=\"1024\" height=\"1024\" src=\"https:\/\/gothein.de\/reiseblog\/wp-content\/uploads\/2022\/07\/20220725_195935-1024x1024.jpg\" alt=\"\" class=\"wp-image-4923\" srcset=\"https:\/\/gothein.de\/reiseblog\/wp-content\/uploads\/2022\/07\/20220725_195935-1024x1024.jpg 1024w, https:\/\/gothein.de\/reiseblog\/wp-content\/uploads\/2022\/07\/20220725_195935-300x300.jpg 300w, https:\/\/gothein.de\/reiseblog\/wp-content\/uploads\/2022\/07\/20220725_195935-150x150.jpg 150w, https:\/\/gothein.de\/reiseblog\/wp-content\/uploads\/2022\/07\/20220725_195935-768x768.jpg 768w, https:\/\/gothein.de\/reiseblog\/wp-content\/uploads\/2022\/07\/20220725_195935-1536x1536.jpg 1536w, https:\/\/gothein.de\/reiseblog\/wp-content\/uploads\/2022\/07\/20220725_195935-2048x2048.jpg 2048w, https:\/\/gothein.de\/reiseblog\/wp-content\/uploads\/2022\/07\/20220725_195935-60x60.jpg 60w\" sizes=\"auto, (max-width: 1024px) 100vw, 1024px\" \/><\/figure>\n\n\n\n<p>Das St\u00fcck &#8222;Eine Sommernacht&#8220; ist ganz lustig, mit Gesang, nur drei Schauspieler(2x in) die ziemlich beeindruckend sind, was sie \u00fcber fast zwei Stunden vorf\u00fchren. Der Komfort der Holzklappst\u00fchle korreliert negativ mit dem Eintritspreis aber das Ambiente ist eben unvergleichlich. <\/p>\n\n\n\n<figure class=\"wp-block-image\"><img loading=\"lazy\" decoding=\"async\" width=\"2560\" height=\"2560\" src=\"https:\/\/gothein.de\/reiseblog\/wp-content\/uploads\/2022\/07\/20220725_200055-scaled.jpg\" alt=\"\" class=\"wp-image-4922\" srcset=\"https:\/\/gothein.de\/reiseblog\/wp-content\/uploads\/2022\/07\/20220725_200055-scaled.jpg 2560w, https:\/\/gothein.de\/reiseblog\/wp-content\/uploads\/2022\/07\/20220725_200055-300x300.jpg 300w, https:\/\/gothein.de\/reiseblog\/wp-content\/uploads\/2022\/07\/20220725_200055-1024x1024.jpg 1024w, https:\/\/gothein.de\/reiseblog\/wp-content\/uploads\/2022\/07\/20220725_200055-150x150.jpg 150w, https:\/\/gothein.de\/reiseblog\/wp-content\/uploads\/2022\/07\/20220725_200055-768x768.jpg 768w, https:\/\/gothein.de\/reiseblog\/wp-content\/uploads\/2022\/07\/20220725_200055-1536x1536.jpg 1536w, https:\/\/gothein.de\/reiseblog\/wp-content\/uploads\/2022\/07\/20220725_200055-2048x2048.jpg 2048w, https:\/\/gothein.de\/reiseblog\/wp-content\/uploads\/2022\/07\/20220725_200055-60x60.jpg 60w\" sizes=\"auto, (max-width: 2560px) 100vw, 2560px\" \/><\/figure>\n","protected":false},"excerpt":{"rendered":"<p>Dieses Wochenende war wieder von ziemlicher Hitze gepr\u00e4gt. Am Samstag hat es Nachmittags zugezogen und ich habe eine l\u00e4ngere Tour durch Kraichgau und Odenwald unternommen. Am Sonntag rufen Freunde an, dass sie wegen Corona F\u00e4llen ihrer Bekannten zwei Karten f\u00fcr das Theaterst\u00fcck im dicken Turm im Schloss \u00fcbrig haben und wir haben uns spontan entschlossen [&hellip;]<\/p>\n","protected":false},"author":1,"featured_media":0,"comment_status":"open","ping_status":"open","sticky":false,"template":"","format":"standard","meta":{"ngg_post_thumbnail":0,"_jetpack_memberships_contains_paid_content":false,"footnotes":""},"categories":[1],"tags":[146,148],"class_list":["post-4924","post","type-post","status-publish","format-standard","hentry","category-allgemein","tag-baden-wuerttemberg","tag-heidelberg"],"jetpack_featured_media_url":"","jetpack_sharing_enabled":true,"_links":{"self":[{"href":"https:\/\/gothein.de\/reiseblog\/wp-json\/wp\/v2\/posts\/4924","targetHints":{"allow":["GET"]}}],"collection":[{"href":"https:\/\/gothein.de\/reiseblog\/wp-json\/wp\/v2\/posts"}],"about":[{"href":"https:\/\/gothein.de\/reiseblog\/wp-json\/wp\/v2\/types\/post"}],"author":[{"embeddable":true,"href":"https:\/\/gothein.de\/reiseblog\/wp-json\/wp\/v2\/users\/1"}],"replies":[{"embeddable":true,"href":"https:\/\/gothein.de\/reiseblog\/wp-json\/wp\/v2\/comments?post=4924"}],"version-history":[{"count":0,"href":"https:\/\/gothein.de\/reiseblog\/wp-json\/wp\/v2\/posts\/4924\/revisions"}],"wp:attachment":[{"href":"https:\/\/gothein.de\/reiseblog\/wp-json\/wp\/v2\/media?parent=4924"}],"wp:term":[{"taxonomy":"category","embeddable":true,"href":"https:\/\/gothein.de\/reiseblog\/wp-json\/wp\/v2\/categories?post=4924"},{"taxonomy":"post_tag","embeddable":true,"href":"https:\/\/gothein.de\/reiseblog\/wp-json\/wp\/v2\/tags?post=4924"}],"curies":[{"name":"wp","href":"https:\/\/api.w.org\/{rel}","templated":true}]}}