

{"id":4913,"date":"2022-07-17T18:46:57","date_gmt":"2022-07-17T16:46:57","guid":{"rendered":"https:\/\/gothein.de\/reiseblog\/?p=4913"},"modified":"2022-07-17T22:19:15","modified_gmt":"2022-07-17T20:19:15","slug":"von-mespelbrunn-nach-aschaffenburg","status":"publish","type":"post","link":"https:\/\/gothein.de\/reiseblog\/2022\/07\/17\/von-mespelbrunn-nach-aschaffenburg\/","title":{"rendered":"Von Mespelbrunn nach Aschaffenburg"},"content":{"rendered":"\n<p>Auch das Fr\u00fchst\u00fcck im Landhotel M\u00fcller super. Wir tun uns noch ein bisschen schwer aber  um 10h geht es los. Der Spessart erweist sich als ziemlich welliges Gel\u00e4nde und ich muss um in meinem eigenen Temp bleiben zu k\u00f6nne  ein bisschen hinterher fahren. Auch nach Alzenau finden wir fast \u00fcberall gute Radwege, die allerdings teilweise ziemliche Steigungen haben.<\/p>\n\n\n\n<p>Auf dem Weg kommen wir am Kreuzweg zwischen Alzenau und K\u00e4lberau vorbei, mit hier dem kunstvollen Bildstock \u201eGrablegung Christi\u201c. Auf dem Radweg kommen wir  noch an sieben weiteren Bildst\u00f6cken vorbei. In Alzenau gibt es sch\u00f6ne Blicke auf die Burg, die aber wohl aktuell nicht besichtigt werden kann. Im Restaurant \u201ela Taverna\u201c ist ein Tisch im Schatten auf der Terrasse reserviert, ebenfalls eine gute Wahl.<\/p>\n\n\n\n<figure class=\"wp-block-image size-large\"><img loading=\"lazy\" decoding=\"async\" width=\"1024\" height=\"1024\" src=\"https:\/\/gothein.de\/reiseblog\/wp-content\/uploads\/2022\/07\/20220717_183554-1024x1024.jpg\" alt=\"\" class=\"wp-image-4912\" srcset=\"https:\/\/gothein.de\/reiseblog\/wp-content\/uploads\/2022\/07\/20220717_183554-1024x1024.jpg 1024w, https:\/\/gothein.de\/reiseblog\/wp-content\/uploads\/2022\/07\/20220717_183554-300x300.jpg 300w, https:\/\/gothein.de\/reiseblog\/wp-content\/uploads\/2022\/07\/20220717_183554-150x150.jpg 150w, https:\/\/gothein.de\/reiseblog\/wp-content\/uploads\/2022\/07\/20220717_183554-768x768.jpg 768w, https:\/\/gothein.de\/reiseblog\/wp-content\/uploads\/2022\/07\/20220717_183554-1536x1536.jpg 1536w, https:\/\/gothein.de\/reiseblog\/wp-content\/uploads\/2022\/07\/20220717_183554-2048x2048.jpg 2048w, https:\/\/gothein.de\/reiseblog\/wp-content\/uploads\/2022\/07\/20220717_183554-60x60.jpg 60w\" sizes=\"auto, (max-width: 1024px) 100vw, 1024px\" \/><\/figure>\n\n\n\n<p>Nach dem ausgiebigen Mittagessen sind es dann nur noch gut 20 Kilometer bis zum Biergarten im Sch\u00f6nb\u00fcsch mit nur noch wenigen H\u00fcgeln und dort lassen wir den gelungenen Ausflug nach  57 Kilometern und 471 H\u00f6henmetern auch ausklingen.<\/p>\n\n\n\n        <div id=\"map_ol3js_1\"\n             class=\"map undefined\"\n             data-map_name=\"undefined\"\n             data-map=\"map_ol3js_1\"\n             style=\"width:100%;\n                    max-width:100%;\n                    height:450px;\n                    display:block;\n                    overflow:hidden;\n                    border:2px solid grey;\">\n          <div id=\"map_ol3js_1_popup\" class=\"ol-popup\">\n            <a href=\"#\" id=\"map_ol3js_1_popup-closer\" class=\"ol-popup-closer\"><\/a>\n            <div id=\"map_ol3js_1_popup-content\"><\/div>\n          <\/div>\n        <\/div>\n    \n\n\t\t\t\t<script type=\"text\/javascript\">\n\t\t\t\t\ttranslations['openlayer'] = \"open layer\";\n\t\t\t\t\ttranslations['openlayerAtStartup'] = \"open layer at startup\";\n\t\t\t\t\ttranslations['generateLink'] = \"Der Link zur Karte mit ausgew\u00e4hlten Overlays und angezeigtem Ausschnitt\";\n\t\t\t\t\ttranslations['shortDescription'] = \"Kurzbeschreibung\";\n\t\t\t\t\ttranslations['generatedShortCode'] = \"to get a text control link paste this code in your wordpress editor\";\n\t\t\t\t\ttranslations['closeLayer'] = \"close layer\";\n\t\t\t\t\ttranslations['cantGenerateLink'] = \"put this string in the existing map short code to control this map\";\n\t\t\t  <\/script>\n\n\n\t\t\t  <script type=\"text\/javascript\">\n\t\t\t  vectorM['map_ol3js_1'] = [];\n\t        \n        var raster = getTileLayer(\"osm\",\"NoKey\");\t\t\t\n\n\t\t\t  var map_ol3js_1 = new ol.Map({\n\t\t\t\tinteractions: ol.interaction.defaults.defaults({mouseWheelZoom:false}),\n\t\t\t\tlayers: [raster],\n\t\t\t\ttarget: \"map_ol3js_1\",\n\t\t\t\tview: new ol.View({\n\t\t\t\t  center: ol.proj.transform([9.174575,50.016031], \"EPSG:4326\", \"EPSG:3857\"),\n\t\t\t\t  zoom: 10.489518\n\t\t\t\t})\n\t\t\t  });\n\t\t\t  \n    var style0 = {\n      \"Point\": [new ol.style.Style({\n\n          image: new ol.style.Icon({\n            anchor: [0.5, 41],\n            anchorXUnits: \"fraction\",\n            anchorYUnits: \"pixels\",\n            opacity: 0.75,\n            src: \"https:\/\/gothein.de\/reiseblog\/wp-content\/plugins\/osm\/icons\/mic_blue_pinother_02.png\"\n          })\n      })],\n\n      \"LineString\": [new ol.style.Style({\n        stroke: new ol.style.Stroke({\n          color: \"blue\",\n          width: 8\n        })\n      })],\n      \"MultiLineString\": [new ol.style.Style({\n        stroke: new ol.style.Stroke({\n          color: \"blue\",\n          width: 4\n        })\n      })]\n    };\n\t\t  var vectorL0 = new ol.layer.Vector({\n\t\t\t\tsource: new ol.source.Vector({\n\t\t\t\turl:\"\/reiseblog\/wp-content\/uploads\/gpx\/20220717_Mespelbrunn.gpx\",\n\t\t\t\tformat: new ol.format.GPX({\n\t\t\t\t\textractStyles: false\n\t\t\t\t})\n\t\t\t}),\n\t\t\tzIndex: 92,\n\t\t\tstyle: function(feature, resolution) {return style0[feature.getGeometry().getType()];}\n\t\t  });\n\t\t  map_ol3js_1.addLayer(vectorL0);addControls2Map(map_ol3js_1,0,0,3,1,5,6,7,0,1);\nosm_addPopupClickhandler(map_ol3js_1,  \"map_ol3js_1\"); \nosm_addMouseHover(map_ol3js_1); <\/script>\n","protected":false},"excerpt":{"rendered":"<p>Auch das Fr\u00fchst\u00fcck im Landhotel M\u00fcller super. Wir tun uns noch ein bisschen schwer aber um 10h geht es los. Der Spessart erweist sich als ziemlich welliges Gel\u00e4nde und ich muss um in meinem eigenen Temp bleiben zu k\u00f6nne ein bisschen hinterher fahren. Auch nach Alzenau finden wir fast \u00fcberall gute Radwege, die allerdings teilweise [&hellip;]<\/p>\n","protected":false},"author":1,"featured_media":0,"comment_status":"open","ping_status":"open","sticky":false,"template":"","format":"standard","meta":{"ngg_post_thumbnail":0,"_jetpack_memberships_contains_paid_content":false,"footnotes":""},"categories":[1],"tags":[165,208],"class_list":["post-4913","post","type-post","status-publish","format-standard","hentry","category-allgemein","tag-bayern","tag-spessart"],"jetpack_featured_media_url":"","jetpack_sharing_enabled":true,"_links":{"self":[{"href":"https:\/\/gothein.de\/reiseblog\/wp-json\/wp\/v2\/posts\/4913","targetHints":{"allow":["GET"]}}],"collection":[{"href":"https:\/\/gothein.de\/reiseblog\/wp-json\/wp\/v2\/posts"}],"about":[{"href":"https:\/\/gothein.de\/reiseblog\/wp-json\/wp\/v2\/types\/post"}],"author":[{"embeddable":true,"href":"https:\/\/gothein.de\/reiseblog\/wp-json\/wp\/v2\/users\/1"}],"replies":[{"embeddable":true,"href":"https:\/\/gothein.de\/reiseblog\/wp-json\/wp\/v2\/comments?post=4913"}],"version-history":[{"count":0,"href":"https:\/\/gothein.de\/reiseblog\/wp-json\/wp\/v2\/posts\/4913\/revisions"}],"wp:attachment":[{"href":"https:\/\/gothein.de\/reiseblog\/wp-json\/wp\/v2\/media?parent=4913"}],"wp:term":[{"taxonomy":"category","embeddable":true,"href":"https:\/\/gothein.de\/reiseblog\/wp-json\/wp\/v2\/categories?post=4913"},{"taxonomy":"post_tag","embeddable":true,"href":"https:\/\/gothein.de\/reiseblog\/wp-json\/wp\/v2\/tags?post=4913"}],"curies":[{"name":"wp","href":"https:\/\/api.w.org\/{rel}","templated":true}]}}