

{"id":4905,"date":"2022-06-17T22:34:48","date_gmt":"2022-06-17T20:34:48","guid":{"rendered":"https:\/\/gothein.de\/reiseblog\/?p=4905"},"modified":"2022-06-17T22:35:38","modified_gmt":"2022-06-17T20:35:38","slug":"von-dresden-nach-meissen-und-zurueck","status":"publish","type":"post","link":"https:\/\/gothein.de\/reiseblog\/2022\/06\/17\/von-dresden-nach-meissen-und-zurueck\/","title":{"rendered":"Von Dresden nach Mei\u00dfen und zur\u00fcck"},"content":{"rendered":"\n<p>Von R\u00fcgen sind wir gestern ein recht langes St\u00fcck mit dem Auto bis nach Dresden gefahren. Da haben wir heute Freunde aus Heidelberg getroffen, die auch zuf\u00e4llig da waren und sind zu einer kleinen Radtour auf dem Elberadweg nach Mei\u00dfen aufgebrochen. Rechts der Elbe hin und auf der andern Seite zur\u00fcck. <\/p>\n\n\n\n<figure class=\"wp-block-image size-large\"><img loading=\"lazy\" decoding=\"async\" width=\"1024\" height=\"1024\" src=\"https:\/\/gothein.de\/reiseblog\/wp-content\/uploads\/2022\/06\/20220617_171249-1024x1024.jpg\" alt=\"\" class=\"wp-image-4903\" srcset=\"https:\/\/gothein.de\/reiseblog\/wp-content\/uploads\/2022\/06\/20220617_171249-1024x1024.jpg 1024w, https:\/\/gothein.de\/reiseblog\/wp-content\/uploads\/2022\/06\/20220617_171249-300x300.jpg 300w, https:\/\/gothein.de\/reiseblog\/wp-content\/uploads\/2022\/06\/20220617_171249-150x150.jpg 150w, https:\/\/gothein.de\/reiseblog\/wp-content\/uploads\/2022\/06\/20220617_171249-768x768.jpg 768w, https:\/\/gothein.de\/reiseblog\/wp-content\/uploads\/2022\/06\/20220617_171249-1536x1536.jpg 1536w, https:\/\/gothein.de\/reiseblog\/wp-content\/uploads\/2022\/06\/20220617_171249-2048x2048.jpg 2048w, https:\/\/gothein.de\/reiseblog\/wp-content\/uploads\/2022\/06\/20220617_171249-60x60.jpg 60w\" sizes=\"auto, (max-width: 1024px) 100vw, 1024px\" \/><\/figure>\n\n\n\n<p>Beide Radwege sind in sehr ordentlichem Zustand, kurz mal Schotterwege auf der rechten Seite aber insbesondere der R\u00fcckweg war vorz\u00fcglich\u00a0 bis nach Dresden rein. <\/p>\n\n\n\n<figure class=\"wp-block-image\"><img loading=\"lazy\" decoding=\"async\" width=\"2560\" height=\"2560\" src=\"https:\/\/gothein.de\/reiseblog\/wp-content\/uploads\/2022\/06\/20220617_171656-scaled.jpg\" alt=\"\" class=\"wp-image-4904\" srcset=\"https:\/\/gothein.de\/reiseblog\/wp-content\/uploads\/2022\/06\/20220617_171656-scaled.jpg 2560w, https:\/\/gothein.de\/reiseblog\/wp-content\/uploads\/2022\/06\/20220617_171656-300x300.jpg 300w, https:\/\/gothein.de\/reiseblog\/wp-content\/uploads\/2022\/06\/20220617_171656-1024x1024.jpg 1024w, https:\/\/gothein.de\/reiseblog\/wp-content\/uploads\/2022\/06\/20220617_171656-150x150.jpg 150w, https:\/\/gothein.de\/reiseblog\/wp-content\/uploads\/2022\/06\/20220617_171656-768x768.jpg 768w, https:\/\/gothein.de\/reiseblog\/wp-content\/uploads\/2022\/06\/20220617_171656-1536x1536.jpg 1536w, https:\/\/gothein.de\/reiseblog\/wp-content\/uploads\/2022\/06\/20220617_171656-2048x2048.jpg 2048w, https:\/\/gothein.de\/reiseblog\/wp-content\/uploads\/2022\/06\/20220617_171656-60x60.jpg 60w\" sizes=\"auto, (max-width: 2560px) 100vw, 2560px\" \/><\/figure>\n\n\n\n<p>Heute ist eine ziemliche Hitze angesagt, \u00fcber 30 Grad, aber es ist gut auszuhalten. Gegen\u00fcber unserem letzten Besuch in Mei\u00dfen ist das Stadtbild nun lebhaft und die Lokale haben ge\u00f6ffnet. <\/p>\n\n\n\n<figure class=\"wp-block-image\"><img loading=\"lazy\" decoding=\"async\" width=\"2560\" height=\"2560\" src=\"https:\/\/gothein.de\/reiseblog\/wp-content\/uploads\/2022\/06\/20220617_171739-scaled.jpg\" alt=\"\" class=\"wp-image-4902\" srcset=\"https:\/\/gothein.de\/reiseblog\/wp-content\/uploads\/2022\/06\/20220617_171739-scaled.jpg 2560w, https:\/\/gothein.de\/reiseblog\/wp-content\/uploads\/2022\/06\/20220617_171739-300x300.jpg 300w, https:\/\/gothein.de\/reiseblog\/wp-content\/uploads\/2022\/06\/20220617_171739-1024x1024.jpg 1024w, https:\/\/gothein.de\/reiseblog\/wp-content\/uploads\/2022\/06\/20220617_171739-150x150.jpg 150w, https:\/\/gothein.de\/reiseblog\/wp-content\/uploads\/2022\/06\/20220617_171739-768x768.jpg 768w, https:\/\/gothein.de\/reiseblog\/wp-content\/uploads\/2022\/06\/20220617_171739-1536x1536.jpg 1536w, https:\/\/gothein.de\/reiseblog\/wp-content\/uploads\/2022\/06\/20220617_171739-2048x2048.jpg 2048w, https:\/\/gothein.de\/reiseblog\/wp-content\/uploads\/2022\/06\/20220617_171739-60x60.jpg 60w\" sizes=\"auto, (max-width: 2560px) 100vw, 2560px\" \/><\/figure>\n\n\n\n<p>So g\u00f6nnen wir uns in Mei\u00dfen eine kleine Pause und dann nochmal auf dem R\u00fcckweg beim Biergarten an der M\u00fchle. 67 Kilometer sind es geworden und weitgehend flach. Nur der Fu\u00dfweg hoch auf die Albrechtsburg hat ein paar H\u00f6henmeter gebracht.<\/p>\n\n\n\n        <div id=\"map_ol3js_1\"\n             class=\"map undefined\"\n             data-map_name=\"undefined\"\n             data-map=\"map_ol3js_1\"\n             style=\"width:100%;\n                    max-width:100%;\n                    height:450px;\n                    display:block;\n                    overflow:hidden;\n                    border:2px solid grey;\">\n          <div id=\"map_ol3js_1_popup\" class=\"ol-popup\">\n            <a href=\"#\" id=\"map_ol3js_1_popup-closer\" class=\"ol-popup-closer\"><\/a>\n            <div id=\"map_ol3js_1_popup-content\"><\/div>\n          <\/div>\n        <\/div>\n    \n\n\t\t\t\t<script type=\"text\/javascript\">\n\t\t\t\t\ttranslations['openlayer'] = \"open layer\";\n\t\t\t\t\ttranslations['openlayerAtStartup'] = \"open layer at startup\";\n\t\t\t\t\ttranslations['generateLink'] = \"Der Link zur Karte mit ausgew\u00e4hlten Overlays und angezeigtem Ausschnitt\";\n\t\t\t\t\ttranslations['shortDescription'] = \"Kurzbeschreibung\";\n\t\t\t\t\ttranslations['generatedShortCode'] = \"to get a text control link paste this code in your wordpress editor\";\n\t\t\t\t\ttranslations['closeLayer'] = \"close layer\";\n\t\t\t\t\ttranslations['cantGenerateLink'] = \"put this string in the existing map short code to control this map\";\n\t\t\t  <\/script>\n\n\n\t\t\t  <script type=\"text\/javascript\">\n\t\t\t  vectorM['map_ol3js_1'] = [];\n\t        \n        var raster = getTileLayer(\"osm\",\"NoKey\");\t\t\t\n\n\t\t\t  var map_ol3js_1 = new ol.Map({\n\t\t\t\tinteractions: ol.interaction.defaults.defaults({mouseWheelZoom:false}),\n\t\t\t\tlayers: [raster],\n\t\t\t\ttarget: \"map_ol3js_1\",\n\t\t\t\tview: new ol.View({\n\t\t\t\t  center: ol.proj.transform([13.627707,51.106220], \"EPSG:4326\", \"EPSG:3857\"),\n\t\t\t\t  zoom: 10.421865\n\t\t\t\t})\n\t\t\t  });\n\t\t\t  \n    var style0 = {\n      \"Point\": [new ol.style.Style({\n\n          image: new ol.style.Icon({\n            anchor: [0.5, 41],\n            anchorXUnits: \"fraction\",\n            anchorYUnits: \"pixels\",\n            opacity: 0.75,\n            src: \"https:\/\/gothein.de\/reiseblog\/wp-content\/plugins\/osm\/icons\/mic_blue_pinother_02.png\"\n          })\n      })],\n\n      \"LineString\": [new ol.style.Style({\n        stroke: new ol.style.Stroke({\n          color: \"blue\",\n          width: 8\n        })\n      })],\n      \"MultiLineString\": [new ol.style.Style({\n        stroke: new ol.style.Stroke({\n          color: \"blue\",\n          width: 4\n        })\n      })]\n    };\n\t\t  var vectorL0 = new ol.layer.Vector({\n\t\t\t\tsource: new ol.source.Vector({\n\t\t\t\turl:\"\/reiseblog\/wp-content\/uploads\/gpx\/20220617_Dresden_Meissen.gpx\",\n\t\t\t\tformat: new ol.format.GPX({\n\t\t\t\t\textractStyles: false\n\t\t\t\t})\n\t\t\t}),\n\t\t\tzIndex: 92,\n\t\t\tstyle: function(feature, resolution) {return style0[feature.getGeometry().getType()];}\n\t\t  });\n\t\t  map_ol3js_1.addLayer(vectorL0);addControls2Map(map_ol3js_1,0,0,3,1,5,6,7,0,1);\nosm_addPopupClickhandler(map_ol3js_1,  \"map_ol3js_1\"); \nosm_addMouseHover(map_ol3js_1); <\/script>\n","protected":false},"excerpt":{"rendered":"<p>Von R\u00fcgen sind wir gestern ein recht langes St\u00fcck mit dem Auto bis nach Dresden gefahren. Da haben wir heute Freunde aus Heidelberg getroffen, die auch zuf\u00e4llig da waren und sind zu einer kleinen Radtour auf dem Elberadweg nach Mei\u00dfen aufgebrochen. Rechts der Elbe hin und auf der andern Seite zur\u00fcck. Beide Radwege sind in [&hellip;]<\/p>\n","protected":false},"author":1,"featured_media":0,"comment_status":"open","ping_status":"open","sticky":false,"template":"","format":"standard","meta":{"ngg_post_thumbnail":0,"_jetpack_memberships_contains_paid_content":false,"footnotes":""},"categories":[1],"tags":[162,207,152],"class_list":["post-4905","post","type-post","status-publish","format-standard","hentry","category-allgemein","tag-dresden","tag-meissen","tag-sachsen"],"jetpack_featured_media_url":"","jetpack_sharing_enabled":true,"_links":{"self":[{"href":"https:\/\/gothein.de\/reiseblog\/wp-json\/wp\/v2\/posts\/4905","targetHints":{"allow":["GET"]}}],"collection":[{"href":"https:\/\/gothein.de\/reiseblog\/wp-json\/wp\/v2\/posts"}],"about":[{"href":"https:\/\/gothein.de\/reiseblog\/wp-json\/wp\/v2\/types\/post"}],"author":[{"embeddable":true,"href":"https:\/\/gothein.de\/reiseblog\/wp-json\/wp\/v2\/users\/1"}],"replies":[{"embeddable":true,"href":"https:\/\/gothein.de\/reiseblog\/wp-json\/wp\/v2\/comments?post=4905"}],"version-history":[{"count":0,"href":"https:\/\/gothein.de\/reiseblog\/wp-json\/wp\/v2\/posts\/4905\/revisions"}],"wp:attachment":[{"href":"https:\/\/gothein.de\/reiseblog\/wp-json\/wp\/v2\/media?parent=4905"}],"wp:term":[{"taxonomy":"category","embeddable":true,"href":"https:\/\/gothein.de\/reiseblog\/wp-json\/wp\/v2\/categories?post=4905"},{"taxonomy":"post_tag","embeddable":true,"href":"https:\/\/gothein.de\/reiseblog\/wp-json\/wp\/v2\/tags?post=4905"}],"curies":[{"name":"wp","href":"https:\/\/api.w.org\/{rel}","templated":true}]}}