

{"id":4884,"date":"2022-06-13T18:38:14","date_gmt":"2022-06-13T16:38:14","guid":{"rendered":"https:\/\/gothein.de\/reiseblog\/?p=4884"},"modified":"2022-06-22T22:57:08","modified_gmt":"2022-06-22T20:57:08","slug":"von-sassnitz-zum-koenigsstuhl","status":"publish","type":"post","link":"https:\/\/gothein.de\/reiseblog\/2022\/06\/13\/von-sassnitz-zum-koenigsstuhl\/","title":{"rendered":"Von Sassnitz zum K\u00f6nigsstuhl"},"content":{"rendered":"\n<p>Heute gehen wir es gem\u00e4chlich an. Nachdem wir den \u00f6rtlichen Rewe aufgesucht haben konnten wir erst einmal gem\u00fctlich fr\u00fchst\u00fccken. Dann haben wir uns, diesmal zu Fu\u00df, zum K\u00f6nigsstuhl aufgemacht.  Das 40 % Regenrisiko hat sich nicht materialisiert. Es ist zwar etwas k\u00fchler und ziemlich windig aber wieder blauer Himmel.<\/p>\n\n\n\n<p>Der Weg, ca. 7 Kilometer durch Buchenwald, bietet immer wieder spektakul\u00e4re Ausblicke auf die Kreidefelsen. F\u00fcr Fahrr\u00e4der ist der Weg nicht erlaubt und das ist ganz gut so. Der Weg ist gut frequentiert, Richtung K\u00f6nigsstuhl, je n\u00e4her die Parkpl\u00e4tze kommen, umso mehr wird es. <\/p>\n\n\n\n<figure class=\"wp-block-image size-large\"><img loading=\"lazy\" decoding=\"async\" width=\"1024\" height=\"1024\" src=\"https:\/\/gothein.de\/reiseblog\/wp-content\/uploads\/2022\/06\/20220613_182436-1024x1024.jpg\" alt=\"\" class=\"wp-image-4887\" srcset=\"https:\/\/gothein.de\/reiseblog\/wp-content\/uploads\/2022\/06\/20220613_182436-1024x1024.jpg 1024w, https:\/\/gothein.de\/reiseblog\/wp-content\/uploads\/2022\/06\/20220613_182436-300x300.jpg 300w, https:\/\/gothein.de\/reiseblog\/wp-content\/uploads\/2022\/06\/20220613_182436-150x150.jpg 150w, https:\/\/gothein.de\/reiseblog\/wp-content\/uploads\/2022\/06\/20220613_182436-768x768.jpg 768w, https:\/\/gothein.de\/reiseblog\/wp-content\/uploads\/2022\/06\/20220613_182436-1536x1536.jpg 1536w, https:\/\/gothein.de\/reiseblog\/wp-content\/uploads\/2022\/06\/20220613_182436-2048x2048.jpg 2048w, https:\/\/gothein.de\/reiseblog\/wp-content\/uploads\/2022\/06\/20220613_182436-60x60.jpg 60w\" sizes=\"auto, (max-width: 1024px) 100vw, 1024px\" \/><\/figure>\n\n\n\n<p>In die Ausstellung und zum eigentlichen K\u00f6nigsstuhl-Aussichtspunkt gehe ich alleine. Nur der Blick rechtfertigt die 10 Euro Eintritt kaum, die Ausstellung ist aber sehenswert. Gerade wird der K\u00f6nigsweg gebaut. Das wird wohl eine Art Aussichtsplattform, behindertengerecht und ersetzt den alten Weg und die alte Plattform.<\/p>\n\n\n\n<figure class=\"wp-block-image\"><img loading=\"lazy\" decoding=\"async\" width=\"2560\" height=\"2560\" src=\"https:\/\/gothein.de\/reiseblog\/wp-content\/uploads\/2022\/06\/20220613_182621-scaled.jpg\" alt=\"\" class=\"wp-image-4886\" srcset=\"https:\/\/gothein.de\/reiseblog\/wp-content\/uploads\/2022\/06\/20220613_182621-scaled.jpg 2560w, https:\/\/gothein.de\/reiseblog\/wp-content\/uploads\/2022\/06\/20220613_182621-300x300.jpg 300w, https:\/\/gothein.de\/reiseblog\/wp-content\/uploads\/2022\/06\/20220613_182621-1024x1024.jpg 1024w, https:\/\/gothein.de\/reiseblog\/wp-content\/uploads\/2022\/06\/20220613_182621-150x150.jpg 150w, https:\/\/gothein.de\/reiseblog\/wp-content\/uploads\/2022\/06\/20220613_182621-768x768.jpg 768w, https:\/\/gothein.de\/reiseblog\/wp-content\/uploads\/2022\/06\/20220613_182621-1536x1536.jpg 1536w, https:\/\/gothein.de\/reiseblog\/wp-content\/uploads\/2022\/06\/20220613_182621-2048x2048.jpg 2048w, https:\/\/gothein.de\/reiseblog\/wp-content\/uploads\/2022\/06\/20220613_182621-60x60.jpg 60w\" sizes=\"auto, (max-width: 2560px) 100vw, 2560px\" \/><\/figure>\n\n\n\n<p>Der n\u00e4chste Bus geht erst in 40 Minuten also marschier ich z\u00fcgig los und nach schon nach 1,5 Stunden habe ich es dann auch geschafft. Hin und zur\u00fcck waren das ca. 18 km und es waren im h\u00e4ufigen Auf und Ab immerhin 580 H\u00f6henmeter zu \u00fcberwinden.<\/p>\n\n\n\n        <div id=\"map_ol3js_1\"\n             class=\"map undefined\"\n             data-map_name=\"undefined\"\n             data-map=\"map_ol3js_1\"\n             style=\"width:100%;\n                    max-width:100%;\n                    height:450px;\n                    display:block;\n                    overflow:hidden;\n                    border:2px solid grey;\">\n          <div id=\"map_ol3js_1_popup\" class=\"ol-popup\">\n            <a href=\"#\" id=\"map_ol3js_1_popup-closer\" class=\"ol-popup-closer\"><\/a>\n            <div id=\"map_ol3js_1_popup-content\"><\/div>\n          <\/div>\n        <\/div>\n    \n\n\t\t\t\t<script type=\"text\/javascript\">\n\t\t\t\t\ttranslations['openlayer'] = \"open layer\";\n\t\t\t\t\ttranslations['openlayerAtStartup'] = \"open layer at startup\";\n\t\t\t\t\ttranslations['generateLink'] = \"Der Link zur Karte mit ausgew\u00e4hlten Overlays und angezeigtem Ausschnitt\";\n\t\t\t\t\ttranslations['shortDescription'] = \"Kurzbeschreibung\";\n\t\t\t\t\ttranslations['generatedShortCode'] = \"to get a text control link paste this code in your wordpress editor\";\n\t\t\t\t\ttranslations['closeLayer'] = \"close layer\";\n\t\t\t\t\ttranslations['cantGenerateLink'] = \"put this string in the existing map short code to control this map\";\n\t\t\t  <\/script>\n\n\n\t\t\t  <script type=\"text\/javascript\">\n\t\t\t  vectorM['map_ol3js_1'] = [];\n\t        \n        var raster = getTileLayer(\"osm\",\"NoKey\");\t\t\t\n\n\t\t\t  var map_ol3js_1 = new ol.Map({\n\t\t\t\tinteractions: ol.interaction.defaults.defaults({mouseWheelZoom:false}),\n\t\t\t\tlayers: [raster],\n\t\t\t\ttarget: \"map_ol3js_1\",\n\t\t\t\tview: new ol.View({\n\t\t\t\t  center: ol.proj.transform([13.667735,54.545797], \"EPSG:4326\", \"EPSG:3857\"),\n\t\t\t\t  zoom: 12.435559\n\t\t\t\t})\n\t\t\t  });\n\t\t\t  \n    var style0 = {\n      \"Point\": [new ol.style.Style({\n\n          image: new ol.style.Icon({\n            anchor: [0.5, 41],\n            anchorXUnits: \"fraction\",\n            anchorYUnits: \"pixels\",\n            opacity: 0.75,\n            src: \"https:\/\/gothein.de\/reiseblog\/wp-content\/plugins\/osm\/icons\/mic_blue_pinother_02.png\"\n          })\n      })],\n\n      \"LineString\": [new ol.style.Style({\n        stroke: new ol.style.Stroke({\n          color: \"blue\",\n          width: 8\n        })\n      })],\n      \"MultiLineString\": [new ol.style.Style({\n        stroke: new ol.style.Stroke({\n          color: \"blue\",\n          width: 4\n        })\n      })]\n    };\n\t\t  var vectorL0 = new ol.layer.Vector({\n\t\t\t\tsource: new ol.source.Vector({\n\t\t\t\turl:\"\/reiseblog\/wp-content\/uploads\/gpx\/20220613_Sassnitz_Koenigsstuhl.gpx\",\n\t\t\t\tformat: new ol.format.GPX({\n\t\t\t\t\textractStyles: false\n\t\t\t\t})\n\t\t\t}),\n\t\t\tzIndex: 92,\n\t\t\tstyle: function(feature, resolution) {return style0[feature.getGeometry().getType()];}\n\t\t  });\n\t\t  map_ol3js_1.addLayer(vectorL0);addControls2Map(map_ol3js_1,0,0,3,1,5,6,7,0,1);\nosm_addPopupClickhandler(map_ol3js_1,  \"map_ol3js_1\"); \nosm_addMouseHover(map_ol3js_1); <\/script>\n","protected":false},"excerpt":{"rendered":"<p>Heute gehen wir es gem\u00e4chlich an. Nachdem wir den \u00f6rtlichen Rewe aufgesucht haben konnten wir erst einmal gem\u00fctlich fr\u00fchst\u00fccken. Dann haben wir uns, diesmal zu Fu\u00df, zum K\u00f6nigsstuhl aufgemacht. Das 40 % Regenrisiko hat sich nicht materialisiert. Es ist zwar etwas k\u00fchler und ziemlich windig aber wieder blauer Himmel. Der Weg, ca. 7 Kilometer durch [&hellip;]<\/p>\n","protected":false},"author":1,"featured_media":0,"comment_status":"open","ping_status":"open","sticky":false,"template":"","format":"standard","meta":{"ngg_post_thumbnail":0,"_jetpack_memberships_contains_paid_content":false,"footnotes":""},"categories":[1],"tags":[198,206,205],"class_list":["post-4884","post","type-post","status-publish","format-standard","hentry","category-allgemein","tag-mecklenburg-vorpommern","tag-ruegen","tag-sassnitz"],"jetpack_featured_media_url":"","jetpack_sharing_enabled":true,"_links":{"self":[{"href":"https:\/\/gothein.de\/reiseblog\/wp-json\/wp\/v2\/posts\/4884","targetHints":{"allow":["GET"]}}],"collection":[{"href":"https:\/\/gothein.de\/reiseblog\/wp-json\/wp\/v2\/posts"}],"about":[{"href":"https:\/\/gothein.de\/reiseblog\/wp-json\/wp\/v2\/types\/post"}],"author":[{"embeddable":true,"href":"https:\/\/gothein.de\/reiseblog\/wp-json\/wp\/v2\/users\/1"}],"replies":[{"embeddable":true,"href":"https:\/\/gothein.de\/reiseblog\/wp-json\/wp\/v2\/comments?post=4884"}],"version-history":[{"count":0,"href":"https:\/\/gothein.de\/reiseblog\/wp-json\/wp\/v2\/posts\/4884\/revisions"}],"wp:attachment":[{"href":"https:\/\/gothein.de\/reiseblog\/wp-json\/wp\/v2\/media?parent=4884"}],"wp:term":[{"taxonomy":"category","embeddable":true,"href":"https:\/\/gothein.de\/reiseblog\/wp-json\/wp\/v2\/categories?post=4884"},{"taxonomy":"post_tag","embeddable":true,"href":"https:\/\/gothein.de\/reiseblog\/wp-json\/wp\/v2\/tags?post=4884"}],"curies":[{"name":"wp","href":"https:\/\/api.w.org\/{rel}","templated":true}]}}