

{"id":4877,"date":"2022-06-12T20:49:13","date_gmt":"2022-06-12T18:49:13","guid":{"rendered":"https:\/\/gothein.de\/reiseblog\/?p=4877"},"modified":"2022-06-13T21:10:48","modified_gmt":"2022-06-13T19:10:48","slug":"von-stralsund-nach-sassnitz","status":"publish","type":"post","link":"https:\/\/gothein.de\/reiseblog\/2022\/06\/12\/von-stralsund-nach-sassnitz\/","title":{"rendered":"Von Stralsund nach Sassnitz"},"content":{"rendered":"\n<p>Die letzte Etappe f\u00fchrt nach Sassnitz auf R\u00fcgen. Mit 56 Kilometern heute der k\u00fcrzeste Abschnitt. Trotz weitgehend flacher Strecke sammeln sich 378 H\u00f6henmeter. In der Mitte der Insel rund um Bergen wird es h\u00fcglig. <\/p>\n\n\n\n<p>Es geht los unter der spektakul\u00e4ren Autobr\u00fccke von Stralsund nach R\u00fcgen. Auf R\u00fcgen f\u00fchrt der Weg durch einsame landwirtschaftlich genutzte Gebiete. Auch hier wieder sehr gro\u00dfe Fl\u00e4chen, die bewirtschaftet werden. <\/p>\n\n\n\n<figure class=\"wp-block-image size-large\"><img loading=\"lazy\" decoding=\"async\" width=\"576\" height=\"1024\" src=\"https:\/\/gothein.de\/reiseblog\/wp-content\/uploads\/2022\/06\/20220612_154255-576x1024.jpg\" alt=\"\" class=\"wp-image-4879\" srcset=\"https:\/\/gothein.de\/reiseblog\/wp-content\/uploads\/2022\/06\/20220612_154255-576x1024.jpg 576w, https:\/\/gothein.de\/reiseblog\/wp-content\/uploads\/2022\/06\/20220612_154255-169x300.jpg 169w, https:\/\/gothein.de\/reiseblog\/wp-content\/uploads\/2022\/06\/20220612_154255-768x1365.jpg 768w, https:\/\/gothein.de\/reiseblog\/wp-content\/uploads\/2022\/06\/20220612_154255-864x1536.jpg 864w, https:\/\/gothein.de\/reiseblog\/wp-content\/uploads\/2022\/06\/20220612_154255-1152x2048.jpg 1152w, https:\/\/gothein.de\/reiseblog\/wp-content\/uploads\/2022\/06\/20220612_154255-scaled.jpg 1440w\" sizes=\"auto, (max-width: 576px) 100vw, 576px\" \/><\/figure>\n\n\n\n<p>Von Stralsund bis kurz vor Bergen sind die Radwege einwandfrei. Vor Bergen m\u00fcssen wir dann aber auf eine gro\u00dfe zweispurige Stra\u00dfe. Erstmal glauben wir es nicht und die Gruppe E-biker, mit den wir gerade zusammen getroffen waren, auch nicht. Der vermeintliche Radweg entpuppt sich als Sackgasse und wir m\u00fcssen die R\u00e4der \u00fcber einen kleinen Graben heben um dann doch auf der gro\u00dfen Stra\u00dfe zu landen. Die E-biker drehen lieber um. Nach kurzer Radwegpassage kommt es dann beim Ortseingang ganz schlimm. Zweispurig eng mit viel Verkehr und genervten Autofahrern und Wohnmobilen, einer muss dann nat\u00fcrlich auch extrem knapp \u00fcberholen. <\/p>\n\n\n\n<p>Zur Entsch\u00e4digung finden wir im Caf\u00e9 Meyer einen ganz hervorragenden K\u00e4sekuchen und danach auch wieder einen guten Radweg bis Sassnitz. Nach nur 13 Kilometern bei Lietzow machen wir noch mal eine kleine Pause an einer sch\u00f6nen flachen Bucht planschen auch schon ein paar Kinder im Wasser. <\/p>\n\n\n\n<figure class=\"wp-block-image size-large\"><img loading=\"lazy\" decoding=\"async\" width=\"1024\" height=\"1024\" src=\"https:\/\/gothein.de\/reiseblog\/wp-content\/uploads\/2022\/06\/20220612_184236-1024x1024.jpg\" alt=\"\" class=\"wp-image-4881\" srcset=\"https:\/\/gothein.de\/reiseblog\/wp-content\/uploads\/2022\/06\/20220612_184236-1024x1024.jpg 1024w, https:\/\/gothein.de\/reiseblog\/wp-content\/uploads\/2022\/06\/20220612_184236-300x300.jpg 300w, https:\/\/gothein.de\/reiseblog\/wp-content\/uploads\/2022\/06\/20220612_184236-150x150.jpg 150w, https:\/\/gothein.de\/reiseblog\/wp-content\/uploads\/2022\/06\/20220612_184236-768x768.jpg 768w, https:\/\/gothein.de\/reiseblog\/wp-content\/uploads\/2022\/06\/20220612_184236-1536x1536.jpg 1536w, https:\/\/gothein.de\/reiseblog\/wp-content\/uploads\/2022\/06\/20220612_184236-2048x2048.jpg 2048w, https:\/\/gothein.de\/reiseblog\/wp-content\/uploads\/2022\/06\/20220612_184236-60x60.jpg 60w\" sizes=\"auto, (max-width: 1024px) 100vw, 1024px\" \/><\/figure>\n\n\n\n<p>In Sassnitz  beziehen wir unser gro\u00dfz\u00fcgiges Appartement am Marktplatz. Wir sind heute wirklich fr\u00fch da und die Zeit reicht f\u00fcr einen ausgiebigen Spaziergang zu den ersten wei\u00dfen Kreidefelsen und anschlie\u00dfend zum Stadthafen. Beim K\u00f6nig Gustav Restaurant gibt&#8217;s dann noch leckere Fische und mit den ersten Regentropfen, nach einem ganzen Tag unter blauem Himmel, kommen wir zur\u00fcck ins Appartement. <\/p>\n\n\n\n        <div id=\"map_ol3js_1\"\n             class=\"map undefined\"\n             data-map_name=\"undefined\"\n             data-map=\"map_ol3js_1\"\n             style=\"width:100%;\n                    max-width:100%;\n                    height:450px;\n                    display:block;\n                    overflow:hidden;\n                    border:2px solid grey;\">\n          <div id=\"map_ol3js_1_popup\" class=\"ol-popup\">\n            <a href=\"#\" id=\"map_ol3js_1_popup-closer\" class=\"ol-popup-closer\"><\/a>\n            <div id=\"map_ol3js_1_popup-content\"><\/div>\n          <\/div>\n        <\/div>\n    \n\n\t\t\t\t<script type=\"text\/javascript\">\n\t\t\t\t\ttranslations['openlayer'] = \"open layer\";\n\t\t\t\t\ttranslations['openlayerAtStartup'] = \"open layer at startup\";\n\t\t\t\t\ttranslations['generateLink'] = \"Der Link zur Karte mit ausgew\u00e4hlten Overlays und angezeigtem Ausschnitt\";\n\t\t\t\t\ttranslations['shortDescription'] = \"Kurzbeschreibung\";\n\t\t\t\t\ttranslations['generatedShortCode'] = \"to get a text control link paste this code in your wordpress editor\";\n\t\t\t\t\ttranslations['closeLayer'] = \"close layer\";\n\t\t\t\t\ttranslations['cantGenerateLink'] = \"put this string in the existing map short code to control this map\";\n\t\t\t  <\/script>\n\n\n\t\t\t  <script type=\"text\/javascript\">\n\t\t\t  vectorM['map_ol3js_1'] = [];\n\t        \n        var raster = getTileLayer(\"osm\",\"NoKey\");\t\t\t\n\n\t\t\t  var map_ol3js_1 = new ol.Map({\n\t\t\t\tinteractions: ol.interaction.defaults.defaults({mouseWheelZoom:false}),\n\t\t\t\tlayers: [raster],\n\t\t\t\ttarget: \"map_ol3js_1\",\n\t\t\t\tview: new ol.View({\n\t\t\t\t  center: ol.proj.transform([13.372670,54.412290], \"EPSG:4326\", \"EPSG:3857\"),\n\t\t\t\t  zoom: 9.509911\n\t\t\t\t})\n\t\t\t  });\n\t\t\t  \n    var style0 = {\n      \"Point\": [new ol.style.Style({\n\n          image: new ol.style.Icon({\n            anchor: [0.5, 41],\n            anchorXUnits: \"fraction\",\n            anchorYUnits: \"pixels\",\n            opacity: 0.75,\n            src: \"https:\/\/gothein.de\/reiseblog\/wp-content\/plugins\/osm\/icons\/mic_blue_pinother_02.png\"\n          })\n      })],\n\n      \"LineString\": [new ol.style.Style({\n        stroke: new ol.style.Stroke({\n          color: \"blue\",\n          width: 8\n        })\n      })],\n      \"MultiLineString\": [new ol.style.Style({\n        stroke: new ol.style.Stroke({\n          color: \"blue\",\n          width: 4\n        })\n      })]\n    };\n\t\t  var vectorL0 = new ol.layer.Vector({\n\t\t\t\tsource: new ol.source.Vector({\n\t\t\t\turl:\"\/reiseblog\/wp-content\/uploads\/gpx\/20220612_Stralsund_Sassnitz.gpx\",\n\t\t\t\tformat: new ol.format.GPX({\n\t\t\t\t\textractStyles: false\n\t\t\t\t})\n\t\t\t}),\n\t\t\tzIndex: 92,\n\t\t\tstyle: function(feature, resolution) {return style0[feature.getGeometry().getType()];}\n\t\t  });\n\t\t  map_ol3js_1.addLayer(vectorL0);addControls2Map(map_ol3js_1,0,0,3,1,5,6,7,0,1);\nosm_addPopupClickhandler(map_ol3js_1,  \"map_ol3js_1\"); \nosm_addMouseHover(map_ol3js_1); <\/script>\n","protected":false},"excerpt":{"rendered":"<p>Die letzte Etappe f\u00fchrt nach Sassnitz auf R\u00fcgen. Mit 56 Kilometern heute der k\u00fcrzeste Abschnitt. Trotz weitgehend flacher Strecke sammeln sich 378 H\u00f6henmeter. In der Mitte der Insel rund um Bergen wird es h\u00fcglig. Es geht los unter der spektakul\u00e4ren Autobr\u00fccke von Stralsund nach R\u00fcgen. Auf R\u00fcgen f\u00fchrt der Weg durch einsame landwirtschaftlich genutzte Gebiete. [&hellip;]<\/p>\n","protected":false},"author":1,"featured_media":0,"comment_status":"open","ping_status":"open","sticky":false,"template":"","format":"standard","meta":{"ngg_post_thumbnail":0,"_jetpack_memberships_contains_paid_content":false,"footnotes":""},"categories":[1],"tags":[198,206,205,204],"class_list":["post-4877","post","type-post","status-publish","format-standard","hentry","category-allgemein","tag-mecklenburg-vorpommern","tag-ruegen","tag-sassnitz","tag-stralsund"],"jetpack_featured_media_url":"","jetpack_sharing_enabled":true,"_links":{"self":[{"href":"https:\/\/gothein.de\/reiseblog\/wp-json\/wp\/v2\/posts\/4877","targetHints":{"allow":["GET"]}}],"collection":[{"href":"https:\/\/gothein.de\/reiseblog\/wp-json\/wp\/v2\/posts"}],"about":[{"href":"https:\/\/gothein.de\/reiseblog\/wp-json\/wp\/v2\/types\/post"}],"author":[{"embeddable":true,"href":"https:\/\/gothein.de\/reiseblog\/wp-json\/wp\/v2\/users\/1"}],"replies":[{"embeddable":true,"href":"https:\/\/gothein.de\/reiseblog\/wp-json\/wp\/v2\/comments?post=4877"}],"version-history":[{"count":0,"href":"https:\/\/gothein.de\/reiseblog\/wp-json\/wp\/v2\/posts\/4877\/revisions"}],"wp:attachment":[{"href":"https:\/\/gothein.de\/reiseblog\/wp-json\/wp\/v2\/media?parent=4877"}],"wp:term":[{"taxonomy":"category","embeddable":true,"href":"https:\/\/gothein.de\/reiseblog\/wp-json\/wp\/v2\/categories?post=4877"},{"taxonomy":"post_tag","embeddable":true,"href":"https:\/\/gothein.de\/reiseblog\/wp-json\/wp\/v2\/tags?post=4877"}],"curies":[{"name":"wp","href":"https:\/\/api.w.org\/{rel}","templated":true}]}}