

{"id":4869,"date":"2022-06-11T21:15:42","date_gmt":"2022-06-11T19:15:42","guid":{"rendered":"https:\/\/gothein.de\/reiseblog\/?p=4869"},"modified":"2023-01-04T16:57:03","modified_gmt":"2023-01-04T15:57:03","slug":"von-zingst-nach-stralsund","status":"publish","type":"post","link":"https:\/\/gothein.de\/reiseblog\/2022\/06\/11\/von-zingst-nach-stralsund\/","title":{"rendered":"Von Zingst nach Stralsund"},"content":{"rendered":"\n<p>Heute war unsere Etappe mal knapp unter 60 Kilometer (59km, 140 H\u00f6henmeter) und mit v\u00f6llig anderer Atmosph\u00e4re gegen\u00fcber der Etappe von gestern. W\u00e4hrend gestern die Wege und die Orte voll mit Touristen waren ist heute kaum etwas los, weder auf den Wegen noch in den wenigen Orten. Unsere erste Station nach der Br\u00fccke ist Barth und der Hafen ist beschaulich. Der graue, mit EU F\u00f6rdermitteln gestaltete, Hafenplatz erscheint mir nicht als Paradebeispiel f\u00fcr sinnvolle Verwendung \u00f6ffentlicher Gelder.   <\/p>\n\n\n\n<figure class=\"wp-block-image size-large\"><img loading=\"lazy\" decoding=\"async\" width=\"576\" height=\"1024\" src=\"https:\/\/gothein.de\/reiseblog\/wp-content\/uploads\/2022\/06\/20220611_162518-576x1024.jpg\" alt=\"\" class=\"wp-image-4867\" srcset=\"https:\/\/gothein.de\/reiseblog\/wp-content\/uploads\/2022\/06\/20220611_162518-576x1024.jpg 576w, https:\/\/gothein.de\/reiseblog\/wp-content\/uploads\/2022\/06\/20220611_162518-169x300.jpg 169w, https:\/\/gothein.de\/reiseblog\/wp-content\/uploads\/2022\/06\/20220611_162518-768x1365.jpg 768w, https:\/\/gothein.de\/reiseblog\/wp-content\/uploads\/2022\/06\/20220611_162518-864x1536.jpg 864w, https:\/\/gothein.de\/reiseblog\/wp-content\/uploads\/2022\/06\/20220611_162518-1152x2048.jpg 1152w, https:\/\/gothein.de\/reiseblog\/wp-content\/uploads\/2022\/06\/20220611_162518-scaled.jpg 1440w\" sizes=\"auto, (max-width: 576px) 100vw, 576px\" \/><\/figure>\n\n\n\n<p>Wir kommen durch verschiedene Landschaftsschutzgebiete, Felder und Wiesen so lange das Auge reicht. Zun\u00e4chst entlang der still gelegten Bahnlinie und fast immer sch\u00f6n asphaltiert. Irgendwann endet der sch\u00f6n asphaltierte Weg. Erfreulicher Weise ist diese Unterbrechung nur einen knappen Kilometer lang, erst kommen wir pl\u00f6tzlich auf eine winzige Holzbr\u00fccke, dann ist es ein einspuriger Kiesweg, Gegenverkehr ist nicht m\u00f6glich. Einer, der uns tats\u00e4chlich gerade hier entgegenkommt, wartet auf uns. Es riecht ziemlich nach Landluftd\u00fcnger und unerwartet im landschaftlichen Idyll liegen tote Fische unter der kleinen Br\u00fccke. <\/p>\n\n\n\n<figure class=\"wp-block-image\"><img loading=\"lazy\" decoding=\"async\" width=\"2560\" height=\"2560\" src=\"https:\/\/gothein.de\/reiseblog\/wp-content\/uploads\/2022\/06\/20220611_162239-scaled.jpg\" alt=\"\" class=\"wp-image-4866\" srcset=\"https:\/\/gothein.de\/reiseblog\/wp-content\/uploads\/2022\/06\/20220611_162239-scaled.jpg 2560w, https:\/\/gothein.de\/reiseblog\/wp-content\/uploads\/2022\/06\/20220611_162239-300x300.jpg 300w, https:\/\/gothein.de\/reiseblog\/wp-content\/uploads\/2022\/06\/20220611_162239-1024x1024.jpg 1024w, https:\/\/gothein.de\/reiseblog\/wp-content\/uploads\/2022\/06\/20220611_162239-150x150.jpg 150w, https:\/\/gothein.de\/reiseblog\/wp-content\/uploads\/2022\/06\/20220611_162239-768x768.jpg 768w, https:\/\/gothein.de\/reiseblog\/wp-content\/uploads\/2022\/06\/20220611_162239-1536x1536.jpg 1536w, https:\/\/gothein.de\/reiseblog\/wp-content\/uploads\/2022\/06\/20220611_162239-2048x2048.jpg 2048w, https:\/\/gothein.de\/reiseblog\/wp-content\/uploads\/2022\/06\/20220611_162239-60x60.jpg 60w\" sizes=\"auto, (max-width: 2560px) 100vw, 2560px\" \/><\/figure>\n\n\n\n<p>Wir kommen schnell wieder auf tolle Radwege durch das Landschaftsschutzgebiet. Leider gibt es kein Rastangebot und erst im  Familienhotel Gut Nisdorf werden wir f\u00fcndig. Dort gibt es guten Kaffee und guten frisch gebackenen Kuchen f\u00fcr uns. Die Mittagspause ist gerettet. Leider kommen nun ein paar Tr\u00f6pfchen aber es h\u00f6rt gleich wieder auf. Wir entschlie\u00dfen uns weiterzufahren und k\u00f6nnen an der Bushaltestelle gerade noch unser Regenzeug im nun str\u00f6menden Regen anziehen. Kurz nachdem wir uns dann zum Losfahren entscheiden ist auch schon wieder Schluss. Wir fahren nur noch auf nassen Stra\u00dfen bis die dann schnell wieder abgetrocknet sind. Hier sind wir ein St\u00fcck auf die Stra\u00dfe ausgewichen und haben die ca. 3 km an der K\u00fcste umfahren, denn bei Regen durch den Dreck wollten wir vemeiden,   <\/p>\n\n\n\n<p>Eine weitere kurze Unterbrechung leisten wir uns am Eiseck. Das ist mit tollen selbst gemachten Eissorten an einer Radwegkreuzung zu finden und wirklich eine Empfehlung.  Wir erreichen Rostock, umfahren das Hafenfest und beziehen unser Appartement in der Altstadt. <\/p>\n\n\n\n<p>Es ist viel los, viele \u00dcbernachtungsg\u00e4ste und das Festival am Hafen zieht wohl einige Besucher an. Auch hier sind die verschiedenen Altstadtpl\u00e4tze mit Rathaus oder den beiden Monumentalkirchen Nicolaikirche und Marienkirche schon ph\u00e4nomenal. Aber auch der Hafen, diesmal lebhaft mit Buden und Restaurants und sch\u00f6nem Ambiente, l\u00e4dt wirklich ein sich niederzusetzen. Da sich der Original Bismarckhering &#8211; Hersteller (Rasmus) als schon geschlossen erweist, gibt es ein Bismarckheringbr\u00f6tchen bei Anja am Hafen und trotz schlechter Kritiken, wegen trockener Br\u00f6tchen, schmeckt es vorz\u00fcglich.<\/p>\n\n\n\n<p>Stralsund stellt sich f\u00fcr uns als wirklich attraktive lebhafte Stadt mit sch\u00f6ner Altstadt und faszinierenden Geb\u00e4uden dar. <\/p>\n\n\n\n<figure class=\"wp-block-image\"><img loading=\"lazy\" decoding=\"async\" width=\"1440\" height=\"2560\" src=\"https:\/\/gothein.de\/reiseblog\/wp-content\/uploads\/2022\/06\/20220611_192327-scaled.jpg\" alt=\"\" class=\"wp-image-4868\" srcset=\"https:\/\/gothein.de\/reiseblog\/wp-content\/uploads\/2022\/06\/20220611_192327-scaled.jpg 1440w, https:\/\/gothein.de\/reiseblog\/wp-content\/uploads\/2022\/06\/20220611_192327-169x300.jpg 169w, https:\/\/gothein.de\/reiseblog\/wp-content\/uploads\/2022\/06\/20220611_192327-576x1024.jpg 576w, https:\/\/gothein.de\/reiseblog\/wp-content\/uploads\/2022\/06\/20220611_192327-768x1365.jpg 768w, https:\/\/gothein.de\/reiseblog\/wp-content\/uploads\/2022\/06\/20220611_192327-864x1536.jpg 864w, https:\/\/gothein.de\/reiseblog\/wp-content\/uploads\/2022\/06\/20220611_192327-1152x2048.jpg 1152w\" sizes=\"auto, (max-width: 1440px) 100vw, 1440px\" \/><\/figure>\n\n\n\n<p>Eine Anekdote zum Schlu\u00df: da die Anreise diesmal k\u00fcrzer war hofften wir wieder etwas mehr Zeit f\u00fcr Besichtigung zu haben. Diese haben wir aber verbraucht, da ich bl\u00f6derweise eine Zimmerkarte vom Haus 54 auf Zingst mit genommen habe und sie wieder zur\u00fcck schicken wollte. Also Briefumschlag mit Fenster an der Rezeption mit Din A4 Blatt f\u00fcr Fenster erbittert. Briefmarke? Nicht im Hotel, Postamt direkt daneben, Automat kaputt, Onlinemarke leider nur mit Ausdruck \u00fcber Privat E-Mail der Rezeptionistin aus der Ukraine mit der wir gemeinsam \u00fcber die hiesige Infrastruktur klagen. Die Ukraine sei ja nun nicht so entwickelt wie hier aber es g\u00e4be eine Post und eine Wettbewerbspost.  Wenn man was mit Priorit\u00e4t verschickt, dann kommt das auch schnell an. Au\u00dferdem haben die bis 22h auf, hier im Hauptpostamt Stralsund ist Samstag um 12h Schlu\u00df. Naja wir haben die Marke gedruckt, mit Klebestift alles aufgeklebt und verschlossen. Die n\u00e4chste Leerung ist dann ja bereits Montag um 14:30. <\/p>\n\n\n\n        <div id=\"map_ol3js_1\"\n             class=\"map undefined\"\n             data-map_name=\"undefined\"\n             data-map=\"map_ol3js_1\"\n             style=\"width:100%;\n                    max-width:100%;\n                    height:450px;\n                    display:block;\n                    overflow:hidden;\n                    border:2px solid grey;\">\n          <div id=\"map_ol3js_1_popup\" class=\"ol-popup\">\n            <a href=\"#\" id=\"map_ol3js_1_popup-closer\" class=\"ol-popup-closer\"><\/a>\n            <div id=\"map_ol3js_1_popup-content\"><\/div>\n          <\/div>\n        <\/div>\n    \n\n\t\t\t\t<script type=\"text\/javascript\">\n\t\t\t\t\ttranslations['openlayer'] = \"open layer\";\n\t\t\t\t\ttranslations['openlayerAtStartup'] = \"open layer at startup\";\n\t\t\t\t\ttranslations['generateLink'] = \"Der Link zur Karte mit ausgew\u00e4hlten Overlays und angezeigtem Ausschnitt\";\n\t\t\t\t\ttranslations['shortDescription'] = \"Kurzbeschreibung\";\n\t\t\t\t\ttranslations['generatedShortCode'] = \"to get a text control link paste this code in your wordpress editor\";\n\t\t\t\t\ttranslations['closeLayer'] = \"close layer\";\n\t\t\t\t\ttranslations['cantGenerateLink'] = \"put this string in the existing map short code to control this map\";\n\t\t\t  <\/script>\n\n\n\t\t\t  <script type=\"text\/javascript\">\n\t\t\t  vectorM['map_ol3js_1'] = [];\n\t        \n        var raster = getTileLayer(\"osm\",\"NoKey\");\t\t\t\n\n\t\t\t  var map_ol3js_1 = new ol.Map({\n\t\t\t\tinteractions: ol.interaction.defaults.defaults({mouseWheelZoom:false}),\n\t\t\t\tlayers: [raster],\n\t\t\t\ttarget: \"map_ol3js_1\",\n\t\t\t\tview: new ol.View({\n\t\t\t\t  center: ol.proj.transform([12.874066,54.373444], \"EPSG:4326\", \"EPSG:3857\"),\n\t\t\t\t  zoom: 10.031642\n\t\t\t\t})\n\t\t\t  });\n\t\t\t  \n    var style0 = {\n      \"Point\": [new ol.style.Style({\n\n          image: new ol.style.Icon({\n            anchor: [0.5, 41],\n            anchorXUnits: \"fraction\",\n            anchorYUnits: \"pixels\",\n            opacity: 0.75,\n            src: \"https:\/\/gothein.de\/reiseblog\/wp-content\/plugins\/osm\/icons\/mic_blue_pinother_02.png\"\n          })\n      })],\n\n      \"LineString\": [new ol.style.Style({\n        stroke: new ol.style.Stroke({\n          color: \"blue\",\n          width: 8\n        })\n      })],\n      \"MultiLineString\": [new ol.style.Style({\n        stroke: new ol.style.Stroke({\n          color: \"blue\",\n          width: 4\n        })\n      })]\n    };\n\t\t  var vectorL0 = new ol.layer.Vector({\n\t\t\t\tsource: new ol.source.Vector({\n\t\t\t\turl:\"\/reiseblog\/wp-content\/uploads\/gpx\/20220611_Zingst_Stralsund.gpx\",\n\t\t\t\tformat: new ol.format.GPX({\n\t\t\t\t\textractStyles: false\n\t\t\t\t})\n\t\t\t}),\n\t\t\tzIndex: 92,\n\t\t\tstyle: function(feature, resolution) {return style0[feature.getGeometry().getType()];}\n\t\t  });\n\t\t  map_ol3js_1.addLayer(vectorL0);addControls2Map(map_ol3js_1,0,0,3,1,5,6,7,0,1);\nosm_addPopupClickhandler(map_ol3js_1,  \"map_ol3js_1\"); \nosm_addMouseHover(map_ol3js_1); <\/script>\n","protected":false},"excerpt":{"rendered":"<p>Heute war unsere Etappe mal knapp unter 60 Kilometer (59km, 140 H\u00f6henmeter) und mit v\u00f6llig anderer Atmosph\u00e4re gegen\u00fcber der Etappe von gestern. W\u00e4hrend gestern die Wege und die Orte voll mit Touristen waren ist heute kaum etwas los, weder auf den Wegen noch in den wenigen Orten. Unsere erste Station nach der Br\u00fccke ist Barth [&hellip;]<\/p>\n","protected":false},"author":1,"featured_media":0,"comment_status":"open","ping_status":"open","sticky":false,"template":"","format":"standard","meta":{"ngg_post_thumbnail":0,"_jetpack_memberships_contains_paid_content":false,"footnotes":""},"categories":[1],"tags":[198,204,203],"class_list":["post-4869","post","type-post","status-publish","format-standard","hentry","category-allgemein","tag-mecklenburg-vorpommern","tag-stralsund","tag-zingst"],"jetpack_featured_media_url":"","jetpack_sharing_enabled":true,"_links":{"self":[{"href":"https:\/\/gothein.de\/reiseblog\/wp-json\/wp\/v2\/posts\/4869","targetHints":{"allow":["GET"]}}],"collection":[{"href":"https:\/\/gothein.de\/reiseblog\/wp-json\/wp\/v2\/posts"}],"about":[{"href":"https:\/\/gothein.de\/reiseblog\/wp-json\/wp\/v2\/types\/post"}],"author":[{"embeddable":true,"href":"https:\/\/gothein.de\/reiseblog\/wp-json\/wp\/v2\/users\/1"}],"replies":[{"embeddable":true,"href":"https:\/\/gothein.de\/reiseblog\/wp-json\/wp\/v2\/comments?post=4869"}],"version-history":[{"count":0,"href":"https:\/\/gothein.de\/reiseblog\/wp-json\/wp\/v2\/posts\/4869\/revisions"}],"wp:attachment":[{"href":"https:\/\/gothein.de\/reiseblog\/wp-json\/wp\/v2\/media?parent=4869"}],"wp:term":[{"taxonomy":"category","embeddable":true,"href":"https:\/\/gothein.de\/reiseblog\/wp-json\/wp\/v2\/categories?post=4869"},{"taxonomy":"post_tag","embeddable":true,"href":"https:\/\/gothein.de\/reiseblog\/wp-json\/wp\/v2\/tags?post=4869"}],"curies":[{"name":"wp","href":"https:\/\/api.w.org\/{rel}","templated":true}]}}