

{"id":4864,"date":"2022-06-10T21:10:00","date_gmt":"2022-06-10T19:10:00","guid":{"rendered":"https:\/\/gothein.de\/reiseblog\/?p=4864"},"modified":"2022-06-13T21:28:09","modified_gmt":"2022-06-13T19:28:09","slug":"von-rostock-nach-zingst","status":"publish","type":"post","link":"https:\/\/gothein.de\/reiseblog\/2022\/06\/10\/von-rostock-nach-zingst\/","title":{"rendered":"Von Rostock nach Zingst"},"content":{"rendered":"\n<p>Das Appartement in Rostock in der faulen Stra\u00dfe bietet kein Fr\u00fchst\u00fcck. Das bekommen wir in der Fu\u00dfg\u00e4ngerzone, die wir mit dem Rad ansteuern. Die Sonne scheint schon recht kr\u00e4ftig und mit ein bi\u00dfchen R\u00fcckenwind starten wir von Rostock Richtung Graal-M\u00fcritz wo wir wieder auf den Ostseeradweg treffen. Bis dahin sind die Radwege sehr gut. <\/p>\n\n\n\n<p>In Graal-M\u00fcritz bl\u00fcht der Rhododendron und wir machen einen kleinen Abstecher und spazieren durch den Garten. Graal-M\u00fcritz hat viele traditionelle H\u00e4user und nat\u00fcrlich wird \u00fcberall viel gebaut. Je weiter man vor in Richtung Strand kommt, umso gr\u00f6\u00dfer die Hotelbl\u00f6cke. Plakate an den traditionellen H\u00e4usern mahnen dann auch, dass jeder Baum z\u00e4hlt und Hotels dem wichtigen K\u00fcstenwald viel Platz rauben.<\/p>\n\n\n\n<p>Ab Seebr\u00fccke geht es dann wieder entlang der K\u00fcste hinter der D\u00fcne bis zum n\u00e4chsten K\u00fcstenw\u00e4ldchen mit obligatem Split- und Waldboden &#8211; Radweg. Auf dem Deich auf der D\u00fcne, die die schmale Landbr\u00fccke zum Dar\u00df bildet, ist dann auch wirklich viel los. Viel Gegenverkehr, viele gem\u00fctlich Radler und damit nur langsames Vorankommen entlang kleiner Siedlungen mit unz\u00e4hligen Reetdachh\u00e4usern und \u00dcbergangen zum endlosen Strand auf der andern Seite. Die D\u00fcne verdeckt meist die Sicht auf Deich und Meer.  <\/p>\n\n\n\n<figure class=\"wp-block-image size-large\"><img loading=\"lazy\" decoding=\"async\" width=\"1024\" height=\"1024\" src=\"https:\/\/gothein.de\/reiseblog\/wp-content\/uploads\/2022\/06\/20220610_231032-1024x1024.jpg\" alt=\"\" class=\"wp-image-4860\" srcset=\"https:\/\/gothein.de\/reiseblog\/wp-content\/uploads\/2022\/06\/20220610_231032-1024x1024.jpg 1024w, https:\/\/gothein.de\/reiseblog\/wp-content\/uploads\/2022\/06\/20220610_231032-300x300.jpg 300w, https:\/\/gothein.de\/reiseblog\/wp-content\/uploads\/2022\/06\/20220610_231032-150x150.jpg 150w, https:\/\/gothein.de\/reiseblog\/wp-content\/uploads\/2022\/06\/20220610_231032-768x768.jpg 768w, https:\/\/gothein.de\/reiseblog\/wp-content\/uploads\/2022\/06\/20220610_231032-1536x1536.jpg 1536w, https:\/\/gothein.de\/reiseblog\/wp-content\/uploads\/2022\/06\/20220610_231032-2048x2048.jpg 2048w, https:\/\/gothein.de\/reiseblog\/wp-content\/uploads\/2022\/06\/20220610_231032-60x60.jpg 60w\" sizes=\"auto, (max-width: 1024px) 100vw, 1024px\" \/><\/figure>\n\n\n\n<p>Auch in Wustrow t\u00fcmmeln sich wieder viele vor der Seebr\u00fccke und dem sch\u00f6n mit wilden Rosen eingefassten Radweg, der ebenfalls stark frequentiert ist. Wir kommen wieder durch ein paar K\u00fcstenw\u00e4ldchen und vielleicht ist es ja irgend ein Naturschutzgesetz, dass die Wege dort nicht asphaltiert sind. Deshalb fahren die Leute dann auch kreuz und quer wo es Platz gibt und Schilder gebieten genau dies nicht zu tun.<\/p>\n\n\n\n<p>Von Wustrow Richtung Osten kann man von der Seebr\u00fccke aus die Steilk\u00fcste sehen. Eine besondere kleine Attraktion ist ein alter verfallener Bunker. Von dort gibt es auch wieder super Ausblicke insbesondere auf die Steilk\u00fcste. Nat\u00fcrlich sollte man es unterlassen sich auf die Kante zu stellen, denn die k\u00f6nnte abbrechen, ist auf vielen Plakaten zu lesen. <\/p>\n\n\n\n<figure class=\"wp-block-image\"><img loading=\"lazy\" decoding=\"async\" width=\"2560\" height=\"2560\" src=\"https:\/\/gothein.de\/reiseblog\/wp-content\/uploads\/2022\/06\/20220610_230743-scaled.jpg\" alt=\"\" class=\"wp-image-4861\" srcset=\"https:\/\/gothein.de\/reiseblog\/wp-content\/uploads\/2022\/06\/20220610_230743-scaled.jpg 2560w, https:\/\/gothein.de\/reiseblog\/wp-content\/uploads\/2022\/06\/20220610_230743-300x300.jpg 300w, https:\/\/gothein.de\/reiseblog\/wp-content\/uploads\/2022\/06\/20220610_230743-1024x1024.jpg 1024w, https:\/\/gothein.de\/reiseblog\/wp-content\/uploads\/2022\/06\/20220610_230743-150x150.jpg 150w, https:\/\/gothein.de\/reiseblog\/wp-content\/uploads\/2022\/06\/20220610_230743-768x768.jpg 768w, https:\/\/gothein.de\/reiseblog\/wp-content\/uploads\/2022\/06\/20220610_230743-1536x1536.jpg 1536w, https:\/\/gothein.de\/reiseblog\/wp-content\/uploads\/2022\/06\/20220610_230743-2048x2048.jpg 2048w, https:\/\/gothein.de\/reiseblog\/wp-content\/uploads\/2022\/06\/20220610_230743-60x60.jpg 60w\" sizes=\"auto, (max-width: 2560px) 100vw, 2560px\" \/><\/figure>\n\n\n\n<p>Das Wetter hat sich mittlerweile zu einem hei\u00dfen Sommertag mit strahlend blauem Himmel entwickelt und trotz einer frischen Briese sp\u00fcren wir die Sonne nun. <\/p>\n\n\n\n<p>In Ahrenshoop ist der Trubel nun noch einmal st\u00e4rker. Auf dem Radweg umfahren wir die Fu\u00dfg\u00e4nger in langsamem Slalom und entdecken etwas abseits ein sehr sch\u00f6nes Kaffeehaus in einer alten M\u00fchle mit Garten und g\u00f6nnen uns die lang ersehnte Pause mit wirklich gutem Kuchen. <\/p>\n\n\n\n<p>Bis dahin sind wir wunderbar voran gekommen und in einem guten Flow. Das wird nun \u00fcber die miserable Qualit\u00e4t der Radwege rund um Born am Dar\u00df (erst bis dahin und dann bis zum n\u00e4chsten Ort Wiek am Dar\u00df) vermiest. Holprig, schlecht gef\u00fchrt, mit Gegenverkehr gef\u00e4hrlich eng und das eben nicht \u00fcber eine kurze Passage sondern die ganze Strecke. Den Bewahrern in Born (es geht wohl um ein m\u00f6gliches neues Baugebiet) w\u00fcrden wir den Willen w\u00fcnschen, erst einmal zu gestalten. Ab dann mit kurzer Unterbrechung durch ein kurzes fieses Single-Trail-Waldgebiet bei Perow liegt dann bis Zingst der Radweg auf der Deichspitze und ist frisch fein asphaltiert.<\/p>\n\n\n\n<figure class=\"wp-block-image\"><img loading=\"lazy\" decoding=\"async\" width=\"2560\" height=\"2560\" src=\"https:\/\/gothein.de\/reiseblog\/wp-content\/uploads\/2022\/06\/20220610_230525-scaled.jpg\" alt=\"\" class=\"wp-image-4863\" srcset=\"https:\/\/gothein.de\/reiseblog\/wp-content\/uploads\/2022\/06\/20220610_230525-scaled.jpg 2560w, https:\/\/gothein.de\/reiseblog\/wp-content\/uploads\/2022\/06\/20220610_230525-300x300.jpg 300w, https:\/\/gothein.de\/reiseblog\/wp-content\/uploads\/2022\/06\/20220610_230525-1024x1024.jpg 1024w, https:\/\/gothein.de\/reiseblog\/wp-content\/uploads\/2022\/06\/20220610_230525-150x150.jpg 150w, https:\/\/gothein.de\/reiseblog\/wp-content\/uploads\/2022\/06\/20220610_230525-768x768.jpg 768w, https:\/\/gothein.de\/reiseblog\/wp-content\/uploads\/2022\/06\/20220610_230525-1536x1536.jpg 1536w, https:\/\/gothein.de\/reiseblog\/wp-content\/uploads\/2022\/06\/20220610_230525-2048x2048.jpg 2048w, https:\/\/gothein.de\/reiseblog\/wp-content\/uploads\/2022\/06\/20220610_230525-60x60.jpg 60w\" sizes=\"auto, (max-width: 2560px) 100vw, 2560px\" \/><\/figure>\n\n\n\n<p>In Zingst st\u00e4rken wir uns auf dem riesigen Campingplatz im Steakhaus. Direkt daneben ist unser kleines Hostel 54, dass wir mit etwas Sorge bezogen haben (habe nichts mehr sonst gefunden) aber wo wir ganz hervorragend untergebracht sind. Wir wandern dann durch den sehr lang gezogenen Ort bis zum Hafen und dann zur Seebr\u00fccke und dort postieren sich dann auch schon einige hundert Menschen f\u00fcr den Sonnenuntergang. Am Ende der Seebr\u00fccke gibt es eine Taucherglocke f\u00fcr 30 Personen, mit der man 4 Meter tief in die Ostse abtauchen kann.<\/p>\n\n\n\n<figure class=\"wp-block-image\"><img loading=\"lazy\" decoding=\"async\" width=\"2560\" height=\"2560\" src=\"https:\/\/gothein.de\/reiseblog\/wp-content\/uploads\/2022\/06\/20220610_225335-scaled.jpg\" alt=\"\" class=\"wp-image-4862\" srcset=\"https:\/\/gothein.de\/reiseblog\/wp-content\/uploads\/2022\/06\/20220610_225335-scaled.jpg 2560w, https:\/\/gothein.de\/reiseblog\/wp-content\/uploads\/2022\/06\/20220610_225335-300x300.jpg 300w, https:\/\/gothein.de\/reiseblog\/wp-content\/uploads\/2022\/06\/20220610_225335-1024x1024.jpg 1024w, https:\/\/gothein.de\/reiseblog\/wp-content\/uploads\/2022\/06\/20220610_225335-150x150.jpg 150w, https:\/\/gothein.de\/reiseblog\/wp-content\/uploads\/2022\/06\/20220610_225335-768x768.jpg 768w, https:\/\/gothein.de\/reiseblog\/wp-content\/uploads\/2022\/06\/20220610_225335-1536x1536.jpg 1536w, https:\/\/gothein.de\/reiseblog\/wp-content\/uploads\/2022\/06\/20220610_225335-2048x2048.jpg 2048w, https:\/\/gothein.de\/reiseblog\/wp-content\/uploads\/2022\/06\/20220610_225335-60x60.jpg 60w\" sizes=\"auto, (max-width: 2560px) 100vw, 2560px\" \/><\/figure>\n\n\n\n<p>In Summe ein sehr sch\u00f6ner Tag mit viel Sonne und tollen Landschaften. Aus den eigentlich angezeigten 67 Kilometern sind auf geheimnisvolle Weise dann doch wieder 78 Kilometer geworden.<\/p>\n\n\n\n        <div id=\"map_ol3js_1\"\n             class=\"map undefined\"\n             data-map_name=\"undefined\"\n             data-map=\"map_ol3js_1\"\n             style=\"width:100%;\n                    max-width:100%;\n                    height:450px;\n                    display:block;\n                    overflow:hidden;\n                    border:2px solid grey;\">\n          <div id=\"map_ol3js_1_popup\" class=\"ol-popup\">\n            <a href=\"#\" id=\"map_ol3js_1_popup-closer\" class=\"ol-popup-closer\"><\/a>\n            <div id=\"map_ol3js_1_popup-content\"><\/div>\n          <\/div>\n        <\/div>\n    \n\n\t\t\t\t<script type=\"text\/javascript\">\n\t\t\t\t\ttranslations['openlayer'] = \"open layer\";\n\t\t\t\t\ttranslations['openlayerAtStartup'] = \"open layer at startup\";\n\t\t\t\t\ttranslations['generateLink'] = \"Der Link zur Karte mit ausgew\u00e4hlten Overlays und angezeigtem Ausschnitt\";\n\t\t\t\t\ttranslations['shortDescription'] = \"Kurzbeschreibung\";\n\t\t\t\t\ttranslations['generatedShortCode'] = \"to get a text control link paste this code in your wordpress editor\";\n\t\t\t\t\ttranslations['closeLayer'] = \"close layer\";\n\t\t\t\t\ttranslations['cantGenerateLink'] = \"put this string in the existing map short code to control this map\";\n\t\t\t  <\/script>\n\n\n\t\t\t  <script type=\"text\/javascript\">\n\t\t\t  vectorM['map_ol3js_1'] = [];\n\t        \n        var raster = getTileLayer(\"osm\",\"NoKey\");\t\t\t\n\n\t\t\t  var map_ol3js_1 = new ol.Map({\n\t\t\t\tinteractions: ol.interaction.defaults.defaults({mouseWheelZoom:false}),\n\t\t\t\tlayers: [raster],\n\t\t\t\ttarget: \"map_ol3js_1\",\n\t\t\t\tview: new ol.View({\n\t\t\t\t  center: ol.proj.transform([12.425256,54.270875], \"EPSG:4326\", \"EPSG:3857\"),\n\t\t\t\t  zoom: 9.197534\n\t\t\t\t})\n\t\t\t  });\n\t\t\t  \n    var style0 = {\n      \"Point\": [new ol.style.Style({\n\n          image: new ol.style.Icon({\n            anchor: [0.5, 41],\n            anchorXUnits: \"fraction\",\n            anchorYUnits: \"pixels\",\n            opacity: 0.75,\n            src: \"https:\/\/gothein.de\/reiseblog\/wp-content\/plugins\/osm\/icons\/mic_blue_pinother_02.png\"\n          })\n      })],\n\n      \"LineString\": [new ol.style.Style({\n        stroke: new ol.style.Stroke({\n          color: \"blue\",\n          width: 8\n        })\n      })],\n      \"MultiLineString\": [new ol.style.Style({\n        stroke: new ol.style.Stroke({\n          color: \"blue\",\n          width: 4\n        })\n      })]\n    };\n\t\t  var vectorL0 = new ol.layer.Vector({\n\t\t\t\tsource: new ol.source.Vector({\n\t\t\t\turl:\"\/reiseblog\/wp-content\/uploads\/gpx\/20220610_Rostock_Zingst.gpx\",\n\t\t\t\tformat: new ol.format.GPX({\n\t\t\t\t\textractStyles: false\n\t\t\t\t})\n\t\t\t}),\n\t\t\tzIndex: 92,\n\t\t\tstyle: function(feature, resolution) {return style0[feature.getGeometry().getType()];}\n\t\t  });\n\t\t  map_ol3js_1.addLayer(vectorL0);addControls2Map(map_ol3js_1,0,0,3,1,5,6,7,0,1);\nosm_addPopupClickhandler(map_ol3js_1,  \"map_ol3js_1\"); \nosm_addMouseHover(map_ol3js_1); <\/script>\n","protected":false},"excerpt":{"rendered":"<p>Das Appartement in Rostock in der faulen Stra\u00dfe bietet kein Fr\u00fchst\u00fcck. Das bekommen wir in der Fu\u00dfg\u00e4ngerzone, die wir mit dem Rad ansteuern. Die Sonne scheint schon recht kr\u00e4ftig und mit ein bi\u00dfchen R\u00fcckenwind starten wir von Rostock Richtung Graal-M\u00fcritz wo wir wieder auf den Ostseeradweg treffen. Bis dahin sind die Radwege sehr gut. In [&hellip;]<\/p>\n","protected":false},"author":1,"featured_media":0,"comment_status":"open","ping_status":"open","sticky":false,"template":"","format":"standard","meta":{"ngg_post_thumbnail":0,"_jetpack_memberships_contains_paid_content":false,"footnotes":""},"categories":[1],"tags":[198,199,203],"class_list":["post-4864","post","type-post","status-publish","format-standard","hentry","category-allgemein","tag-mecklenburg-vorpommern","tag-rostock","tag-zingst"],"jetpack_featured_media_url":"","jetpack_sharing_enabled":true,"_links":{"self":[{"href":"https:\/\/gothein.de\/reiseblog\/wp-json\/wp\/v2\/posts\/4864","targetHints":{"allow":["GET"]}}],"collection":[{"href":"https:\/\/gothein.de\/reiseblog\/wp-json\/wp\/v2\/posts"}],"about":[{"href":"https:\/\/gothein.de\/reiseblog\/wp-json\/wp\/v2\/types\/post"}],"author":[{"embeddable":true,"href":"https:\/\/gothein.de\/reiseblog\/wp-json\/wp\/v2\/users\/1"}],"replies":[{"embeddable":true,"href":"https:\/\/gothein.de\/reiseblog\/wp-json\/wp\/v2\/comments?post=4864"}],"version-history":[{"count":0,"href":"https:\/\/gothein.de\/reiseblog\/wp-json\/wp\/v2\/posts\/4864\/revisions"}],"wp:attachment":[{"href":"https:\/\/gothein.de\/reiseblog\/wp-json\/wp\/v2\/media?parent=4864"}],"wp:term":[{"taxonomy":"category","embeddable":true,"href":"https:\/\/gothein.de\/reiseblog\/wp-json\/wp\/v2\/categories?post=4864"},{"taxonomy":"post_tag","embeddable":true,"href":"https:\/\/gothein.de\/reiseblog\/wp-json\/wp\/v2\/tags?post=4864"}],"curies":[{"name":"wp","href":"https:\/\/api.w.org\/{rel}","templated":true}]}}