

{"id":4852,"date":"2022-06-09T22:31:08","date_gmt":"2022-06-09T20:31:08","guid":{"rendered":"https:\/\/gothein.de\/reiseblog\/?p=4852"},"modified":"2022-06-13T21:35:07","modified_gmt":"2022-06-13T19:35:07","slug":"von-wismar-nach-rostock","status":"publish","type":"post","link":"https:\/\/gothein.de\/reiseblog\/2022\/06\/09\/von-wismar-nach-rostock\/","title":{"rendered":"Von Wismar nach Rostock"},"content":{"rendered":"\n<p>In Wismar haben wir, wie bereits erw\u00e4hnt, ein sehr sch\u00f6nes Hotelzimmer. Die notwendige Bettschwere ist eigentlich gegeben, aber der Regen klopft nachts ziemlich h\u00f6rbar auf die Fensterbretter. Auch das Fr\u00fchst\u00fcck im Hotel ist sehr gut. Interessant sind die kulturellen Nuancen im Verhalten der Leute. Maske ist hier im Nordosten v\u00f6llig out. wer eine tr\u00e4gt kassiert genervte Blicke. Der Himmel ist grau, es ist k\u00fchl und besorgt schauen wir in alle Richtungen ob es nicht gleich wieder mit dem Regen los geht. <\/p>\n\n\n\n<p>Der Ostseeradweg ist leicht zu finden und gut ausgeschildert und diesmal wirklich ziemlich gut ausgebaut. W\u00e4hrend gestern kleine W\u00e4lder (mit wenig Sicht) dominieren, sehen wir heute eigentlich st\u00e4ndig das Meer neben riesigen Weizen- oder Zuckerr\u00fcbenfeldern. Die Kultur der Bauern im S\u00fcden, wie in Baden-W\u00fcrttemberg, ein gr\u00fcnes Kreuz als Protest gegen landwirtschaftsfeindliche Politik aufzustellen, fehlt hier v\u00f6llig. Gro\u00dfe Fl\u00e4chen scheinen damit offensichtlich weniger Probleme hervor zurufen.<\/p>\n\n\n\n<p>Unser erstes Ziel ist Rerik, hier ist die Seebr\u00fccke gesperrt aber am Hafen gibt es verschiedene Restaurants wo wir einen Kaffee und Pizzabrot bekommen.<\/p>\n\n\n\n<figure class=\"wp-block-image size-large\"><img loading=\"lazy\" decoding=\"async\" width=\"2560\" height=\"2560\" src=\"https:\/\/gothein.de\/reiseblog\/wp-content\/uploads\/2022\/06\/20220609_200257-scaled.jpg\" alt=\"\" class=\"wp-image-4849\" srcset=\"https:\/\/gothein.de\/reiseblog\/wp-content\/uploads\/2022\/06\/20220609_200257-scaled.jpg 2560w, https:\/\/gothein.de\/reiseblog\/wp-content\/uploads\/2022\/06\/20220609_200257-300x300.jpg 300w, https:\/\/gothein.de\/reiseblog\/wp-content\/uploads\/2022\/06\/20220609_200257-1024x1024.jpg 1024w, https:\/\/gothein.de\/reiseblog\/wp-content\/uploads\/2022\/06\/20220609_200257-150x150.jpg 150w, https:\/\/gothein.de\/reiseblog\/wp-content\/uploads\/2022\/06\/20220609_200257-768x768.jpg 768w, https:\/\/gothein.de\/reiseblog\/wp-content\/uploads\/2022\/06\/20220609_200257-1536x1536.jpg 1536w, https:\/\/gothein.de\/reiseblog\/wp-content\/uploads\/2022\/06\/20220609_200257-2048x2048.jpg 2048w, https:\/\/gothein.de\/reiseblog\/wp-content\/uploads\/2022\/06\/20220609_200257-60x60.jpg 60w\" sizes=\"auto, (max-width: 2560px) 100vw, 2560px\" \/><\/figure>\n\n\n\n<p>K\u00fchlungsborn pr\u00e4sentiert sich als extrem lebhafter Ferienort mit sehr gro\u00dfz\u00fcgiger Promenade und mond\u00e4nen Geb\u00e4uden. Der Ort zieht sich \u00fcber einige Kilometer entlang der K\u00fcste. Nach kurzem Aufenthalt beim Riesenrad fahren wir weiter nach Heiligendamm. <\/p>\n\n\n\n<figure class=\"wp-block-image\"><img loading=\"lazy\" decoding=\"async\" width=\"2560\" height=\"2560\" src=\"https:\/\/gothein.de\/reiseblog\/wp-content\/uploads\/2022\/06\/20220609_203459-scaled.jpg\" alt=\"\" class=\"wp-image-4848\" srcset=\"https:\/\/gothein.de\/reiseblog\/wp-content\/uploads\/2022\/06\/20220609_203459-scaled.jpg 2560w, https:\/\/gothein.de\/reiseblog\/wp-content\/uploads\/2022\/06\/20220609_203459-300x300.jpg 300w, https:\/\/gothein.de\/reiseblog\/wp-content\/uploads\/2022\/06\/20220609_203459-1024x1024.jpg 1024w, https:\/\/gothein.de\/reiseblog\/wp-content\/uploads\/2022\/06\/20220609_203459-150x150.jpg 150w, https:\/\/gothein.de\/reiseblog\/wp-content\/uploads\/2022\/06\/20220609_203459-768x768.jpg 768w, https:\/\/gothein.de\/reiseblog\/wp-content\/uploads\/2022\/06\/20220609_203459-1536x1536.jpg 1536w, https:\/\/gothein.de\/reiseblog\/wp-content\/uploads\/2022\/06\/20220609_203459-2048x2048.jpg 2048w, https:\/\/gothein.de\/reiseblog\/wp-content\/uploads\/2022\/06\/20220609_203459-60x60.jpg 60w\" sizes=\"auto, (max-width: 2560px) 100vw, 2560px\" \/><\/figure>\n\n\n\n<p>Leider sind die Radwege nun wieder nicht mehr so gut. Split oder Waldboden durch die K\u00fcstenw\u00e4lder. Sowohl in K\u00fchlungsborn als auch in Heiligendamm steht zwischen den mond\u00e4nen Hotelburgen oder Ferienwohnungsarealen auch wieder die ein oder andere Ruine. In Heiligendamm sehe ich dann auch keine Politprominenz sondern muss im Hinterrad den Schlauch tauschen. Ein kleiner Kiesel hat sich durch den neuen Schwalbe Pro One durchgearbeitet. Wollen wir mal hoffen, dass das h\u00e4lt, denn die Wege sind teilweise leider oft weiterhin auf diesem Niveau. <\/p>\n\n\n\n<p>Schlie\u00dflich erreichen wir Warnem\u00fcnde, ich habe aber ein Appartement in Rostock reserviert. Das sind noch 20 Kilometer und es ist schon sp\u00e4t. F\u00fcr die F\u00e4hrfahrt bei Priwall haben wir das 9 Euro Ticket gekauft und das gilt nun auch f\u00fcr die S-Bahn, die uns von Warnem\u00fcnde nach Rostock bringt und von dort suchen wir dann das Appartement in der faulen Stra\u00dfe in Hafenn\u00e4he. <\/p>\n\n\n\n<figure class=\"wp-block-image\"><img loading=\"lazy\" decoding=\"async\" width=\"2560\" height=\"2560\" src=\"https:\/\/gothein.de\/reiseblog\/wp-content\/uploads\/2022\/06\/20220609_201653-scaled.jpg\" alt=\"\" class=\"wp-image-4850\" srcset=\"https:\/\/gothein.de\/reiseblog\/wp-content\/uploads\/2022\/06\/20220609_201653-scaled.jpg 2560w, https:\/\/gothein.de\/reiseblog\/wp-content\/uploads\/2022\/06\/20220609_201653-300x300.jpg 300w, https:\/\/gothein.de\/reiseblog\/wp-content\/uploads\/2022\/06\/20220609_201653-1024x1024.jpg 1024w, https:\/\/gothein.de\/reiseblog\/wp-content\/uploads\/2022\/06\/20220609_201653-150x150.jpg 150w, https:\/\/gothein.de\/reiseblog\/wp-content\/uploads\/2022\/06\/20220609_201653-768x768.jpg 768w, https:\/\/gothein.de\/reiseblog\/wp-content\/uploads\/2022\/06\/20220609_201653-1536x1536.jpg 1536w, https:\/\/gothein.de\/reiseblog\/wp-content\/uploads\/2022\/06\/20220609_201653-2048x2048.jpg 2048w, https:\/\/gothein.de\/reiseblog\/wp-content\/uploads\/2022\/06\/20220609_201653-60x60.jpg 60w\" sizes=\"auto, (max-width: 2560px) 100vw, 2560px\" \/><\/figure>\n\n\n\n<p>Das Wetter hat sich w\u00e4hrend des ganzen Tages verbessert und wir haben das Gef\u00fchl am Ende eher ein bisschen zu viel Sonne erwischt zu haben. In der Altstadt von Rostock gibt es wieder einige der typischen Speicherarchitekturgeb\u00e4ude aber das Erscheinungsbild des Ortes ist weit weniger homogen als das von Wismar. In der Kogge in Hafenn\u00e4he gibt es sehr leckere Fischgerichte und wir sind im oberen Stock am kleinen Dreiertisch \u00fcber der Theke ganz alleine. <\/p>\n\n\n\n<figure class=\"wp-block-image\"><img loading=\"lazy\" decoding=\"async\" width=\"2560\" height=\"2560\" src=\"https:\/\/gothein.de\/reiseblog\/wp-content\/uploads\/2022\/06\/20220609_203733-scaled.jpg\" alt=\"\" class=\"wp-image-4851\" srcset=\"https:\/\/gothein.de\/reiseblog\/wp-content\/uploads\/2022\/06\/20220609_203733-scaled.jpg 2560w, https:\/\/gothein.de\/reiseblog\/wp-content\/uploads\/2022\/06\/20220609_203733-300x300.jpg 300w, https:\/\/gothein.de\/reiseblog\/wp-content\/uploads\/2022\/06\/20220609_203733-1024x1024.jpg 1024w, https:\/\/gothein.de\/reiseblog\/wp-content\/uploads\/2022\/06\/20220609_203733-150x150.jpg 150w, https:\/\/gothein.de\/reiseblog\/wp-content\/uploads\/2022\/06\/20220609_203733-768x768.jpg 768w, https:\/\/gothein.de\/reiseblog\/wp-content\/uploads\/2022\/06\/20220609_203733-1536x1536.jpg 1536w, https:\/\/gothein.de\/reiseblog\/wp-content\/uploads\/2022\/06\/20220609_203733-2048x2048.jpg 2048w, https:\/\/gothein.de\/reiseblog\/wp-content\/uploads\/2022\/06\/20220609_203733-60x60.jpg 60w\" sizes=\"auto, (max-width: 2560px) 100vw, 2560px\" \/><\/figure>\n\n\n\n<p>71 km mit 320 H\u00f6henmetern waren es bis Warnem\u00fcnde von wo wir dann in  die S-Bahn gestiegen sind. Insbesondere rund um den Hafen hat Warnem\u00fcnde einen sehr lebhaften interessanten Eindruck vermittelt, w\u00e4hrend die gr\u00f6\u00dferen St\u00e4dte &#8211; L\u00fcbeck, Wismar, Rostock &#8211; weniger lebhaft wirken. <\/p>\n\n\n\n        <div id=\"map_ol3js_1\"\n             class=\"map undefined\"\n             data-map_name=\"undefined\"\n             data-map=\"map_ol3js_1\"\n             style=\"width:100%;\n                    max-width:100%;\n                    height:450px;\n                    display:block;\n                    overflow:hidden;\n                    border:2px solid grey;\">\n          <div id=\"map_ol3js_1_popup\" class=\"ol-popup\">\n            <a href=\"#\" id=\"map_ol3js_1_popup-closer\" class=\"ol-popup-closer\"><\/a>\n            <div id=\"map_ol3js_1_popup-content\"><\/div>\n          <\/div>\n        <\/div>\n    \n\n\t\t\t\t<script type=\"text\/javascript\">\n\t\t\t\t\ttranslations['openlayer'] = \"open layer\";\n\t\t\t\t\ttranslations['openlayerAtStartup'] = \"open layer at startup\";\n\t\t\t\t\ttranslations['generateLink'] = \"Der Link zur Karte mit ausgew\u00e4hlten Overlays und angezeigtem Ausschnitt\";\n\t\t\t\t\ttranslations['shortDescription'] = \"Kurzbeschreibung\";\n\t\t\t\t\ttranslations['generatedShortCode'] = \"to get a text control link paste this code in your wordpress editor\";\n\t\t\t\t\ttranslations['closeLayer'] = \"close layer\";\n\t\t\t\t\ttranslations['cantGenerateLink'] = \"put this string in the existing map short code to control this map\";\n\t\t\t  <\/script>\n\n\n\t\t\t  <script type=\"text\/javascript\">\n\t\t\t  vectorM['map_ol3js_1'] = [];\n\t        \n        var raster = getTileLayer(\"osm\",\"NoKey\");\t\t\t\n\n\t\t\t  var map_ol3js_1 = new ol.Map({\n\t\t\t\tinteractions: ol.interaction.defaults.defaults({mouseWheelZoom:false}),\n\t\t\t\tlayers: [raster],\n\t\t\t\ttarget: \"map_ol3js_1\",\n\t\t\t\tview: new ol.View({\n\t\t\t\t  center: ol.proj.transform([11.776412,54.037166], \"EPSG:4326\", \"EPSG:3857\"),\n\t\t\t\t  zoom: 9.275916\n\t\t\t\t})\n\t\t\t  });\n\t\t\t  \n    var style0 = {\n      \"Point\": [new ol.style.Style({\n\n          image: new ol.style.Icon({\n            anchor: [0.5, 41],\n            anchorXUnits: \"fraction\",\n            anchorYUnits: \"pixels\",\n            opacity: 0.75,\n            src: \"https:\/\/gothein.de\/reiseblog\/wp-content\/plugins\/osm\/icons\/mic_blue_pinother_02.png\"\n          })\n      })],\n\n      \"LineString\": [new ol.style.Style({\n        stroke: new ol.style.Stroke({\n          color: \"blue\",\n          width: 8\n        })\n      })],\n      \"MultiLineString\": [new ol.style.Style({\n        stroke: new ol.style.Stroke({\n          color: \"blue\",\n          width: 4\n        })\n      })]\n    };\n\t\t  var vectorL0 = new ol.layer.Vector({\n\t\t\t\tsource: new ol.source.Vector({\n\t\t\t\turl:\"\/reiseblog\/wp-content\/uploads\/gpx\/20220609_Wismar_Rostock.gpx\",\n\t\t\t\tformat: new ol.format.GPX({\n\t\t\t\t\textractStyles: false\n\t\t\t\t})\n\t\t\t}),\n\t\t\tzIndex: 92,\n\t\t\tstyle: function(feature, resolution) {return style0[feature.getGeometry().getType()];}\n\t\t  });\n\t\t  map_ol3js_1.addLayer(vectorL0);addControls2Map(map_ol3js_1,0,0,3,1,5,6,7,0,1);\nosm_addPopupClickhandler(map_ol3js_1,  \"map_ol3js_1\"); \nosm_addMouseHover(map_ol3js_1); <\/script>\n","protected":false},"excerpt":{"rendered":"<p>In Wismar haben wir, wie bereits erw\u00e4hnt, ein sehr sch\u00f6nes Hotelzimmer. Die notwendige Bettschwere ist eigentlich gegeben, aber der Regen klopft nachts ziemlich h\u00f6rbar auf die Fensterbretter. Auch das Fr\u00fchst\u00fcck im Hotel ist sehr gut. Interessant sind die kulturellen Nuancen im Verhalten der Leute. Maske ist hier im Nordosten v\u00f6llig out. wer eine tr\u00e4gt kassiert [&hellip;]<\/p>\n","protected":false},"author":1,"featured_media":0,"comment_status":"open","ping_status":"open","sticky":false,"template":"","format":"standard","meta":{"ngg_post_thumbnail":0,"_jetpack_memberships_contains_paid_content":false,"footnotes":""},"categories":[1],"tags":[198,199,200],"class_list":["post-4852","post","type-post","status-publish","format-standard","hentry","category-allgemein","tag-mecklenburg-vorpommern","tag-rostock","tag-wismar"],"jetpack_featured_media_url":"","jetpack_sharing_enabled":true,"_links":{"self":[{"href":"https:\/\/gothein.de\/reiseblog\/wp-json\/wp\/v2\/posts\/4852","targetHints":{"allow":["GET"]}}],"collection":[{"href":"https:\/\/gothein.de\/reiseblog\/wp-json\/wp\/v2\/posts"}],"about":[{"href":"https:\/\/gothein.de\/reiseblog\/wp-json\/wp\/v2\/types\/post"}],"author":[{"embeddable":true,"href":"https:\/\/gothein.de\/reiseblog\/wp-json\/wp\/v2\/users\/1"}],"replies":[{"embeddable":true,"href":"https:\/\/gothein.de\/reiseblog\/wp-json\/wp\/v2\/comments?post=4852"}],"version-history":[{"count":0,"href":"https:\/\/gothein.de\/reiseblog\/wp-json\/wp\/v2\/posts\/4852\/revisions"}],"wp:attachment":[{"href":"https:\/\/gothein.de\/reiseblog\/wp-json\/wp\/v2\/media?parent=4852"}],"wp:term":[{"taxonomy":"category","embeddable":true,"href":"https:\/\/gothein.de\/reiseblog\/wp-json\/wp\/v2\/categories?post=4852"},{"taxonomy":"post_tag","embeddable":true,"href":"https:\/\/gothein.de\/reiseblog\/wp-json\/wp\/v2\/tags?post=4852"}],"curies":[{"name":"wp","href":"https:\/\/api.w.org\/{rel}","templated":true}]}}