

{"id":4845,"date":"2022-06-08T18:23:13","date_gmt":"2022-06-08T16:23:13","guid":{"rendered":"https:\/\/gothein.de\/reiseblog\/?p=4845"},"modified":"2022-10-18T15:46:10","modified_gmt":"2022-10-18T13:46:10","slug":"von-luebeck-nach-wismar","status":"publish","type":"post","link":"https:\/\/gothein.de\/reiseblog\/2022\/06\/08\/von-luebeck-nach-wismar\/","title":{"rendered":"Von L\u00fcbeck nach Wismar"},"content":{"rendered":"\n<p><\/p>\n\n\n\n<p>Gestern sind wir mit den R\u00e4dern nach L\u00fcbeck angereist. Ein paar Etappen auf dem Ostseeradweg sind geplant. Wir starten mit einem Spaziergang durch die Altstadt von L\u00fcbeck, die ziemlich ausgestorben wirkt. Die gigantischen Bauten Dom, Rathaus aber auch die anderen Kirchen k\u00f6nnen somit weitgehend ohne weitere Besucher betrachtet werden. Ein paar Jugendliche machen im Kreuzgang der Marienkirche Party. Das Essen im afghanischen Restaurant ist eine echte Empfehlung. <\/p>\n\n\n\n<figure class=\"wp-block-image size-large is-resized\"><img loading=\"lazy\" decoding=\"async\" src=\"https:\/\/gothein.de\/reiseblog\/wp-content\/uploads\/2022\/06\/20220608_183552-576x1024.jpg\" alt=\"\" class=\"wp-image-4844\" width=\"713\" height=\"1268\" srcset=\"https:\/\/gothein.de\/reiseblog\/wp-content\/uploads\/2022\/06\/20220608_183552-576x1024.jpg 576w, https:\/\/gothein.de\/reiseblog\/wp-content\/uploads\/2022\/06\/20220608_183552-169x300.jpg 169w, https:\/\/gothein.de\/reiseblog\/wp-content\/uploads\/2022\/06\/20220608_183552-768x1365.jpg 768w, https:\/\/gothein.de\/reiseblog\/wp-content\/uploads\/2022\/06\/20220608_183552-864x1536.jpg 864w, https:\/\/gothein.de\/reiseblog\/wp-content\/uploads\/2022\/06\/20220608_183552-1152x2048.jpg 1152w, https:\/\/gothein.de\/reiseblog\/wp-content\/uploads\/2022\/06\/20220608_183552-scaled.jpg 1440w\" sizes=\"auto, (max-width: 713px) 100vw, 713px\" \/><\/figure>\n\n\n\n<p>Es gibt dann auch noch das Willi Brandt und das G\u00fcnther Grass Haus. Die Hinterh\u00f6fe bilden in L\u00fcbeck eine eigene interessante Wohnwelt auch wenn einzelne Bewohner vielleicht manchmal ein bisschen zur\u00fcckhaltend sind. <\/p>\n\n\n\n<figure class=\"wp-block-image\"><img loading=\"lazy\" decoding=\"async\" width=\"1440\" height=\"2560\" src=\"https:\/\/gothein.de\/reiseblog\/wp-content\/uploads\/2022\/06\/20220608_185041-scaled.jpg\" alt=\"\" class=\"wp-image-4842\" srcset=\"https:\/\/gothein.de\/reiseblog\/wp-content\/uploads\/2022\/06\/20220608_185041-scaled.jpg 1440w, https:\/\/gothein.de\/reiseblog\/wp-content\/uploads\/2022\/06\/20220608_185041-169x300.jpg 169w, https:\/\/gothein.de\/reiseblog\/wp-content\/uploads\/2022\/06\/20220608_185041-576x1024.jpg 576w, https:\/\/gothein.de\/reiseblog\/wp-content\/uploads\/2022\/06\/20220608_185041-768x1365.jpg 768w, https:\/\/gothein.de\/reiseblog\/wp-content\/uploads\/2022\/06\/20220608_185041-864x1536.jpg 864w, https:\/\/gothein.de\/reiseblog\/wp-content\/uploads\/2022\/06\/20220608_185041-1152x2048.jpg 1152w\" sizes=\"auto, (max-width: 1440px) 100vw, 1440px\" \/><\/figure>\n\n\n\n<p>Das kleine Baltic Hotel am Bahnhof ist wirklich gut organisiert. Unsere R\u00e4der stehen sicher in der Garage und das Fr\u00fchst\u00fcck ist sehr in Ordnung. Der Weg aus L\u00fcbeck heraus gestaltet sich erfreulicher Weise  wenig kompliziert nur auf dem Radweg nach Travem\u00fcnde landen wir zun\u00e4chst auf einer holprigen Schotterstrecke um dann auf Nebenstra\u00dfen (asphaltiert) Travem\u00fcnde zu erreichen. Die Promenade von Travem\u00fcnde, die vorderste Reihe (Vorderreihe) bestand urspr\u00fcnglich aus vornehmen Ferienh\u00e4usern und ist jetzt halt eine typische Promenade. <\/p>\n\n\n\n<p>Nach Priwall setzen wir mit der F\u00e4hre \u00fcber (mit 9 Euro Ticket). Von Priwall geht es weiter \u00fcber schottrige Radwege. Der Anteil an Schotterwegen ist ziemlich hoch und damit nur bedingt f\u00fcr Rennradreifen geeignet. <\/p>\n\n\n\n<p>Wer denkt, dass an der Ostsee alles flach ist, der hat sich get\u00e4uscht. Es ist ziemlich wellig mit ganz kurzen steilen Anstiegen. Man sammelt ein paar H\u00f6henmeter. Steil  und schottrig, das kostet Zeit, so sind wir eher mit gem\u00fctlichem Schnitt unterwegs.  Bis zum Ostseebad Boltenhagen und auch danach ist das alles ok, wenngleich in den Orten ziemliche Aggressionen bei Autofahrern zu sp\u00fcren sind. Im Kreisel schneidet mich eine VW Bus Fahrerin ziemlich \u00fcbel und irgendeiner \u00fcberholt v\u00f6llig sinnlos in den Gegenverkehr, weil ein paar E-Biker offensichtlich zu langsam f\u00fcr ihn sind. <\/p>\n\n\n\n<figure class=\"wp-block-image\"><img loading=\"lazy\" decoding=\"async\" width=\"2560\" height=\"2560\" src=\"https:\/\/gothein.de\/reiseblog\/wp-content\/uploads\/2022\/06\/20220608_185305-scaled.jpg\" alt=\"\" class=\"wp-image-4843\" srcset=\"https:\/\/gothein.de\/reiseblog\/wp-content\/uploads\/2022\/06\/20220608_185305-scaled.jpg 2560w, https:\/\/gothein.de\/reiseblog\/wp-content\/uploads\/2022\/06\/20220608_185305-300x300.jpg 300w, https:\/\/gothein.de\/reiseblog\/wp-content\/uploads\/2022\/06\/20220608_185305-1024x1024.jpg 1024w, https:\/\/gothein.de\/reiseblog\/wp-content\/uploads\/2022\/06\/20220608_185305-150x150.jpg 150w, https:\/\/gothein.de\/reiseblog\/wp-content\/uploads\/2022\/06\/20220608_185305-768x768.jpg 768w, https:\/\/gothein.de\/reiseblog\/wp-content\/uploads\/2022\/06\/20220608_185305-1536x1536.jpg 1536w, https:\/\/gothein.de\/reiseblog\/wp-content\/uploads\/2022\/06\/20220608_185305-2048x2048.jpg 2048w, https:\/\/gothein.de\/reiseblog\/wp-content\/uploads\/2022\/06\/20220608_185305-60x60.jpg 60w\" sizes=\"auto, (max-width: 2560px) 100vw, 2560px\" \/><\/figure>\n\n\n\n<p>Nach Boltenhagen zieht es zu und obwohl wir Gas geben holt uns ca. 10 Kilometer vor Wismar der Regen ein. Am Anfang ein paar Tropfen, dann ziehen wir die Regenjacken an und dann str\u00f6mt es doch richtig. In Wismar klart es wieder auf, blauer Himmel, aber wir sind nass. <\/p>\n\n\n\n<p>Im Hotel am alten Hafen, k\u00f6nnen wir erstmal die R\u00e4der wieder in einer Garage sicher  unterstellen,  die Zimmer sind super und wir machen einen kleinen Spaziergang durch die Stadt. Wismar ist ja Kulturerbe und es sind viele urspr\u00fcngliche und sch\u00f6ne Hanse-Architektur-H\u00e4user zu sehen. Die Gesch\u00e4fte sind allerdings schon meist zu und einige  Restaurants  schlie\u00dfen teilweise um 19h. Der  Italiener, bei dem wir ob guter Bewertung landen, offeriert dann auch nur noch Pizza.<\/p>\n\n\n\n<figure class=\"wp-block-image\"><img loading=\"lazy\" decoding=\"async\" width=\"1440\" height=\"2560\" src=\"https:\/\/gothein.de\/reiseblog\/wp-content\/uploads\/2022\/06\/20220608_185736-scaled.jpg\" alt=\"\" class=\"wp-image-4841\" srcset=\"https:\/\/gothein.de\/reiseblog\/wp-content\/uploads\/2022\/06\/20220608_185736-scaled.jpg 1440w, https:\/\/gothein.de\/reiseblog\/wp-content\/uploads\/2022\/06\/20220608_185736-169x300.jpg 169w, https:\/\/gothein.de\/reiseblog\/wp-content\/uploads\/2022\/06\/20220608_185736-576x1024.jpg 576w, https:\/\/gothein.de\/reiseblog\/wp-content\/uploads\/2022\/06\/20220608_185736-768x1365.jpg 768w, https:\/\/gothein.de\/reiseblog\/wp-content\/uploads\/2022\/06\/20220608_185736-864x1536.jpg 864w, https:\/\/gothein.de\/reiseblog\/wp-content\/uploads\/2022\/06\/20220608_185736-1152x2048.jpg 1152w\" sizes=\"auto, (max-width: 1440px) 100vw, 1440px\" \/><\/figure>\n\n\n\n<p>80 km sind wir gefahren und haben 450 H\u00f6henmeter \u00fcberwunden.<\/p>\n\n\n\n        <div id=\"map_ol3js_1\"\n             class=\"map undefined\"\n             data-map_name=\"undefined\"\n             data-map=\"map_ol3js_1\"\n             style=\"width:100%;\n                    max-width:100%;\n                    height:450px;\n                    display:block;\n                    overflow:hidden;\n                    border:2px solid grey;\">\n          <div id=\"map_ol3js_1_popup\" class=\"ol-popup\">\n            <a href=\"#\" id=\"map_ol3js_1_popup-closer\" class=\"ol-popup-closer\"><\/a>\n            <div id=\"map_ol3js_1_popup-content\"><\/div>\n          <\/div>\n        <\/div>\n    \n\n\t\t\t\t<script type=\"text\/javascript\">\n\t\t\t\t\ttranslations['openlayer'] = \"open layer\";\n\t\t\t\t\ttranslations['openlayerAtStartup'] = \"open layer at startup\";\n\t\t\t\t\ttranslations['generateLink'] = \"Der Link zur Karte mit ausgew\u00e4hlten Overlays und angezeigtem Ausschnitt\";\n\t\t\t\t\ttranslations['shortDescription'] = \"Kurzbeschreibung\";\n\t\t\t\t\ttranslations['generatedShortCode'] = \"to get a text control link paste this code in your wordpress editor\";\n\t\t\t\t\ttranslations['closeLayer'] = \"close layer\";\n\t\t\t\t\ttranslations['cantGenerateLink'] = \"put this string in the existing map short code to control this map\";\n\t\t\t  <\/script>\n\n\n\t\t\t  <script type=\"text\/javascript\">\n\t\t\t  vectorM['map_ol3js_1'] = [];\n\t        \n        var raster = getTileLayer(\"osm\",\"NoKey\");\t\t\t\n\n\t\t\t  var map_ol3js_1 = new ol.Map({\n\t\t\t\tinteractions: ol.interaction.defaults.defaults({mouseWheelZoom:false}),\n\t\t\t\tlayers: [raster],\n\t\t\t\ttarget: \"map_ol3js_1\",\n\t\t\t\tview: new ol.View({\n\t\t\t\t  center: ol.proj.transform([11.068031,53.939348], \"EPSG:4326\", \"EPSG:3857\"),\n\t\t\t\t  zoom: 9.196034\n\t\t\t\t})\n\t\t\t  });\n\t\t\t  \n    var style0 = {\n      \"Point\": [new ol.style.Style({\n\n          image: new ol.style.Icon({\n            anchor: [0.5, 41],\n            anchorXUnits: \"fraction\",\n            anchorYUnits: \"pixels\",\n            opacity: 0.75,\n            src: \"https:\/\/gothein.de\/reiseblog\/wp-content\/plugins\/osm\/icons\/mic_blue_pinother_02.png\"\n          })\n      })],\n\n      \"LineString\": [new ol.style.Style({\n        stroke: new ol.style.Stroke({\n          color: \"blue\",\n          width: 8\n        })\n      })],\n      \"MultiLineString\": [new ol.style.Style({\n        stroke: new ol.style.Stroke({\n          color: \"blue\",\n          width: 4\n        })\n      })]\n    };\n\t\t  var vectorL0 = new ol.layer.Vector({\n\t\t\t\tsource: new ol.source.Vector({\n\t\t\t\turl:\"\/reiseblog\/wp-content\/uploads\/gpx\/20220608_Luebeck_Wismar.gpx\",\n\t\t\t\tformat: new ol.format.GPX({\n\t\t\t\t\textractStyles: false\n\t\t\t\t})\n\t\t\t}),\n\t\t\tzIndex: 92,\n\t\t\tstyle: function(feature, resolution) {return style0[feature.getGeometry().getType()];}\n\t\t  });\n\t\t  map_ol3js_1.addLayer(vectorL0);addControls2Map(map_ol3js_1,0,0,3,1,5,6,7,0,1);\nosm_addPopupClickhandler(map_ol3js_1,  \"map_ol3js_1\"); \nosm_addMouseHover(map_ol3js_1); <\/script>\n","protected":false},"excerpt":{"rendered":"<p>Gestern sind wir mit den R\u00e4dern nach L\u00fcbeck angereist. Ein paar Etappen auf dem Ostseeradweg sind geplant. Wir starten mit einem Spaziergang durch die Altstadt von L\u00fcbeck, die ziemlich ausgestorben wirkt. Die gigantischen Bauten Dom, Rathaus aber auch die anderen Kirchen k\u00f6nnen somit weitgehend ohne weitere Besucher betrachtet werden. Ein paar Jugendliche machen im Kreuzgang [&hellip;]<\/p>\n","protected":false},"author":1,"featured_media":0,"comment_status":"open","ping_status":"open","sticky":false,"template":"","format":"standard","meta":{"ngg_post_thumbnail":0,"_jetpack_memberships_contains_paid_content":false,"footnotes":""},"categories":[1],"tags":[201,198,202,200],"class_list":["post-4845","post","type-post","status-publish","format-standard","hentry","category-allgemein","tag-luebeck","tag-mecklenburg-vorpommern","tag-schleswig-holstein","tag-wismar"],"jetpack_featured_media_url":"","jetpack_sharing_enabled":true,"_links":{"self":[{"href":"https:\/\/gothein.de\/reiseblog\/wp-json\/wp\/v2\/posts\/4845","targetHints":{"allow":["GET"]}}],"collection":[{"href":"https:\/\/gothein.de\/reiseblog\/wp-json\/wp\/v2\/posts"}],"about":[{"href":"https:\/\/gothein.de\/reiseblog\/wp-json\/wp\/v2\/types\/post"}],"author":[{"embeddable":true,"href":"https:\/\/gothein.de\/reiseblog\/wp-json\/wp\/v2\/users\/1"}],"replies":[{"embeddable":true,"href":"https:\/\/gothein.de\/reiseblog\/wp-json\/wp\/v2\/comments?post=4845"}],"version-history":[{"count":0,"href":"https:\/\/gothein.de\/reiseblog\/wp-json\/wp\/v2\/posts\/4845\/revisions"}],"wp:attachment":[{"href":"https:\/\/gothein.de\/reiseblog\/wp-json\/wp\/v2\/media?parent=4845"}],"wp:term":[{"taxonomy":"category","embeddable":true,"href":"https:\/\/gothein.de\/reiseblog\/wp-json\/wp\/v2\/categories?post=4845"},{"taxonomy":"post_tag","embeddable":true,"href":"https:\/\/gothein.de\/reiseblog\/wp-json\/wp\/v2\/tags?post=4845"}],"curies":[{"name":"wp","href":"https:\/\/api.w.org\/{rel}","templated":true}]}}