

{"id":4538,"date":"2022-04-11T23:10:38","date_gmt":"2022-04-11T21:10:38","guid":{"rendered":"https:\/\/gothein.de\/reiseblog\/?p=4538"},"modified":"2022-04-12T10:04:31","modified_gmt":"2022-04-12T08:04:31","slug":"nach-malaucene","status":"publish","type":"post","link":"https:\/\/gothein.de\/reiseblog\/2022\/04\/11\/nach-malaucene\/","title":{"rendered":"Nach Malauc\u00e8ne"},"content":{"rendered":"\n<p>Quartierwechsel; wir hatten versucht noch einmal 2 Tage zu verl\u00e4ngern aber war schon belegt. Noch einmal f\u00fcr zwei Tage ein neues Domizil am Fu\u00df des Mont Ventoux haben wir in Maluc\u00e8ne ein wundersch\u00f6nes Appartement in der Stadtmitte. Im zweiten Stock allerdings. <\/p>\n\n\n\n<p>Zwischenstation haben wir in Pernes les Fontaines gemacht. Es gibt dort 41 Brunnen. Wir haben nur circa 10 gefunden. Hier eine Auswahl von sechs. <\/p>\n\n\n\n<figure class=\"wp-block-image size-large\"><img loading=\"lazy\" decoding=\"async\" width=\"1024\" height=\"1024\" src=\"https:\/\/gothein.de\/reiseblog\/wp-content\/uploads\/2022\/04\/20220411_195400-1024x1024.jpg\" alt=\"\" class=\"wp-image-4535\" srcset=\"https:\/\/gothein.de\/reiseblog\/wp-content\/uploads\/2022\/04\/20220411_195400-1024x1024.jpg 1024w, https:\/\/gothein.de\/reiseblog\/wp-content\/uploads\/2022\/04\/20220411_195400-300x300.jpg 300w, https:\/\/gothein.de\/reiseblog\/wp-content\/uploads\/2022\/04\/20220411_195400-150x150.jpg 150w, https:\/\/gothein.de\/reiseblog\/wp-content\/uploads\/2022\/04\/20220411_195400-768x768.jpg 768w, https:\/\/gothein.de\/reiseblog\/wp-content\/uploads\/2022\/04\/20220411_195400-1536x1536.jpg 1536w, https:\/\/gothein.de\/reiseblog\/wp-content\/uploads\/2022\/04\/20220411_195400-2048x2048.jpg 2048w, https:\/\/gothein.de\/reiseblog\/wp-content\/uploads\/2022\/04\/20220411_195400-60x60.jpg 60w\" sizes=\"auto, (max-width: 1024px) 100vw, 1024px\" \/><\/figure>\n\n\n\n<p>Es gibt auch noch eine ganze Menge anderer sch\u00f6ner Dinge zu sehen. Interessant diese Holzskulpturen und die Br\u00fccke \u00fcber die Nesque. Durch die zugeh\u00f6rige Schlucht bin ich zuvor geradelt. Witzig, auf dem Bild unten in der Mitte das ist ein gemalter Brunnen an die Hauswand \u00fcber einem h\u00e4sslichen Sicherungskasten. Wei\u00df nicht ob der zu den 41 Brunnen mit z\u00e4hlt. Wir nehmen uns nicht viel Zeit, da uns unsere neuen Gastgeber bereits zu Mittag erwarten, so dass wir schon fr\u00fch in die Wohnung k\u00f6nnen. <\/p>\n\n\n\n<figure class=\"wp-block-image\"><img loading=\"lazy\" decoding=\"async\" width=\"2560\" height=\"2560\" src=\"https:\/\/gothein.de\/reiseblog\/wp-content\/uploads\/2022\/04\/20220411_195851-scaled.jpg\" alt=\"\" class=\"wp-image-4536\" srcset=\"https:\/\/gothein.de\/reiseblog\/wp-content\/uploads\/2022\/04\/20220411_195851-scaled.jpg 2560w, https:\/\/gothein.de\/reiseblog\/wp-content\/uploads\/2022\/04\/20220411_195851-300x300.jpg 300w, https:\/\/gothein.de\/reiseblog\/wp-content\/uploads\/2022\/04\/20220411_195851-1024x1024.jpg 1024w, https:\/\/gothein.de\/reiseblog\/wp-content\/uploads\/2022\/04\/20220411_195851-150x150.jpg 150w, https:\/\/gothein.de\/reiseblog\/wp-content\/uploads\/2022\/04\/20220411_195851-768x768.jpg 768w, https:\/\/gothein.de\/reiseblog\/wp-content\/uploads\/2022\/04\/20220411_195851-1536x1536.jpg 1536w, https:\/\/gothein.de\/reiseblog\/wp-content\/uploads\/2022\/04\/20220411_195851-2048x2048.jpg 2048w, https:\/\/gothein.de\/reiseblog\/wp-content\/uploads\/2022\/04\/20220411_195851-60x60.jpg 60w\" sizes=\"auto, (max-width: 2560px) 100vw, 2560px\" \/><\/figure>\n\n\n\n<p>In Malcauc\u00e8ne werden wir sehr herzlich empfangen. Tolles Appartement, frisch renoviert, nur die Treppe, um die Fahrr\u00e4der im Flur auf der ersten Etage zu platzieren, ist sehr steil. <\/p>\n\n\n\n<p>Eine Wanderung ist noch drin.  Die zieht sich allerdings \u00fcber steile Schotterwege durch Kiefernw\u00e4lder \u00fcber 12 km und knapp 600 H\u00f6henmeter ziemlich. Es ist leicht bedeckt und wenn man aus dem Wald kommt ziemliche windig. Es gibt wenige Attraktionen, nach steilem Aufstieg als erstes eine winzige geschlossene Kapelle mit drei Kreuzen davor. Gegen Ende gibt es noch die Quelle der Groseau und die romanische Kapelle (Notre Dame de Groseau) auch geschlossen und eher  verwahrlost aber fr\u00fcher offensichtlich wichtiger Ort f\u00fcr die Avignon P\u00e4pste. <\/p>\n\n\n\n<figure class=\"wp-block-image\"><img loading=\"lazy\" decoding=\"async\" width=\"2560\" height=\"2560\" src=\"https:\/\/gothein.de\/reiseblog\/wp-content\/uploads\/2022\/04\/20220411_215459-scaled.jpg\" alt=\"\" class=\"wp-image-4537\" srcset=\"https:\/\/gothein.de\/reiseblog\/wp-content\/uploads\/2022\/04\/20220411_215459-scaled.jpg 2560w, https:\/\/gothein.de\/reiseblog\/wp-content\/uploads\/2022\/04\/20220411_215459-300x300.jpg 300w, https:\/\/gothein.de\/reiseblog\/wp-content\/uploads\/2022\/04\/20220411_215459-1024x1024.jpg 1024w, https:\/\/gothein.de\/reiseblog\/wp-content\/uploads\/2022\/04\/20220411_215459-150x150.jpg 150w, https:\/\/gothein.de\/reiseblog\/wp-content\/uploads\/2022\/04\/20220411_215459-768x768.jpg 768w, https:\/\/gothein.de\/reiseblog\/wp-content\/uploads\/2022\/04\/20220411_215459-1536x1536.jpg 1536w, https:\/\/gothein.de\/reiseblog\/wp-content\/uploads\/2022\/04\/20220411_215459-2048x2048.jpg 2048w, https:\/\/gothein.de\/reiseblog\/wp-content\/uploads\/2022\/04\/20220411_215459-60x60.jpg 60w\" sizes=\"auto, (max-width: 2560px) 100vw, 2560px\" \/><\/figure>\n\n\n\n<p>\u00dcber 12 km waren 550 H\u00f6henmeter zu bew\u00e4ltigen.<\/p>\n\n\n\n        <div id=\"map_ol3js_1\"\n             class=\"map undefined\"\n             data-map_name=\"undefined\"\n             data-map=\"map_ol3js_1\"\n             style=\"width:100%;\n                    max-width:100%;\n                    height:450px;\n                    display:block;\n                    overflow:hidden;\n                    border:2px solid grey;\">\n          <div id=\"map_ol3js_1_popup\" class=\"ol-popup\">\n            <a href=\"#\" id=\"map_ol3js_1_popup-closer\" class=\"ol-popup-closer\"><\/a>\n            <div id=\"map_ol3js_1_popup-content\"><\/div>\n          <\/div>\n        <\/div>\n    \n\n\t\t\t\t<script type=\"text\/javascript\">\n\t\t\t\t\ttranslations['openlayer'] = \"open layer\";\n\t\t\t\t\ttranslations['openlayerAtStartup'] = \"open layer at startup\";\n\t\t\t\t\ttranslations['generateLink'] = \"Der Link zur Karte mit ausgew\u00e4hlten Overlays und angezeigtem Ausschnitt\";\n\t\t\t\t\ttranslations['shortDescription'] = \"Kurzbeschreibung\";\n\t\t\t\t\ttranslations['generatedShortCode'] = \"to get a text control link paste this code in your wordpress editor\";\n\t\t\t\t\ttranslations['closeLayer'] = \"close layer\";\n\t\t\t\t\ttranslations['cantGenerateLink'] = \"put this string in the existing map short code to control this map\";\n\t\t\t  <\/script>\n\n\n\t\t\t  <script type=\"text\/javascript\">\n\t\t\t  vectorM['map_ol3js_1'] = [];\n\t        \n        var raster = getTileLayer(\"osm\",\"NoKey\");\t\t\t\n\n\t\t\t  var map_ol3js_1 = new ol.Map({\n\t\t\t\tinteractions: ol.interaction.defaults.defaults({mouseWheelZoom:false}),\n\t\t\t\tlayers: [raster],\n\t\t\t\ttarget: \"map_ol3js_1\",\n\t\t\t\tview: new ol.View({\n\t\t\t\t  center: ol.proj.transform([5.155896,44.166286], \"EPSG:4326\", \"EPSG:3857\"),\n\t\t\t\t  zoom: 13.369856\n\t\t\t\t})\n\t\t\t  });\n\t\t\t  \n    var style0 = {\n      \"Point\": [new ol.style.Style({\n\n          image: new ol.style.Icon({\n            anchor: [0.5, 41],\n            anchorXUnits: \"fraction\",\n            anchorYUnits: \"pixels\",\n            opacity: 0.75,\n            src: \"https:\/\/gothein.de\/reiseblog\/wp-content\/plugins\/osm\/icons\/mic_blue_pinother_02.png\"\n          })\n      })],\n\n      \"LineString\": [new ol.style.Style({\n        stroke: new ol.style.Stroke({\n          color: \"blue\",\n          width: 8\n        })\n      })],\n      \"MultiLineString\": [new ol.style.Style({\n        stroke: new ol.style.Stroke({\n          color: \"blue\",\n          width: 4\n        })\n      })]\n    };\n\t\t  var vectorL0 = new ol.layer.Vector({\n\t\t\t\tsource: new ol.source.Vector({\n\t\t\t\turl:\"\/reiseblog\/wp-content\/uploads\/gpx\/2022041_Malaucene.gpx\",\n\t\t\t\tformat: new ol.format.GPX({\n\t\t\t\t\textractStyles: false\n\t\t\t\t})\n\t\t\t}),\n\t\t\tzIndex: 92,\n\t\t\tstyle: function(feature, resolution) {return style0[feature.getGeometry().getType()];}\n\t\t  });\n\t\t  map_ol3js_1.addLayer(vectorL0);addControls2Map(map_ol3js_1,0,0,3,1,5,6,7,0,1);\nosm_addPopupClickhandler(map_ol3js_1,  \"map_ol3js_1\"); \nosm_addMouseHover(map_ol3js_1); <\/script>\n","protected":false},"excerpt":{"rendered":"<p>Quartierwechsel; wir hatten versucht noch einmal 2 Tage zu verl\u00e4ngern aber war schon belegt. Noch einmal f\u00fcr zwei Tage ein neues Domizil am Fu\u00df des Mont Ventoux haben wir in Maluc\u00e8ne ein wundersch\u00f6nes Appartement in der Stadtmitte. Im zweiten Stock allerdings. Zwischenstation haben wir in Pernes les Fontaines gemacht. Es gibt dort 41 Brunnen. Wir [&hellip;]<\/p>\n","protected":false},"author":1,"featured_media":0,"comment_status":"open","ping_status":"open","sticky":false,"template":"","format":"standard","meta":{"ngg_post_thumbnail":0,"_jetpack_memberships_contains_paid_content":false,"footnotes":""},"categories":[1],"tags":[137,194],"class_list":["post-4538","post","type-post","status-publish","format-standard","hentry","category-allgemein","tag-frankreich","tag-provence"],"jetpack_featured_media_url":"","jetpack_sharing_enabled":true,"_links":{"self":[{"href":"https:\/\/gothein.de\/reiseblog\/wp-json\/wp\/v2\/posts\/4538","targetHints":{"allow":["GET"]}}],"collection":[{"href":"https:\/\/gothein.de\/reiseblog\/wp-json\/wp\/v2\/posts"}],"about":[{"href":"https:\/\/gothein.de\/reiseblog\/wp-json\/wp\/v2\/types\/post"}],"author":[{"embeddable":true,"href":"https:\/\/gothein.de\/reiseblog\/wp-json\/wp\/v2\/users\/1"}],"replies":[{"embeddable":true,"href":"https:\/\/gothein.de\/reiseblog\/wp-json\/wp\/v2\/comments?post=4538"}],"version-history":[{"count":0,"href":"https:\/\/gothein.de\/reiseblog\/wp-json\/wp\/v2\/posts\/4538\/revisions"}],"wp:attachment":[{"href":"https:\/\/gothein.de\/reiseblog\/wp-json\/wp\/v2\/media?parent=4538"}],"wp:term":[{"taxonomy":"category","embeddable":true,"href":"https:\/\/gothein.de\/reiseblog\/wp-json\/wp\/v2\/categories?post=4538"},{"taxonomy":"post_tag","embeddable":true,"href":"https:\/\/gothein.de\/reiseblog\/wp-json\/wp\/v2\/tags?post=4538"}],"curies":[{"name":"wp","href":"https:\/\/api.w.org\/{rel}","templated":true}]}}