

{"id":4532,"date":"2022-04-10T18:52:10","date_gmt":"2022-04-10T16:52:10","guid":{"rendered":"https:\/\/gothein.de\/reiseblog\/?p=4532"},"modified":"2022-04-10T21:18:15","modified_gmt":"2022-04-10T19:18:15","slug":"lisle-sur-la-sorgue-venasque-gordes","status":"publish","type":"post","link":"https:\/\/gothein.de\/reiseblog\/2022\/04\/10\/lisle-sur-la-sorgue-venasque-gordes\/","title":{"rendered":"L&#8217;Isle sur la Sorgue, Venasque, Gordes"},"content":{"rendered":"\n<p>Der heutige Sonntag ist gro\u00dfer Markttag in L&#8217;Isle sur la Sorgue. Schon fr\u00fch ist alles voller St\u00e4nde und die Stadt f\u00fcllt sich mit Touristen. Die Kreisverkehre und die Stra\u00dfen dazwischen rund um die Insel sind ein einziger Stau. Die Menschen dr\u00e4ngen sich durch die Gassen und an Abstand ist nicht zu denken. Ein paar wenige tragen eine medizinische Maske. Das mit den ffp2 Masken hat sich nicht wirklich bis nach Frankreich rumgesprochen. Ziemlich absurd wie kleinste Kommunikationsunterschiede dann ziemlich unterschiedliche und dennoch fanatische Verhaltensweisen hervorrufen.<\/p>\n\n\n\n<p>Kurzum ein guter Tag um eine Tour ganz alleine zu machen. Ich versuche noch einmal der Komoot Tout zu folgen und es gelingt wieder nicht aber ich folge den gr\u00fcnen Fahrradwegweisern und die f\u00fchren mich \u00fcber winzige geteerte Str\u00e4sschen wieder bis zur Fontaine und zuvor unterhalb es Aquaducts. Bei der Fontaine der Vaucluse mache ich nur zwei Fotos an der Br\u00fccke. Heute am Palmsonntag ist dann doch schon einiges mehr los.<\/p>\n\n\n\n<figure class=\"wp-block-image size-large\"><img loading=\"lazy\" decoding=\"async\" width=\"1024\" height=\"1024\" src=\"https:\/\/gothein.de\/reiseblog\/wp-content\/uploads\/2022\/04\/20220410_165538-1024x1024.jpg\" alt=\"\" class=\"wp-image-4530\" srcset=\"https:\/\/gothein.de\/reiseblog\/wp-content\/uploads\/2022\/04\/20220410_165538-1024x1024.jpg 1024w, https:\/\/gothein.de\/reiseblog\/wp-content\/uploads\/2022\/04\/20220410_165538-300x300.jpg 300w, https:\/\/gothein.de\/reiseblog\/wp-content\/uploads\/2022\/04\/20220410_165538-150x150.jpg 150w, https:\/\/gothein.de\/reiseblog\/wp-content\/uploads\/2022\/04\/20220410_165538-768x768.jpg 768w, https:\/\/gothein.de\/reiseblog\/wp-content\/uploads\/2022\/04\/20220410_165538-1536x1536.jpg 1536w, https:\/\/gothein.de\/reiseblog\/wp-content\/uploads\/2022\/04\/20220410_165538-2048x2048.jpg 2048w, https:\/\/gothein.de\/reiseblog\/wp-content\/uploads\/2022\/04\/20220410_165538-60x60.jpg 60w\" sizes=\"auto, (max-width: 1024px) 100vw, 1024px\" \/><\/figure>\n\n\n\n<p>Der Weg nach Venasque ist dann ab Le Beaucet neu. Es geht zun\u00e4chst eine moderate Steigung hoch bis man oben den Mont Ventoux sieht, passiert eine weitere Schlucht. In Venasque gibt es dann ein tolles Panorama wieder auf den Mont Ventoux bei den riesigen Mauern der Stadt. Es sind noch ein paar andere schnellere Rennradler unterwegs. <\/p>\n\n\n\n<figure class=\"wp-block-image\"><img loading=\"lazy\" decoding=\"async\" width=\"2560\" height=\"2560\" src=\"https:\/\/gothein.de\/reiseblog\/wp-content\/uploads\/2022\/04\/20220410_165731-scaled.jpg\" alt=\"\" class=\"wp-image-4529\" srcset=\"https:\/\/gothein.de\/reiseblog\/wp-content\/uploads\/2022\/04\/20220410_165731-scaled.jpg 2560w, https:\/\/gothein.de\/reiseblog\/wp-content\/uploads\/2022\/04\/20220410_165731-300x300.jpg 300w, https:\/\/gothein.de\/reiseblog\/wp-content\/uploads\/2022\/04\/20220410_165731-1024x1024.jpg 1024w, https:\/\/gothein.de\/reiseblog\/wp-content\/uploads\/2022\/04\/20220410_165731-150x150.jpg 150w, https:\/\/gothein.de\/reiseblog\/wp-content\/uploads\/2022\/04\/20220410_165731-768x768.jpg 768w, https:\/\/gothein.de\/reiseblog\/wp-content\/uploads\/2022\/04\/20220410_165731-1536x1536.jpg 1536w, https:\/\/gothein.de\/reiseblog\/wp-content\/uploads\/2022\/04\/20220410_165731-2048x2048.jpg 2048w, https:\/\/gothein.de\/reiseblog\/wp-content\/uploads\/2022\/04\/20220410_165731-60x60.jpg 60w\" sizes=\"auto, (max-width: 2560px) 100vw, 2560px\" \/><\/figure>\n\n\n\n<p>Nach ein bisschen hoch und runter geht es durch die Gorges de Nez. Ein paar hundert H\u00f6henmeter durch eine eindrucksvolle Schlucht, bis es dann auf der H\u00f6he nur noch bergab nach Gordes geht. Auch da ist am Sonntag nun einiges mehr an Menschen geboten. Ich folge nach ein paar Navigationsirrationen der Hauptstra\u00dfe. Nach ca. 4km auf der ziemlich befahrenen D2 f\u00fchrt der Weg dann wieder \u00fcber einsame Stra\u00dfen weiter. <\/p>\n\n\n\n<figure class=\"wp-block-image\"><img loading=\"lazy\" decoding=\"async\" width=\"2560\" height=\"2560\" src=\"https:\/\/gothein.de\/reiseblog\/wp-content\/uploads\/2022\/04\/20220410_165940-scaled.jpg\" alt=\"\" class=\"wp-image-4531\" srcset=\"https:\/\/gothein.de\/reiseblog\/wp-content\/uploads\/2022\/04\/20220410_165940-scaled.jpg 2560w, https:\/\/gothein.de\/reiseblog\/wp-content\/uploads\/2022\/04\/20220410_165940-300x300.jpg 300w, https:\/\/gothein.de\/reiseblog\/wp-content\/uploads\/2022\/04\/20220410_165940-1024x1024.jpg 1024w, https:\/\/gothein.de\/reiseblog\/wp-content\/uploads\/2022\/04\/20220410_165940-150x150.jpg 150w, https:\/\/gothein.de\/reiseblog\/wp-content\/uploads\/2022\/04\/20220410_165940-768x768.jpg 768w, https:\/\/gothein.de\/reiseblog\/wp-content\/uploads\/2022\/04\/20220410_165940-1536x1536.jpg 1536w, https:\/\/gothein.de\/reiseblog\/wp-content\/uploads\/2022\/04\/20220410_165940-2048x2048.jpg 2048w, https:\/\/gothein.de\/reiseblog\/wp-content\/uploads\/2022\/04\/20220410_165940-60x60.jpg 60w\" sizes=\"auto, (max-width: 2560px) 100vw, 2560px\" \/><\/figure>\n\n\n\n<p>Mit allen kleinen Irrungen sind es heute  65 km und 1100 H\u00f6henmeter geworden.<\/p>\n\n\n\n        <div id=\"map_ol3js_1\"\n             class=\"map undefined\"\n             data-map_name=\"undefined\"\n             data-map=\"map_ol3js_1\"\n             style=\"width:100%;\n                    max-width:100%;\n                    height:450px;\n                    display:block;\n                    overflow:hidden;\n                    border:2px solid grey;\">\n          <div id=\"map_ol3js_1_popup\" class=\"ol-popup\">\n            <a href=\"#\" id=\"map_ol3js_1_popup-closer\" class=\"ol-popup-closer\"><\/a>\n            <div id=\"map_ol3js_1_popup-content\"><\/div>\n          <\/div>\n        <\/div>\n    \n\n\t\t\t\t<script type=\"text\/javascript\">\n\t\t\t\t\ttranslations['openlayer'] = \"open layer\";\n\t\t\t\t\ttranslations['openlayerAtStartup'] = \"open layer at startup\";\n\t\t\t\t\ttranslations['generateLink'] = \"Der Link zur Karte mit ausgew\u00e4hlten Overlays und angezeigtem Ausschnitt\";\n\t\t\t\t\ttranslations['shortDescription'] = \"Kurzbeschreibung\";\n\t\t\t\t\ttranslations['generatedShortCode'] = \"to get a text control link paste this code in your wordpress editor\";\n\t\t\t\t\ttranslations['closeLayer'] = \"close layer\";\n\t\t\t\t\ttranslations['cantGenerateLink'] = \"put this string in the existing map short code to control this map\";\n\t\t\t  <\/script>\n\n\n\t\t\t  <script type=\"text\/javascript\">\n\t\t\t  vectorM['map_ol3js_1'] = [];\n\t        \n        var raster = getTileLayer(\"osm\",\"NoKey\");\t\t\t\n\n\t\t\t  var map_ol3js_1 = new ol.Map({\n\t\t\t\tinteractions: ol.interaction.defaults.defaults({mouseWheelZoom:false}),\n\t\t\t\tlayers: [raster],\n\t\t\t\ttarget: \"map_ol3js_1\",\n\t\t\t\tview: new ol.View({\n\t\t\t\t  center: ol.proj.transform([5.130456,43.941214], \"EPSG:4326\", \"EPSG:3857\"),\n\t\t\t\t  zoom: 11.157322\n\t\t\t\t})\n\t\t\t  });\n\t\t\t  \n    var style0 = {\n      \"Point\": [new ol.style.Style({\n\n          image: new ol.style.Icon({\n            anchor: [0.5, 41],\n            anchorXUnits: \"fraction\",\n            anchorYUnits: \"pixels\",\n            opacity: 0.75,\n            src: \"https:\/\/gothein.de\/reiseblog\/wp-content\/plugins\/osm\/icons\/mic_blue_pinother_02.png\"\n          })\n      })],\n\n      \"LineString\": [new ol.style.Style({\n        stroke: new ol.style.Stroke({\n          color: \"blue\",\n          width: 8\n        })\n      })],\n      \"MultiLineString\": [new ol.style.Style({\n        stroke: new ol.style.Stroke({\n          color: \"blue\",\n          width: 4\n        })\n      })]\n    };\n\t\t  var vectorL0 = new ol.layer.Vector({\n\t\t\t\tsource: new ol.source.Vector({\n\t\t\t\turl:\"\/reiseblog\/wp-content\/uploads\/gpx\/20220410_IsleSorgue_Gordes.gpx\",\n\t\t\t\tformat: new ol.format.GPX({\n\t\t\t\t\textractStyles: false\n\t\t\t\t})\n\t\t\t}),\n\t\t\tzIndex: 92,\n\t\t\tstyle: function(feature, resolution) {return style0[feature.getGeometry().getType()];}\n\t\t  });\n\t\t  map_ol3js_1.addLayer(vectorL0);addControls2Map(map_ol3js_1,0,0,3,1,5,6,7,0,1);\nosm_addPopupClickhandler(map_ol3js_1,  \"map_ol3js_1\"); \nosm_addMouseHover(map_ol3js_1); <\/script>\n","protected":false},"excerpt":{"rendered":"<p>Der heutige Sonntag ist gro\u00dfer Markttag in L&#8217;Isle sur la Sorgue. Schon fr\u00fch ist alles voller St\u00e4nde und die Stadt f\u00fcllt sich mit Touristen. Die Kreisverkehre und die Stra\u00dfen dazwischen rund um die Insel sind ein einziger Stau. Die Menschen dr\u00e4ngen sich durch die Gassen und an Abstand ist nicht zu denken. Ein paar wenige [&hellip;]<\/p>\n","protected":false},"author":1,"featured_media":0,"comment_status":"open","ping_status":"open","sticky":false,"template":"","format":"standard","meta":{"ngg_post_thumbnail":0,"_jetpack_memberships_contains_paid_content":false,"footnotes":""},"categories":[1],"tags":[137,194,197],"class_list":["post-4532","post","type-post","status-publish","format-standard","hentry","category-allgemein","tag-frankreich","tag-provence","tag-vaucluse"],"jetpack_featured_media_url":"","jetpack_sharing_enabled":true,"_links":{"self":[{"href":"https:\/\/gothein.de\/reiseblog\/wp-json\/wp\/v2\/posts\/4532","targetHints":{"allow":["GET"]}}],"collection":[{"href":"https:\/\/gothein.de\/reiseblog\/wp-json\/wp\/v2\/posts"}],"about":[{"href":"https:\/\/gothein.de\/reiseblog\/wp-json\/wp\/v2\/types\/post"}],"author":[{"embeddable":true,"href":"https:\/\/gothein.de\/reiseblog\/wp-json\/wp\/v2\/users\/1"}],"replies":[{"embeddable":true,"href":"https:\/\/gothein.de\/reiseblog\/wp-json\/wp\/v2\/comments?post=4532"}],"version-history":[{"count":0,"href":"https:\/\/gothein.de\/reiseblog\/wp-json\/wp\/v2\/posts\/4532\/revisions"}],"wp:attachment":[{"href":"https:\/\/gothein.de\/reiseblog\/wp-json\/wp\/v2\/media?parent=4532"}],"wp:term":[{"taxonomy":"category","embeddable":true,"href":"https:\/\/gothein.de\/reiseblog\/wp-json\/wp\/v2\/categories?post=4532"},{"taxonomy":"post_tag","embeddable":true,"href":"https:\/\/gothein.de\/reiseblog\/wp-json\/wp\/v2\/tags?post=4532"}],"curies":[{"name":"wp","href":"https:\/\/api.w.org\/{rel}","templated":true}]}}