{"id":4518,"date":"2022-04-09T19:07:00","date_gmt":"2022-04-09T17:07:00","guid":{"rendered":"https:\/\/gothein.de\/reiseblog\/?p=4518"},"modified":"2022-04-12T10:59:28","modified_gmt":"2022-04-12T08:59:28","slug":"lisle-sur-la-sorgue-roussillon-gordes","status":"publish","type":"post","link":"https:\/\/gothein.de\/reiseblog\/2022\/04\/09\/lisle-sur-la-sorgue-roussillon-gordes\/","title":{"rendered":"L\u2018Isle sur la Sorgue, Roussillon, Gordes"},"content":{"rendered":"\n<p>Es ist wieder blauer Himmel, die Sonne scheint aber es weht ein extrem starker Wind, so dass wir die R\u00e4der heute in der Garage lassen. In L\u2018Isle sur la Sorgue starten wir mit dem Auto Richtung Roussillon. L&#8217;Isle sur la Sorgue ist voller kleiner Kan\u00e4le und wird umrundet durch Seitenarme der Sorgue. Es ist einiges los. Es gibt unz\u00e4hlige Restaurants in vielen Kategorien und ein Quai entlang der Sorgue. Ein wirklich sch\u00f6ner Ort, der urspr\u00fcnglich mal als Anglerdorf entstanden ist. In der Sorgue und den Kan\u00e4len befinden sich unz\u00e4hlige Wasserr\u00e4der.<\/p>\n\n\n\n<figure class=\"wp-block-image size-large\"><img loading=\"lazy\" decoding=\"async\" width=\"1440\" height=\"2560\" src=\"https:\/\/gothein.de\/reiseblog\/wp-content\/uploads\/2022\/04\/20220410_094750-scaled.jpg\" alt=\"\" class=\"wp-image-4522\" srcset=\"https:\/\/gothein.de\/reiseblog\/wp-content\/uploads\/2022\/04\/20220410_094750-scaled.jpg 1440w, https:\/\/gothein.de\/reiseblog\/wp-content\/uploads\/2022\/04\/20220410_094750-169x300.jpg 169w, https:\/\/gothein.de\/reiseblog\/wp-content\/uploads\/2022\/04\/20220410_094750-576x1024.jpg 576w, https:\/\/gothein.de\/reiseblog\/wp-content\/uploads\/2022\/04\/20220410_094750-768x1365.jpg 768w, https:\/\/gothein.de\/reiseblog\/wp-content\/uploads\/2022\/04\/20220410_094750-864x1536.jpg 864w, https:\/\/gothein.de\/reiseblog\/wp-content\/uploads\/2022\/04\/20220410_094750-1152x2048.jpg 1152w\" sizes=\"auto, (max-width: 1440px) 100vw, 1440px\" \/><\/figure>\n\n\n\n<p>Roussillon schm\u00fcckt sich mit einer Plakette der sch\u00f6nsten D\u00f6rfer Frankfreichs am Ortseingang. Auf dem gro\u00dfen Platz sind nur noch sehr wenige Parkpl\u00e4tze frei. Der Eintritt in die Ockerlandschaft ist mit 2&#215;3\u20ac auch moderat und lohnt sich. Eine Stunden spazieren wir durch diese faszinierenden gelb roten Landschaften. \u00dcber den Ockerformationen ist der Mont Ventoux zu sehen. Da der Wind so stark bl\u00e4st verf\u00e4ngt sich der Staub in de Klamotten und meine blaue Cordhose ist danach sch\u00f6n gelb eingef\u00e4rbt. Auch der Ort auf dem H\u00fcgel gelegen ist wirklich sehenswert mit kleinen Restaurants, Bars, Ateliers. <\/p>\n\n\n\n<figure class=\"wp-block-image\"><img loading=\"lazy\" decoding=\"async\" width=\"2560\" height=\"2560\" src=\"https:\/\/gothein.de\/reiseblog\/wp-content\/uploads\/2022\/04\/20220410_105935-scaled.jpg\" alt=\"\" class=\"wp-image-4523\" srcset=\"https:\/\/gothein.de\/reiseblog\/wp-content\/uploads\/2022\/04\/20220410_105935-scaled.jpg 2560w, https:\/\/gothein.de\/reiseblog\/wp-content\/uploads\/2022\/04\/20220410_105935-300x300.jpg 300w, https:\/\/gothein.de\/reiseblog\/wp-content\/uploads\/2022\/04\/20220410_105935-1024x1024.jpg 1024w, https:\/\/gothein.de\/reiseblog\/wp-content\/uploads\/2022\/04\/20220410_105935-150x150.jpg 150w, https:\/\/gothein.de\/reiseblog\/wp-content\/uploads\/2022\/04\/20220410_105935-768x768.jpg 768w, https:\/\/gothein.de\/reiseblog\/wp-content\/uploads\/2022\/04\/20220410_105935-1536x1536.jpg 1536w, https:\/\/gothein.de\/reiseblog\/wp-content\/uploads\/2022\/04\/20220410_105935-2048x2048.jpg 2048w, https:\/\/gothein.de\/reiseblog\/wp-content\/uploads\/2022\/04\/20220410_105935-60x60.jpg 60w\" sizes=\"auto, (max-width: 2560px) 100vw, 2560px\" \/><\/figure>\n\n\n\n<p>\u00dcber winzige\/schmale Str\u00e4sschen geht es dann weiter nach Gordes. Auch hier empf\u00e4ngt uns die offizielle &#8222;sch\u00f6nste D\u00f6rfer Frankreichs&#8220; Markierung. Wir kommen von der falschen Seite in den Ort. Google leitet uns auf diesem Weg, so dass wir erst einmal durch den Ort durch m\u00fcssen und nicht gleich auf den gro\u00dfen Parkpl\u00e4tzen landen, die nur sehr m\u00e4\u00dfig belegt sind. Daf\u00fcr muss diesmal ein aufw\u00e4ndiger Mechanismus an einem Apparat in Gang gesetzt werden, bis wir ihm ein Parkticket entlocken k\u00f6nnen. Der vor uns brauchte genauso ewig. Gut, dass sich aufgrund geringen Andrangs keine Schlange gebildet hat. Das sch\u00f6nste am Ort ist das Panorama, wie sich Gordes auf dem H\u00fcgel pr\u00e4sentiert und nat\u00fcrlich die Ausblicke rundrum in den Luberon und Roussillon in der Ferne. In einem sch\u00f6n gelegenen sehr einfach eingerichtetem Cafe gibt es Caf\u00e9 au lait mit Ausblick.<\/p>\n\n\n\n<figure class=\"wp-block-image\"><img loading=\"lazy\" decoding=\"async\" width=\"1440\" height=\"2560\" src=\"https:\/\/gothein.de\/reiseblog\/wp-content\/uploads\/2022\/04\/20220410_110457-scaled.jpg\" alt=\"\" class=\"wp-image-4521\" srcset=\"https:\/\/gothein.de\/reiseblog\/wp-content\/uploads\/2022\/04\/20220410_110457-scaled.jpg 1440w, https:\/\/gothein.de\/reiseblog\/wp-content\/uploads\/2022\/04\/20220410_110457-169x300.jpg 169w, https:\/\/gothein.de\/reiseblog\/wp-content\/uploads\/2022\/04\/20220410_110457-576x1024.jpg 576w, https:\/\/gothein.de\/reiseblog\/wp-content\/uploads\/2022\/04\/20220410_110457-768x1365.jpg 768w, https:\/\/gothein.de\/reiseblog\/wp-content\/uploads\/2022\/04\/20220410_110457-864x1536.jpg 864w, https:\/\/gothein.de\/reiseblog\/wp-content\/uploads\/2022\/04\/20220410_110457-1152x2048.jpg 1152w\" sizes=\"auto, (max-width: 1440px) 100vw, 1440px\" \/><\/figure>\n\n\n\n<p>Die letzte Etappe f\u00fchrt uns zu einem Freilichtmuseum &#8211; Village des Bories &#8211; mit Steinh\u00e4usern, die als Wohnung, Stall, Ofen etc. genutzt wurden. Die Steine werden gesammelt, dadurch wird landwirtschaftlich nutzbare Fl\u00e4che geschaffen und die H\u00e4user entstehen aus dicken Trockensteinmauern, die wieder aus geschichteten Steinen gebaut werden. Um 5 Quadratmeter bewohnbare Fl\u00e4che zu schaffen werden 50 Tonnen Steine ben\u00f6tigt., ist auf einer Tafel zu lesen. Das Dorf wurde 1977 unter Denkmalschutz gestellt. Es ist die gr\u00f6\u00dfte Ansammlung von Borie genannten provenzalischen Trockenstein-Rundbauten. Wenngleich typisches bauliches Kulturgut der Provence (so der F\u00fchrer), so sieht man diese Art von Bauten au\u00dferhalb der Museumsfl\u00e4che doch sehr selten. <\/p>\n\n\n\n<p>So h\u00e4tten die damaligen Bewohner eine Weg gefunden sich angepasst und respektvoll in die Landschaft zu integrieren. Bin mir nicht sicher ob das ihre prim\u00e4re Absicht war oder ob einfach die Wahlm\u00f6glichkeiten nicht so riesig waren. Bis ins 19. Jahrhundert h\u00e4tte man diese Bauform noch genutzt. Ob auch als Wohnhaus oder nur als Stall? \u00c4lteste Funde reichen bis ins 7. Jahrhundert. <\/p>\n\n\n\n<p>A propos Umwelt und Klima. Es mangelt in dieser Gegen sicher nicht an Wind aber wir haben bislang kein einziges Windrad gesehen, weder von der Autobahn aus, noch im Rest der Landschaft. Auch Photovoltaik Anlagen gibt es trotz Sonne satt keine.<\/p>\n\n\n\n<figure class=\"wp-block-image\"><img loading=\"lazy\" decoding=\"async\" width=\"2560\" height=\"2560\" src=\"https:\/\/gothein.de\/reiseblog\/wp-content\/uploads\/2022\/04\/20220410_110557-scaled.jpg\" alt=\"\" class=\"wp-image-4520\" srcset=\"https:\/\/gothein.de\/reiseblog\/wp-content\/uploads\/2022\/04\/20220410_110557-scaled.jpg 2560w, https:\/\/gothein.de\/reiseblog\/wp-content\/uploads\/2022\/04\/20220410_110557-300x300.jpg 300w, https:\/\/gothein.de\/reiseblog\/wp-content\/uploads\/2022\/04\/20220410_110557-1024x1024.jpg 1024w, https:\/\/gothein.de\/reiseblog\/wp-content\/uploads\/2022\/04\/20220410_110557-150x150.jpg 150w, https:\/\/gothein.de\/reiseblog\/wp-content\/uploads\/2022\/04\/20220410_110557-768x768.jpg 768w, https:\/\/gothein.de\/reiseblog\/wp-content\/uploads\/2022\/04\/20220410_110557-1536x1536.jpg 1536w, https:\/\/gothein.de\/reiseblog\/wp-content\/uploads\/2022\/04\/20220410_110557-2048x2048.jpg 2048w, https:\/\/gothein.de\/reiseblog\/wp-content\/uploads\/2022\/04\/20220410_110557-60x60.jpg 60w\" sizes=\"auto, (max-width: 2560px) 100vw, 2560px\" \/><\/figure>\n\n\n\n<p>Ein wirklich gelungener Ausflug, der mit den R\u00e4dern zu aufw\u00e4ndig gewesen w\u00e4re, wenn man denn Zeit f\u00fcr die eigentlichen Attraktionen einplanen m\u00f6chte.<\/p>\n","protected":false},"excerpt":{"rendered":"<p>Es ist wieder blauer Himmel, die Sonne scheint aber es weht ein extrem starker Wind, so dass wir die R\u00e4der heute in der Garage lassen. In L\u2018Isle sur la Sorgue starten wir mit dem Auto Richtung Roussillon. L&#8217;Isle sur la Sorgue ist voller kleiner Kan\u00e4le und wird umrundet durch Seitenarme der Sorgue. Es ist einiges [&hellip;]<\/p>\n","protected":false},"author":1,"featured_media":0,"comment_status":"open","ping_status":"open","sticky":false,"template":"","format":"standard","meta":{"ngg_post_thumbnail":0,"_jetpack_memberships_contains_paid_content":false,"footnotes":""},"categories":[1],"tags":[137,194,197],"class_list":["post-4518","post","type-post","status-publish","format-standard","hentry","category-allgemein","tag-frankreich","tag-provence","tag-vaucluse"],"jetpack_featured_media_url":"","jetpack_sharing_enabled":true,"_links":{"self":[{"href":"https:\/\/gothein.de\/reiseblog\/wp-json\/wp\/v2\/posts\/4518","targetHints":{"allow":["GET"]}}],"collection":[{"href":"https:\/\/gothein.de\/reiseblog\/wp-json\/wp\/v2\/posts"}],"about":[{"href":"https:\/\/gothein.de\/reiseblog\/wp-json\/wp\/v2\/types\/post"}],"author":[{"embeddable":true,"href":"https:\/\/gothein.de\/reiseblog\/wp-json\/wp\/v2\/users\/1"}],"replies":[{"embeddable":true,"href":"https:\/\/gothein.de\/reiseblog\/wp-json\/wp\/v2\/comments?post=4518"}],"version-history":[{"count":0,"href":"https:\/\/gothein.de\/reiseblog\/wp-json\/wp\/v2\/posts\/4518\/revisions"}],"wp:attachment":[{"href":"https:\/\/gothein.de\/reiseblog\/wp-json\/wp\/v2\/media?parent=4518"}],"wp:term":[{"taxonomy":"category","embeddable":true,"href":"https:\/\/gothein.de\/reiseblog\/wp-json\/wp\/v2\/categories?post=4518"},{"taxonomy":"post_tag","embeddable":true,"href":"https:\/\/gothein.de\/reiseblog\/wp-json\/wp\/v2\/tags?post=4518"}],"curies":[{"name":"wp","href":"https:\/\/api.w.org\/{rel}","templated":true}]}}