

{"id":4513,"date":"2022-04-07T21:53:00","date_gmt":"2022-04-07T19:53:00","guid":{"rendered":"https:\/\/gothein.de\/reiseblog\/?p=4513"},"modified":"2022-04-09T22:29:10","modified_gmt":"2022-04-09T20:29:10","slug":"von-vence-nach-lisle-sur-la-sorgue","status":"publish","type":"post","link":"https:\/\/gothein.de\/reiseblog\/2022\/04\/07\/von-vence-nach-lisle-sur-la-sorgue\/","title":{"rendered":"Von Vence nach L&#8217;Isle sur la Sorgue"},"content":{"rendered":"\n<p>Quartierwechsel steht an. Nach vier Tagen in Vence haben wir uns ein Appartement in L\u2018Isle sur la Sorgue gebucht. Die 240 km meistern wir nat\u00fcrlich mit Auto aber nutzen den Tag um nochmal in Grasse auszusteigen und da ein bisschen durch die Altstadt zu laufen nachdem wir zuvor Teile der Strecke mit dem Fahrrad absolviert haben. So startet diese Reise wieder mit dem Panoramabild von Tourette sur Loup bis wir dann nach Grasse kommen. Erfreulicherweise ist noch recht wenig los. Schulkinder spielen Fu\u00dfball auf dem zentralen Platz mit Blick auf die Kathedrale.<\/p>\n\n\n\n<figure class=\"wp-block-image size-large\"><img loading=\"lazy\" decoding=\"async\" width=\"2560\" height=\"2560\" src=\"https:\/\/gothein.de\/reiseblog\/wp-content\/uploads\/2022\/04\/20220409_214414-scaled.jpg\" alt=\"\" class=\"wp-image-4511\" srcset=\"https:\/\/gothein.de\/reiseblog\/wp-content\/uploads\/2022\/04\/20220409_214414-scaled.jpg 2560w, https:\/\/gothein.de\/reiseblog\/wp-content\/uploads\/2022\/04\/20220409_214414-300x300.jpg 300w, https:\/\/gothein.de\/reiseblog\/wp-content\/uploads\/2022\/04\/20220409_214414-1024x1024.jpg 1024w, https:\/\/gothein.de\/reiseblog\/wp-content\/uploads\/2022\/04\/20220409_214414-150x150.jpg 150w, https:\/\/gothein.de\/reiseblog\/wp-content\/uploads\/2022\/04\/20220409_214414-768x768.jpg 768w, https:\/\/gothein.de\/reiseblog\/wp-content\/uploads\/2022\/04\/20220409_214414-1536x1536.jpg 1536w, https:\/\/gothein.de\/reiseblog\/wp-content\/uploads\/2022\/04\/20220409_214414-2048x2048.jpg 2048w, https:\/\/gothein.de\/reiseblog\/wp-content\/uploads\/2022\/04\/20220409_214414-60x60.jpg 60w\" sizes=\"auto, (max-width: 2560px) 100vw, 2560px\" \/><\/figure>\n\n\n\n<p>Wenn wir schon so weit in den S\u00fcden vorgedrungen sind, dann m\u00fcssen wir auch noch einmal ans Meer. Wir peilen westlich von Cannes die kleine Stadt La Napoule mit gro\u00dfem Hafen an. Wir bekommen an einer einsamen Vorsaisonbar einen Caf\u00e9 au Lait im Pappbecher, den wir gut festhalten m\u00fcssen, denn der Wind ist ziemlich stark. Dort entscheiden wir spontan die K\u00fcstenstra\u00dfe nach St. Raphael zu nehmen. Das kostet zwar eine Stunde extra aber wir haben ja Zeit und es ist ein derart sensationelles Panorama. Alle 5 Minuten k\u00f6nnte wir anhalten um noch ein Foto zu schie\u00dfen. Das Esterel Gebirge mit den roten Felsen, die steil ins Meer abfallen, ist jede extra Minute wert.  <\/p>\n\n\n\n<figure class=\"wp-block-image size-large\"><img loading=\"lazy\" decoding=\"async\" width=\"2560\" height=\"2560\" src=\"https:\/\/gothein.de\/reiseblog\/wp-content\/uploads\/2022\/04\/20220409_215119-scaled.jpg\" alt=\"\" class=\"wp-image-4512\" srcset=\"https:\/\/gothein.de\/reiseblog\/wp-content\/uploads\/2022\/04\/20220409_215119-scaled.jpg 2560w, https:\/\/gothein.de\/reiseblog\/wp-content\/uploads\/2022\/04\/20220409_215119-300x300.jpg 300w, https:\/\/gothein.de\/reiseblog\/wp-content\/uploads\/2022\/04\/20220409_215119-1024x1024.jpg 1024w, https:\/\/gothein.de\/reiseblog\/wp-content\/uploads\/2022\/04\/20220409_215119-150x150.jpg 150w, https:\/\/gothein.de\/reiseblog\/wp-content\/uploads\/2022\/04\/20220409_215119-768x768.jpg 768w, https:\/\/gothein.de\/reiseblog\/wp-content\/uploads\/2022\/04\/20220409_215119-1536x1536.jpg 1536w, https:\/\/gothein.de\/reiseblog\/wp-content\/uploads\/2022\/04\/20220409_215119-2048x2048.jpg 2048w, https:\/\/gothein.de\/reiseblog\/wp-content\/uploads\/2022\/04\/20220409_215119-60x60.jpg 60w\" sizes=\"auto, (max-width: 2560px) 100vw, 2560px\" \/><\/figure>\n\n\n\n<p>Von St. Raphael nehmen wir dann wieder die Autobahn und kommen p\u00fcnktlich um 18h an.<\/p>\n\n\n\n        <div id=\"map_ol3js_1\"\n             class=\"map undefined\"\n             data-map_name=\"undefined\"\n             data-map=\"map_ol3js_1\"\n             style=\"width:100%;\n                    max-width:100%;\n                    height:450px;\n                    display:block;\n                    overflow:hidden;\n                    border:2px solid grey;\">\n          <div id=\"map_ol3js_1_popup\" class=\"ol-popup\">\n            <a href=\"#\" id=\"map_ol3js_1_popup-closer\" class=\"ol-popup-closer\"><\/a>\n            <div id=\"map_ol3js_1_popup-content\"><\/div>\n          <\/div>\n        <\/div>\n    \n\n\t\t\t\t<script type=\"text\/javascript\">\n\t\t\t\t\ttranslations['openlayer'] = \"open layer\";\n\t\t\t\t\ttranslations['openlayerAtStartup'] = \"open layer at startup\";\n\t\t\t\t\ttranslations['generateLink'] = \"Der Link zur Karte mit ausgew\u00e4hlten Overlays und angezeigtem Ausschnitt\";\n\t\t\t\t\ttranslations['shortDescription'] = \"Kurzbeschreibung\";\n\t\t\t\t\ttranslations['generatedShortCode'] = \"to get a text control link paste this code in your wordpress editor\";\n\t\t\t\t\ttranslations['closeLayer'] = \"close layer\";\n\t\t\t\t\ttranslations['cantGenerateLink'] = \"put this string in the existing map short code to control this map\";\n\t\t\t  <\/script>\n\n\n\t\t\t  <script type=\"text\/javascript\">\n\t\t\t  vectorM['map_ol3js_1'] = [];\n\t        \n        var raster = getTileLayer(\"osm\",\"NoKey\");\t\t\t\n\n\t\t\t  var map_ol3js_1 = new ol.Map({\n\t\t\t\tinteractions: ol.interaction.defaults.defaults({mouseWheelZoom:false}),\n\t\t\t\tlayers: [raster],\n\t\t\t\ttarget: \"map_ol3js_1\",\n\t\t\t\tview: new ol.View({\n\t\t\t\t  center: ol.proj.transform([6.059414,43.660108], \"EPSG:4326\", \"EPSG:3857\"),\n\t\t\t\t  zoom: 7.715658\n\t\t\t\t})\n\t\t\t  });\n\t\t\t  \n    var style0 = {\n      \"Point\": [new ol.style.Style({\n\n          image: new ol.style.Icon({\n            anchor: [0.5, 41],\n            anchorXUnits: \"fraction\",\n            anchorYUnits: \"pixels\",\n            opacity: 0.75,\n            src: \"https:\/\/gothein.de\/reiseblog\/wp-content\/plugins\/osm\/icons\/mic_blue_pinother_02.png\"\n          })\n      })],\n\n      \"LineString\": [new ol.style.Style({\n        stroke: new ol.style.Stroke({\n          color: \"blue\",\n          width: 8\n        })\n      })],\n      \"MultiLineString\": [new ol.style.Style({\n        stroke: new ol.style.Stroke({\n          color: \"blue\",\n          width: 4\n        })\n      })]\n    };\n\t\t  var vectorL0 = new ol.layer.Vector({\n\t\t\t\tsource: new ol.source.Vector({\n\t\t\t\turl:\"\/reiseblog\/wp-content\/uploads\/gpx\/20220407_Vence_IsleSorgue.gpx\",\n\t\t\t\tformat: new ol.format.GPX({\n\t\t\t\t\textractStyles: false\n\t\t\t\t})\n\t\t\t}),\n\t\t\tzIndex: 92,\n\t\t\tstyle: function(feature, resolution) {return style0[feature.getGeometry().getType()];}\n\t\t  });\n\t\t  map_ol3js_1.addLayer(vectorL0);addControls2Map(map_ol3js_1,0,0,3,1,5,6,7,0,1);\nosm_addPopupClickhandler(map_ol3js_1,  \"map_ol3js_1\"); \nosm_addMouseHover(map_ol3js_1); <\/script>\n","protected":false},"excerpt":{"rendered":"<p>Quartierwechsel steht an. Nach vier Tagen in Vence haben wir uns ein Appartement in L\u2018Isle sur la Sorgue gebucht. Die 240 km meistern wir nat\u00fcrlich mit Auto aber nutzen den Tag um nochmal in Grasse auszusteigen und da ein bisschen durch die Altstadt zu laufen nachdem wir zuvor Teile der Strecke mit dem Fahrrad absolviert [&hellip;]<\/p>\n","protected":false},"author":1,"featured_media":0,"comment_status":"open","ping_status":"open","sticky":false,"template":"","format":"standard","meta":{"ngg_post_thumbnail":0,"_jetpack_memberships_contains_paid_content":false,"footnotes":""},"categories":[1],"tags":[137,196,194,195],"class_list":["post-4513","post","type-post","status-publish","format-standard","hentry","category-allgemein","tag-frankreich","tag-lisle-sur-la-sorgue","tag-provence","tag-vence"],"jetpack_featured_media_url":"","jetpack_sharing_enabled":true,"_links":{"self":[{"href":"https:\/\/gothein.de\/reiseblog\/wp-json\/wp\/v2\/posts\/4513","targetHints":{"allow":["GET"]}}],"collection":[{"href":"https:\/\/gothein.de\/reiseblog\/wp-json\/wp\/v2\/posts"}],"about":[{"href":"https:\/\/gothein.de\/reiseblog\/wp-json\/wp\/v2\/types\/post"}],"author":[{"embeddable":true,"href":"https:\/\/gothein.de\/reiseblog\/wp-json\/wp\/v2\/users\/1"}],"replies":[{"embeddable":true,"href":"https:\/\/gothein.de\/reiseblog\/wp-json\/wp\/v2\/comments?post=4513"}],"version-history":[{"count":0,"href":"https:\/\/gothein.de\/reiseblog\/wp-json\/wp\/v2\/posts\/4513\/revisions"}],"wp:attachment":[{"href":"https:\/\/gothein.de\/reiseblog\/wp-json\/wp\/v2\/media?parent=4513"}],"wp:term":[{"taxonomy":"category","embeddable":true,"href":"https:\/\/gothein.de\/reiseblog\/wp-json\/wp\/v2\/categories?post=4513"},{"taxonomy":"post_tag","embeddable":true,"href":"https:\/\/gothein.de\/reiseblog\/wp-json\/wp\/v2\/tags?post=4513"}],"curies":[{"name":"wp","href":"https:\/\/api.w.org\/{rel}","templated":true}]}}