

{"id":4501,"date":"2022-04-05T22:21:10","date_gmt":"2022-04-05T20:21:10","guid":{"rendered":"https:\/\/gothein.de\/reiseblog\/?p=4501"},"modified":"2022-04-05T22:47:46","modified_gmt":"2022-04-05T20:47:46","slug":"vence-col-de-vence-und-7-doerfer","status":"publish","type":"post","link":"https:\/\/gothein.de\/reiseblog\/2022\/04\/05\/vence-col-de-vence-und-7-doerfer\/","title":{"rendered":"Vence, Col de Vence und 7 D\u00f6rfer"},"content":{"rendered":"\n<p>63 km, 1100 H\u00f6henmeter, moderat aber durchaus anspruchsvoll und wundersch\u00f6ne Panoramen.<\/p>\n\n\n\n<p>Heute nehme ich mein Reiserad, beim Aufpumpen stelle ich fest, das aus der Felge Wasser quillt. Wird sich hoffentlich wieder verziehen. Der Himmel ist strahlend blau. Auf der Terrasse ist es wundersch\u00f6n warm und so bin ich erstmal unschl\u00fcssig wie warm ich mich anziehen soll. Ich entscheide mich f\u00fcr die Dreiviertel Radhose umd eine Jacke. Die d\u00fcnnen Handschuhe ziehe ich besser auch an.<\/p>\n\n\n\n<figure class=\"wp-block-image size-large\"><img loading=\"lazy\" decoding=\"async\" width=\"1024\" height=\"1024\" src=\"https:\/\/gothein.de\/reiseblog\/wp-content\/uploads\/2022\/04\/20220405_172912-1024x1024.jpg\" alt=\"\" class=\"wp-image-4497\" srcset=\"https:\/\/gothein.de\/reiseblog\/wp-content\/uploads\/2022\/04\/20220405_172912-1024x1024.jpg 1024w, https:\/\/gothein.de\/reiseblog\/wp-content\/uploads\/2022\/04\/20220405_172912-300x300.jpg 300w, https:\/\/gothein.de\/reiseblog\/wp-content\/uploads\/2022\/04\/20220405_172912-150x150.jpg 150w, https:\/\/gothein.de\/reiseblog\/wp-content\/uploads\/2022\/04\/20220405_172912-768x768.jpg 768w, https:\/\/gothein.de\/reiseblog\/wp-content\/uploads\/2022\/04\/20220405_172912-1536x1536.jpg 1536w, https:\/\/gothein.de\/reiseblog\/wp-content\/uploads\/2022\/04\/20220405_172912-2048x2048.jpg 2048w, https:\/\/gothein.de\/reiseblog\/wp-content\/uploads\/2022\/04\/20220405_172912-60x60.jpg 60w\" sizes=\"auto, (max-width: 1024px) 100vw, 1024px\" \/><\/figure>\n\n\n\n<p>Nach wenigen Kilometern biegt die Stra\u00dfe zum Col de Vence ab. Es geht von knapp 400 Meter \u00fcber knapp 10 km auf knapp 1000 Meter hoch. Die Steigung ist moderat und es ist kaum Verkehr. Die Jacke stopfe ich irgendwie in die Trikottasche, denn der Aufstieg bringt mich schnell zum Schwitzen. Die Franzosen legen gro\u00dfen Wert auf Fahrradfreundlichkeit. Zu jedem Kilometer wird \u00fcber Reststrecke und verbleibende H\u00f6henmeter bis zum Pass informiert. Au\u00dferdem wird den Autofahrern mit ebenso h\u00e4ufig angezeigten Informationstafeln eingesch\u00e4rft 1,5 Meter Abstand zu halten. Die meisten halten sich erfreulicher Weise dran, au\u00dferdem ist sehr wenig Verkehr. <\/p>\n\n\n\n<p>Oben angekommen st\u00fcrzt ein Franzose auf seinem Carbonrad im Stehen, kommt nicht mehr aus den Pedalen. Ich will ihm helfen und vergesse dabei das Gipfelfoto. Im Osten sind die verschneiten Berge zu sehen, im S\u00fcden das Meer und der Fels von St. Jeannet. <\/p>\n\n\n\n<p>Nach dem Pass f\u00e4llt die Stra\u00dfe kurz ab, passiert auf einer H\u00f6he verschiedene einsame T\u00e4ler bis das Dorf Coursegoules in Sicht kommt. Farblich hebt es sich kaum vom Felsen ab, an dem es dran h\u00e4ngt. Zum Dorf hin hebt sich sich die Stra\u00dfe auf \u00fcber 1000 Meter. Am Brunnen, mit der freundlichen Kreidetafel, das Wasser frisch und trinkbar sei, f\u00fclle ich die Flaschen wieder auf. Handwerker sitzen drau\u00dfen zum Mittagstisch und ich fahre weiter zu Dorf 2, Bezaudon des Alpes. Es liegt etwas ab von der Hauptstra\u00dfe und ich klettere den Kilometer nach oben und werde mit einem sch\u00f6nen Ausblick auf das Dorf und ein sensationelles Panorama auf verschneite Berge belohnt. <\/p>\n\n\n\n<figure class=\"wp-block-image size-large\"><img loading=\"lazy\" decoding=\"async\" width=\"1024\" height=\"1024\" src=\"https:\/\/gothein.de\/reiseblog\/wp-content\/uploads\/2022\/04\/20220405_173124-1024x1024.jpg\" alt=\"\" class=\"wp-image-4499\" srcset=\"https:\/\/gothein.de\/reiseblog\/wp-content\/uploads\/2022\/04\/20220405_173124-1024x1024.jpg 1024w, https:\/\/gothein.de\/reiseblog\/wp-content\/uploads\/2022\/04\/20220405_173124-300x300.jpg 300w, https:\/\/gothein.de\/reiseblog\/wp-content\/uploads\/2022\/04\/20220405_173124-150x150.jpg 150w, https:\/\/gothein.de\/reiseblog\/wp-content\/uploads\/2022\/04\/20220405_173124-768x768.jpg 768w, https:\/\/gothein.de\/reiseblog\/wp-content\/uploads\/2022\/04\/20220405_173124-1536x1536.jpg 1536w, https:\/\/gothein.de\/reiseblog\/wp-content\/uploads\/2022\/04\/20220405_173124-2048x2048.jpg 2048w, https:\/\/gothein.de\/reiseblog\/wp-content\/uploads\/2022\/04\/20220405_173124-60x60.jpg 60w\" sizes=\"auto, (max-width: 1024px) 100vw, 1024px\" \/><\/figure>\n\n\n\n<p>Es folgen weitere D\u00f6rfer. Bouyon (3), da esse ich am Brunnen einen Riegel, Le Broc (4), Carros (5) mit gro\u00dfem Besucheransturm, die Polizei steht mit drei Mann am mittelalterlichen \u00dcbergang und stellt sicher, dass nur Fu\u00dfg\u00e4nger r\u00fcber d\u00fcrfen, Gattieres (6), auch wieder malerisch auf einem H\u00fcgel gelegen. Das Panorama der D\u00f6rfer wehrhaft auf H\u00fcgeln angesiedelt vor verschneiten Bergen ist einzigartig.<\/p>\n\n\n\n<figure class=\"wp-block-image\"><img loading=\"lazy\" decoding=\"async\" width=\"2560\" height=\"2560\" src=\"https:\/\/gothein.de\/reiseblog\/wp-content\/uploads\/2022\/04\/20220405_173345-scaled.jpg\" alt=\"\" class=\"wp-image-4498\" srcset=\"https:\/\/gothein.de\/reiseblog\/wp-content\/uploads\/2022\/04\/20220405_173345-scaled.jpg 2560w, https:\/\/gothein.de\/reiseblog\/wp-content\/uploads\/2022\/04\/20220405_173345-300x300.jpg 300w, https:\/\/gothein.de\/reiseblog\/wp-content\/uploads\/2022\/04\/20220405_173345-1024x1024.jpg 1024w, https:\/\/gothein.de\/reiseblog\/wp-content\/uploads\/2022\/04\/20220405_173345-150x150.jpg 150w, https:\/\/gothein.de\/reiseblog\/wp-content\/uploads\/2022\/04\/20220405_173345-768x768.jpg 768w, https:\/\/gothein.de\/reiseblog\/wp-content\/uploads\/2022\/04\/20220405_173345-1536x1536.jpg 1536w, https:\/\/gothein.de\/reiseblog\/wp-content\/uploads\/2022\/04\/20220405_173345-2048x2048.jpg 2048w, https:\/\/gothein.de\/reiseblog\/wp-content\/uploads\/2022\/04\/20220405_173345-60x60.jpg 60w\" sizes=\"auto, (max-width: 2560px) 100vw, 2560px\" \/><\/figure>\n\n\n\n<p>Zuletzt geht es bei St. Jeannet (7) noch einmal steil 2 km nach oben. so knacke ich insgesamt mit 63km die 1100 H\u00f6henmeter Marke. Diesmal sehe ich den Felsen, den ich zuvor aus allen Perspektiven von der Seite und von gesehen haben direkt \u00fcber seinem namensgebendem Dorf. Der Platz f\u00fcr die heilige Barbara bietet wieder den faszinierenden Ausblick und der Brunnen wird offensichtlich mit kleinen Steinen und Zettelchen als Wunschbrunnen genutzt. In der kleinen Bar \u201echez Lisa\u201c bewirtet von einem ziemlich alten, wettergegerbten Althippie g\u00f6nne ich mir einen Milchkaffee bevor es wieder runter und ein paar Kilometer bis zu unserem Domizil auf der Stra\u00dfe nach Vence zur\u00fcck geht. <\/p>\n\n\n\n<figure class=\"wp-block-image\"><img loading=\"lazy\" decoding=\"async\" width=\"2560\" height=\"2560\" src=\"https:\/\/gothein.de\/reiseblog\/wp-content\/uploads\/2022\/04\/20220405_173921-scaled.jpg\" alt=\"\" class=\"wp-image-4500\" srcset=\"https:\/\/gothein.de\/reiseblog\/wp-content\/uploads\/2022\/04\/20220405_173921-scaled.jpg 2560w, https:\/\/gothein.de\/reiseblog\/wp-content\/uploads\/2022\/04\/20220405_173921-300x300.jpg 300w, https:\/\/gothein.de\/reiseblog\/wp-content\/uploads\/2022\/04\/20220405_173921-1024x1024.jpg 1024w, https:\/\/gothein.de\/reiseblog\/wp-content\/uploads\/2022\/04\/20220405_173921-150x150.jpg 150w, https:\/\/gothein.de\/reiseblog\/wp-content\/uploads\/2022\/04\/20220405_173921-768x768.jpg 768w, https:\/\/gothein.de\/reiseblog\/wp-content\/uploads\/2022\/04\/20220405_173921-1536x1536.jpg 1536w, https:\/\/gothein.de\/reiseblog\/wp-content\/uploads\/2022\/04\/20220405_173921-2048x2048.jpg 2048w, https:\/\/gothein.de\/reiseblog\/wp-content\/uploads\/2022\/04\/20220405_173921-60x60.jpg 60w\" sizes=\"auto, (max-width: 2560px) 100vw, 2560px\" \/><\/figure>\n\n\n\n<p>Die letzten H\u00f6henmeter hole ich mir dann noch indem ich einen Durchgang von der sehr befahrenen Stra\u00dfe zwischen St. Jeannet und Vence zur alten Stra\u00dfe suche. Die Verbindung gibt es, aber sie endet auch f\u00fcr Fahrr\u00e4der in einer Sackgasse, bzw. Trampelpfad mit Tragepassage. Besonderer Gag, ein 7,5 Tonner aus Polen versucht in der Sackgasse zu wenden, keine Chance. Die Stichstra\u00dfe ist gerade breit genug f\u00fcr seinen Laster und da muss er jetzt 500 Meter bei ca. 14% Neigung r\u00fcckw\u00e4rts hoch. Fahrer Pole, kein franz\u00f6sisch, ein bisschen englisch. Ich versuche noch bei den Nachbargrundst\u00fccken zu klingeln ob einer von den Villen vielleicht sein Tor aufmachen kann &#8211; ohne Erfolg, keiner da. Auf der H\u00e4lfte gibt es eine halb offene Einfahrt. Bis zu der r\u00fcckw\u00e4rts hoch und dann wenden. Deutlich schwei\u00dftreibender als das mit dem Rad zu fahren. Also besser 2x aufs Navi schauen. <\/p>\n\n\n\n        <div id=\"map_ol3js_1\"\n             class=\"map undefined\"\n             data-map_name=\"undefined\"\n             data-map=\"map_ol3js_1\"\n             style=\"width:100%;\n                    max-width:100%;\n                    height:450px;\n                    display:block;\n                    overflow:hidden;\n                    border:2px solid grey;\">\n          <div id=\"map_ol3js_1_popup\" class=\"ol-popup\">\n            <a href=\"#\" id=\"map_ol3js_1_popup-closer\" class=\"ol-popup-closer\"><\/a>\n            <div id=\"map_ol3js_1_popup-content\"><\/div>\n          <\/div>\n        <\/div>\n    \n\n\t\t\t\t<script type=\"text\/javascript\">\n\t\t\t\t\ttranslations['openlayer'] = \"open layer\";\n\t\t\t\t\ttranslations['openlayerAtStartup'] = \"open layer at startup\";\n\t\t\t\t\ttranslations['generateLink'] = \"Der Link zur Karte mit ausgew\u00e4hlten Overlays und angezeigtem Ausschnitt\";\n\t\t\t\t\ttranslations['shortDescription'] = \"Kurzbeschreibung\";\n\t\t\t\t\ttranslations['generatedShortCode'] = \"to get a text control link paste this code in your wordpress editor\";\n\t\t\t\t\ttranslations['closeLayer'] = \"close layer\";\n\t\t\t\t\ttranslations['cantGenerateLink'] = \"put this string in the existing map short code to control this map\";\n\t\t\t  <\/script>\n\n\n\t\t\t  <script type=\"text\/javascript\">\n\t\t\t  vectorM['map_ol3js_1'] = [];\n\t        \n        var raster = getTileLayer(\"osm\",\"NoKey\");\t\t\t\n\n\t\t\t  var map_ol3js_1 = new ol.Map({\n\t\t\t\tinteractions: ol.interaction.defaults.defaults({mouseWheelZoom:false}),\n\t\t\t\tlayers: [raster],\n\t\t\t\ttarget: \"map_ol3js_1\",\n\t\t\t\tview: new ol.View({\n\t\t\t\t  center: ol.proj.transform([7.111024,43.776149], \"EPSG:4326\", \"EPSG:3857\"),\n\t\t\t\t  zoom: 11.310673\n\t\t\t\t})\n\t\t\t  });\n\t\t\t  \n    var style0 = {\n      \"Point\": [new ol.style.Style({\n\n          image: new ol.style.Icon({\n            anchor: [0.5, 41],\n            anchorXUnits: \"fraction\",\n            anchorYUnits: \"pixels\",\n            opacity: 0.75,\n            src: \"https:\/\/gothein.de\/reiseblog\/wp-content\/plugins\/osm\/icons\/mic_blue_pinother_02.png\"\n          })\n      })],\n\n      \"LineString\": [new ol.style.Style({\n        stroke: new ol.style.Stroke({\n          color: \"blue\",\n          width: 8\n        })\n      })],\n      \"MultiLineString\": [new ol.style.Style({\n        stroke: new ol.style.Stroke({\n          color: \"blue\",\n          width: 4\n        })\n      })]\n    };\n\t\t  var vectorL0 = new ol.layer.Vector({\n\t\t\t\tsource: new ol.source.Vector({\n\t\t\t\turl:\"\/reiseblog\/wp-content\/uploads\/gpx\/20220405_Vence_Radfahren.gpx\",\n\t\t\t\tformat: new ol.format.GPX({\n\t\t\t\t\textractStyles: false\n\t\t\t\t})\n\t\t\t}),\n\t\t\tzIndex: 92,\n\t\t\tstyle: function(feature, resolution) {return style0[feature.getGeometry().getType()];}\n\t\t  });\n\t\t  map_ol3js_1.addLayer(vectorL0);addControls2Map(map_ol3js_1,0,0,3,1,5,6,7,0,1);\nosm_addPopupClickhandler(map_ol3js_1,  \"map_ol3js_1\"); \nosm_addMouseHover(map_ol3js_1); <\/script>\n","protected":false},"excerpt":{"rendered":"<p>63 km, 1100 H\u00f6henmeter, moderat aber durchaus anspruchsvoll und wundersch\u00f6ne Panoramen. Heute nehme ich mein Reiserad, beim Aufpumpen stelle ich fest, das aus der Felge Wasser quillt. Wird sich hoffentlich wieder verziehen. Der Himmel ist strahlend blau. Auf der Terrasse ist es wundersch\u00f6n warm und so bin ich erstmal unschl\u00fcssig wie warm ich mich anziehen [&hellip;]<\/p>\n","protected":false},"author":1,"featured_media":0,"comment_status":"open","ping_status":"open","sticky":false,"template":"","format":"standard","meta":{"ngg_post_thumbnail":0,"_jetpack_memberships_contains_paid_content":false,"footnotes":""},"categories":[1],"tags":[137,194,195],"class_list":["post-4501","post","type-post","status-publish","format-standard","hentry","category-allgemein","tag-frankreich","tag-provence","tag-vence"],"jetpack_featured_media_url":"","jetpack_sharing_enabled":true,"_links":{"self":[{"href":"https:\/\/gothein.de\/reiseblog\/wp-json\/wp\/v2\/posts\/4501","targetHints":{"allow":["GET"]}}],"collection":[{"href":"https:\/\/gothein.de\/reiseblog\/wp-json\/wp\/v2\/posts"}],"about":[{"href":"https:\/\/gothein.de\/reiseblog\/wp-json\/wp\/v2\/types\/post"}],"author":[{"embeddable":true,"href":"https:\/\/gothein.de\/reiseblog\/wp-json\/wp\/v2\/users\/1"}],"replies":[{"embeddable":true,"href":"https:\/\/gothein.de\/reiseblog\/wp-json\/wp\/v2\/comments?post=4501"}],"version-history":[{"count":0,"href":"https:\/\/gothein.de\/reiseblog\/wp-json\/wp\/v2\/posts\/4501\/revisions"}],"wp:attachment":[{"href":"https:\/\/gothein.de\/reiseblog\/wp-json\/wp\/v2\/media?parent=4501"}],"wp:term":[{"taxonomy":"category","embeddable":true,"href":"https:\/\/gothein.de\/reiseblog\/wp-json\/wp\/v2\/categories?post=4501"},{"taxonomy":"post_tag","embeddable":true,"href":"https:\/\/gothein.de\/reiseblog\/wp-json\/wp\/v2\/tags?post=4501"}],"curies":[{"name":"wp","href":"https:\/\/api.w.org\/{rel}","templated":true}]}}