

{"id":4479,"date":"2021-08-14T10:03:48","date_gmt":"2021-08-14T08:03:48","guid":{"rendered":"https:\/\/gothein.de\/reiseblog\/?p=4479"},"modified":"2021-08-14T12:19:14","modified_gmt":"2021-08-14T10:19:14","slug":"durch-den-linzgau-nach-pfullendorf","status":"publish","type":"post","link":"https:\/\/gothein.de\/reiseblog\/2021\/08\/14\/durch-den-linzgau-nach-pfullendorf\/","title":{"rendered":"Durch den Linzgau nach Pfullendorf"},"content":{"rendered":"\n<p>Trotz Ank\u00fcndigung von Gewittern ist auch heute der Himmel wieder tiefblau, f\u00fcr Bayern gibt es Hitzewarnungen, hier ist es aber gut auszuhalten. Heute plane ich wieder eine Tour weg vom See. Gr\u00f6\u00dfer k\u00f6nnte der Kontrast kaum sein. W\u00e4hrend am Ufer der B\u00e4r tobt, liegt das Hinterland vollkommen einsam. Auf dem Weg von Lippertsreute nach Gro\u00df-Sch\u00f6nach habe ich zwei Autos und eine E-Bikerin getroffen. Ein einsames h\u00fcgeliges einspuriges Str\u00e4\u00dfchen durch W\u00e4lder, Felder und Obstanlagen. Bis nach Pfullendorf ist es zweispurig, das ist nicht ganz so idyllisch. <\/p>\n\n\n\n<figure class=\"wp-block-image size-large\"><img loading=\"lazy\" decoding=\"async\" width=\"1024\" height=\"1024\" src=\"https:\/\/gothein.de\/reiseblog\/wp-content\/uploads\/2021\/08\/20210813_180017_copy_2160x2160-1024x1024.jpg\" alt=\"\" class=\"wp-image-4478\" srcset=\"https:\/\/gothein.de\/reiseblog\/wp-content\/uploads\/2021\/08\/20210813_180017_copy_2160x2160-1024x1024.jpg 1024w, https:\/\/gothein.de\/reiseblog\/wp-content\/uploads\/2021\/08\/20210813_180017_copy_2160x2160-300x300.jpg 300w, https:\/\/gothein.de\/reiseblog\/wp-content\/uploads\/2021\/08\/20210813_180017_copy_2160x2160-150x150.jpg 150w, https:\/\/gothein.de\/reiseblog\/wp-content\/uploads\/2021\/08\/20210813_180017_copy_2160x2160-768x768.jpg 768w, https:\/\/gothein.de\/reiseblog\/wp-content\/uploads\/2021\/08\/20210813_180017_copy_2160x2160-1536x1536.jpg 1536w, https:\/\/gothein.de\/reiseblog\/wp-content\/uploads\/2021\/08\/20210813_180017_copy_2160x2160-2048x2048.jpg 2048w, https:\/\/gothein.de\/reiseblog\/wp-content\/uploads\/2021\/08\/20210813_180017_copy_2160x2160-60x60.jpg 60w\" sizes=\"auto, (max-width: 1024px) 100vw, 1024px\" \/><\/figure>\n\n\n\n<p>Die Altstadt von Pfullendorf hat einige sch\u00f6ne Fachwerkh\u00e4user und das wei\u00dfe Obertor zu bieten. Das wei\u00dfe Obertor sieht man schon vom H\u00fcgel vor der Stadt bei einem Rasenflugplatz. Ich kurve ein bisschen rum, halte mich aber nicht lang auf, da wir ja noch zur n\u00e4chsten Geburtstagsfeier m\u00fcssen. <\/p>\n\n\n\n<figure class=\"wp-block-image\"><img loading=\"lazy\" decoding=\"async\" width=\"2160\" height=\"2160\" src=\"https:\/\/gothein.de\/reiseblog\/wp-content\/uploads\/2021\/08\/20210814_081012_copy_2160x2160.jpg\" alt=\"\" class=\"wp-image-4477\" srcset=\"https:\/\/gothein.de\/reiseblog\/wp-content\/uploads\/2021\/08\/20210814_081012_copy_2160x2160.jpg 2160w, https:\/\/gothein.de\/reiseblog\/wp-content\/uploads\/2021\/08\/20210814_081012_copy_2160x2160-300x300.jpg 300w, https:\/\/gothein.de\/reiseblog\/wp-content\/uploads\/2021\/08\/20210814_081012_copy_2160x2160-1024x1024.jpg 1024w, https:\/\/gothein.de\/reiseblog\/wp-content\/uploads\/2021\/08\/20210814_081012_copy_2160x2160-150x150.jpg 150w, https:\/\/gothein.de\/reiseblog\/wp-content\/uploads\/2021\/08\/20210814_081012_copy_2160x2160-768x768.jpg 768w, https:\/\/gothein.de\/reiseblog\/wp-content\/uploads\/2021\/08\/20210814_081012_copy_2160x2160-1536x1536.jpg 1536w, https:\/\/gothein.de\/reiseblog\/wp-content\/uploads\/2021\/08\/20210814_081012_copy_2160x2160-2048x2048.jpg 2048w, https:\/\/gothein.de\/reiseblog\/wp-content\/uploads\/2021\/08\/20210814_081012_copy_2160x2160-60x60.jpg 60w\" sizes=\"auto, (max-width: 2160px) 100vw, 2160px\" \/><\/figure>\n\n\n\n<p>Der R\u00fcckweg f\u00fchrt, den Radwegweisern folgend, wieder \u00fcber sehr schmale asphaltierte Wege nach Aach Linz und dann durch frisch geerntete Felder nach Herdwangen.  Dort trifft der Radweg auf die gro\u00dfe, stark befahrene Stra\u00dfe mit Radstreifen an der Seite. Kurz danach biege ich aber nach Billafingen ab. Nachdem es auf die h\u00f6chste Stelle von 700 Metern noch leicht ansteigt, komme ich an ein Schild was vor 20% Gef\u00e4lle warnt und sp\u00e4ter kommt noch einmal eine Passage mit 14% nach Billafingen. \u00dcber den n\u00e4chsten Bergr\u00fccken f\u00fchrt eine steile Schotterstrecke nach Nesselwangen. <\/p>\n\n\n\n<p>Von Nesselwangen f\u00fchrt der asphaltierte Weg \u00fcber H\u00f6dingen und Goldbach zur\u00fcck an den See, hinein in die  Pulks von Radlern und E-Bikern entlang der Landesgartenschau. In der steilen Abfahrt durch die \u00dcberlinger Weinberge bieten sich wieder tolle Blicke auf den See. <\/p>\n\n\n\n<p>60 km mit 800 H\u00f6henmetern.<\/p>\n\n\n\n        <div id=\"map_ol3js_1\"\n             class=\"map undefined\"\n             data-map_name=\"undefined\"\n             data-map=\"map_ol3js_1\"\n             style=\"width:100%;\n                    max-width:100%;\n                    height:450px;\n                    display:block;\n                    overflow:hidden;\n                    border:2px solid grey;\">\n          <div id=\"map_ol3js_1_popup\" class=\"ol-popup\">\n            <a href=\"#\" id=\"map_ol3js_1_popup-closer\" class=\"ol-popup-closer\"><\/a>\n            <div id=\"map_ol3js_1_popup-content\"><\/div>\n          <\/div>\n        <\/div>\n    \n\n\t\t\t\t<script type=\"text\/javascript\">\n\t\t\t\t\ttranslations['openlayer'] = \"open layer\";\n\t\t\t\t\ttranslations['openlayerAtStartup'] = \"open layer at startup\";\n\t\t\t\t\ttranslations['generateLink'] = \"Der Link zur Karte mit ausgew\u00e4hlten Overlays und angezeigtem Ausschnitt\";\n\t\t\t\t\ttranslations['shortDescription'] = \"Kurzbeschreibung\";\n\t\t\t\t\ttranslations['generatedShortCode'] = \"to get a text control link paste this code in your wordpress editor\";\n\t\t\t\t\ttranslations['closeLayer'] = \"close layer\";\n\t\t\t\t\ttranslations['cantGenerateLink'] = \"put this string in the existing map short code to control this map\";\n\t\t\t  <\/script>\n\n\n\t\t\t  <script type=\"text\/javascript\">\n\t\t\t  vectorM['map_ol3js_1'] = [];\n\t        \n        var raster = getTileLayer(\"osm\",\"NoKey\");\t\t\t\n\n\t\t\t  var map_ol3js_1 = new ol.Map({\n\t\t\t\tinteractions: ol.interaction.defaults.defaults({mouseWheelZoom:false}),\n\t\t\t\tlayers: [raster],\n\t\t\t\ttarget: \"map_ol3js_1\",\n\t\t\t\tview: new ol.View({\n\t\t\t\t  center: ol.proj.transform([9.187728,47.839106], \"EPSG:4326\", \"EPSG:3857\"),\n\t\t\t\t  zoom: 10.772069\n\t\t\t\t})\n\t\t\t  });\n\t\t\t  \n    var style0 = {\n      \"Point\": [new ol.style.Style({\n\n          image: new ol.style.Icon({\n            anchor: [0.5, 41],\n            anchorXUnits: \"fraction\",\n            anchorYUnits: \"pixels\",\n            opacity: 0.75,\n            src: \"https:\/\/gothein.de\/reiseblog\/wp-content\/plugins\/osm\/icons\/mic_blue_pinother_02.png\"\n          })\n      })],\n\n      \"LineString\": [new ol.style.Style({\n        stroke: new ol.style.Stroke({\n          color: \"blue\",\n          width: 8\n        })\n      })],\n      \"MultiLineString\": [new ol.style.Style({\n        stroke: new ol.style.Stroke({\n          color: \"blue\",\n          width: 4\n        })\n      })]\n    };\n\t\t  var vectorL0 = new ol.layer.Vector({\n\t\t\t\tsource: new ol.source.Vector({\n\t\t\t\turl:\"\/reiseblog\/wp-content\/uploads\/gpx\/20210813_Pfullendorf.gpx\",\n\t\t\t\tformat: new ol.format.GPX({\n\t\t\t\t\textractStyles: false\n\t\t\t\t})\n\t\t\t}),\n\t\t\tzIndex: 92,\n\t\t\tstyle: function(feature, resolution) {return style0[feature.getGeometry().getType()];}\n\t\t  });\n\t\t  map_ol3js_1.addLayer(vectorL0);addControls2Map(map_ol3js_1,0,0,3,1,5,6,7,0,1);\nosm_addPopupClickhandler(map_ol3js_1,  \"map_ol3js_1\"); \nosm_addMouseHover(map_ol3js_1); <\/script>\n","protected":false},"excerpt":{"rendered":"<p>Trotz Ank\u00fcndigung von Gewittern ist auch heute der Himmel wieder tiefblau, f\u00fcr Bayern gibt es Hitzewarnungen, hier ist es aber gut auszuhalten. Heute plane ich wieder eine Tour weg vom See. Gr\u00f6\u00dfer k\u00f6nnte der Kontrast kaum sein. W\u00e4hrend am Ufer der B\u00e4r tobt, liegt das Hinterland vollkommen einsam. Auf dem Weg von Lippertsreute nach Gro\u00df-Sch\u00f6nach [&hellip;]<\/p>\n","protected":false},"author":1,"featured_media":0,"comment_status":"open","ping_status":"open","sticky":false,"template":"","format":"standard","meta":{"ngg_post_thumbnail":0,"_jetpack_memberships_contains_paid_content":false,"footnotes":""},"categories":[1],"tags":[146,101,192,193,102],"class_list":["post-4479","post","type-post","status-publish","format-standard","hentry","category-allgemein","tag-baden-wuerttemberg","tag-bodensee","tag-linzgau","tag-pfullendorf","tag-ueberlingen"],"jetpack_featured_media_url":"","jetpack_sharing_enabled":true,"_links":{"self":[{"href":"https:\/\/gothein.de\/reiseblog\/wp-json\/wp\/v2\/posts\/4479","targetHints":{"allow":["GET"]}}],"collection":[{"href":"https:\/\/gothein.de\/reiseblog\/wp-json\/wp\/v2\/posts"}],"about":[{"href":"https:\/\/gothein.de\/reiseblog\/wp-json\/wp\/v2\/types\/post"}],"author":[{"embeddable":true,"href":"https:\/\/gothein.de\/reiseblog\/wp-json\/wp\/v2\/users\/1"}],"replies":[{"embeddable":true,"href":"https:\/\/gothein.de\/reiseblog\/wp-json\/wp\/v2\/comments?post=4479"}],"version-history":[{"count":0,"href":"https:\/\/gothein.de\/reiseblog\/wp-json\/wp\/v2\/posts\/4479\/revisions"}],"wp:attachment":[{"href":"https:\/\/gothein.de\/reiseblog\/wp-json\/wp\/v2\/media?parent=4479"}],"wp:term":[{"taxonomy":"category","embeddable":true,"href":"https:\/\/gothein.de\/reiseblog\/wp-json\/wp\/v2\/categories?post=4479"},{"taxonomy":"post_tag","embeddable":true,"href":"https:\/\/gothein.de\/reiseblog\/wp-json\/wp\/v2\/tags?post=4479"}],"curies":[{"name":"wp","href":"https:\/\/api.w.org\/{rel}","templated":true}]}}