

{"id":4446,"date":"2021-08-01T19:25:57","date_gmt":"2021-08-01T17:25:57","guid":{"rendered":"https:\/\/gothein.de\/reiseblog\/?p=4446"},"modified":"2021-08-01T21:03:48","modified_gmt":"2021-08-01T19:03:48","slug":"zum-katzenbuckel","status":"publish","type":"post","link":"https:\/\/gothein.de\/reiseblog\/2021\/08\/01\/zum-katzenbuckel\/","title":{"rendered":"Zum Katzenbuckel"},"content":{"rendered":"\n<p>Das Wetter soll sich verschlechtern. Die ganze n\u00e4chste Woche Regen? Also noch mal raus aufs Rad, der Wind, der von Westen bl\u00e4st ist schon ziemlich stark. Diesmal fahre ich in Richtung Stadt und auf der Neckarbr\u00fccke wehen die Fahnen heftig in Richtung Neckartal. <\/p>\n\n\n\n<p>Die Aussicht auf R\u00fcckenwind verleitet mich dazu die zwar sch\u00f6ne aber sehr verkehrsreiche Strecke entlang des Neckar zu w\u00e4hlen. Es geht z\u00fcgig voran, auf der flachen Strecke mit breitem Seitenstreifen f\u00fcr Fahrradfahrer zwischen Neckarsteinach und Hirschhorn kratze ich an den 40 km\/h. In den Neckarschleifen von Baden-W\u00fcrttemberg nach Hessen und wieder zur\u00fcck nach Baden-W\u00fcrttemberg bl\u00e4st es aber auch manchmal von der Seite oder von vorne. <\/p>\n\n\n\n<p>In Eberbach geht&#8217;s weg vom Neckar bis Gaim\u00fchle ohne gro\u00dfe Steigungen. Ab da wird es heftig, also ziemlich steil bis Waldkatzenbach unterhalb der unauff\u00e4lligen Kuppe des Katzenbuckels (626 Meter), der h\u00f6chsten Erhebung des Odenwalds. Bis hoch zum Parkplatz und zum Restaurant fahre ich noch um den Ausblick in die Weite zu genie\u00dfen. Am Parkplatz bleibt man allerdings noch unter 600 Meter, da w\u00e4ren noch ein paar Meter zu Fu\u00df zu gehen.<\/p>\n\n\n\n<figure class=\"wp-block-image size-large\"><img loading=\"lazy\" decoding=\"async\" width=\"1024\" height=\"1024\" src=\"https:\/\/gothein.de\/reiseblog\/wp-content\/uploads\/2021\/08\/20210801_163119_copy_2160x2160-1024x1024.jpg\" alt=\"\" class=\"wp-image-4444\" srcset=\"https:\/\/gothein.de\/reiseblog\/wp-content\/uploads\/2021\/08\/20210801_163119_copy_2160x2160-1024x1024.jpg 1024w, https:\/\/gothein.de\/reiseblog\/wp-content\/uploads\/2021\/08\/20210801_163119_copy_2160x2160-300x300.jpg 300w, https:\/\/gothein.de\/reiseblog\/wp-content\/uploads\/2021\/08\/20210801_163119_copy_2160x2160-150x150.jpg 150w, https:\/\/gothein.de\/reiseblog\/wp-content\/uploads\/2021\/08\/20210801_163119_copy_2160x2160-768x768.jpg 768w, https:\/\/gothein.de\/reiseblog\/wp-content\/uploads\/2021\/08\/20210801_163119_copy_2160x2160-1536x1536.jpg 1536w, https:\/\/gothein.de\/reiseblog\/wp-content\/uploads\/2021\/08\/20210801_163119_copy_2160x2160-2048x2048.jpg 2048w, https:\/\/gothein.de\/reiseblog\/wp-content\/uploads\/2021\/08\/20210801_163119_copy_2160x2160-60x60.jpg 60w\" sizes=\"auto, (max-width: 1024px) 100vw, 1024px\" \/><\/figure>\n\n\n\n<p>Bei der Abfahrt nach Neckargerach macht sich der Wind erstmalig ung\u00fcnstig bemerkbar. Es bl\u00e4st so stark von der Seite, dass \u00e4u\u00dferste Vorsicht in der steilen Abfahrt notwendig ist. In den steilen Serpentinen kurz vorm Ort ist der Wind dann erfreulicher Weise nicht mehr zu sp\u00fcren. Der Ort macht einen freundlichen, touristischen Eindruck, viele Radler, die den Neckar entlang fahren. Ich klettere auf der anderen Seite wieder hoch. <\/p>\n\n\n\n<figure class=\"wp-block-image size-large\"><img loading=\"lazy\" decoding=\"async\" width=\"1024\" height=\"1024\" src=\"https:\/\/gothein.de\/reiseblog\/wp-content\/uploads\/2021\/08\/20210801_163212_copy_2160x2160-1024x1024.jpg\" alt=\"\" class=\"wp-image-4445\" srcset=\"https:\/\/gothein.de\/reiseblog\/wp-content\/uploads\/2021\/08\/20210801_163212_copy_2160x2160-1024x1024.jpg 1024w, https:\/\/gothein.de\/reiseblog\/wp-content\/uploads\/2021\/08\/20210801_163212_copy_2160x2160-300x300.jpg 300w, https:\/\/gothein.de\/reiseblog\/wp-content\/uploads\/2021\/08\/20210801_163212_copy_2160x2160-150x150.jpg 150w, https:\/\/gothein.de\/reiseblog\/wp-content\/uploads\/2021\/08\/20210801_163212_copy_2160x2160-768x768.jpg 768w, https:\/\/gothein.de\/reiseblog\/wp-content\/uploads\/2021\/08\/20210801_163212_copy_2160x2160-1536x1536.jpg 1536w, https:\/\/gothein.de\/reiseblog\/wp-content\/uploads\/2021\/08\/20210801_163212_copy_2160x2160-2048x2048.jpg 2048w, https:\/\/gothein.de\/reiseblog\/wp-content\/uploads\/2021\/08\/20210801_163212_copy_2160x2160-60x60.jpg 60w\" sizes=\"auto, (max-width: 1024px) 100vw, 1024px\" \/><\/figure>\n\n\n\n<p>Ab Neckarkatzenbach wird es steil aber noch anstrengender ist der Gegenwind, der mich nun \u00fcber die gesamte Strecke zur\u00fcck begleitet. Das Foto mit zeigt sch\u00f6n, wie der Wind die Gr\u00e4ser runter dr\u00fcckt. \u00dcber den kleinen Odenwald f\u00fchren sch\u00f6ne Radwege oder kleinere Str\u00e4\u00dfchen zur\u00fcck. Am Ende Auf dem letzten steilen Anstieg von Maisbach Richtung Nussloch fehlen mir ein bisschen die Kr\u00e4fte, zu wenig getrunken und gegessen. <\/p>\n\n\n\n<p>110 km mit 1200 H\u00f6henmeter haben sich angesammelt. <\/p>\n\n\n\n        <div id=\"map_ol3js_1\"\n             class=\"map undefined\"\n             data-map_name=\"undefined\"\n             data-map=\"map_ol3js_1\"\n             style=\"width:100%;\n                    max-width:100%;\n                    height:450px;\n                    display:block;\n                    overflow:hidden;\n                    border:2px solid grey;\">\n          <div id=\"map_ol3js_1_popup\" class=\"ol-popup\">\n            <a href=\"#\" id=\"map_ol3js_1_popup-closer\" class=\"ol-popup-closer\"><\/a>\n            <div id=\"map_ol3js_1_popup-content\"><\/div>\n          <\/div>\n        <\/div>\n    \n\n\t\t\t\t<script type=\"text\/javascript\">\n\t\t\t\t\ttranslations['openlayer'] = \"open layer\";\n\t\t\t\t\ttranslations['openlayerAtStartup'] = \"open layer at startup\";\n\t\t\t\t\ttranslations['generateLink'] = \"Der Link zur Karte mit ausgew\u00e4hlten Overlays und angezeigtem Ausschnitt\";\n\t\t\t\t\ttranslations['shortDescription'] = \"Kurzbeschreibung\";\n\t\t\t\t\ttranslations['generatedShortCode'] = \"to get a text control link paste this code in your wordpress editor\";\n\t\t\t\t\ttranslations['closeLayer'] = \"close layer\";\n\t\t\t\t\ttranslations['cantGenerateLink'] = \"put this string in the existing map short code to control this map\";\n\t\t\t  <\/script>\n\n\n\t\t\t  <script type=\"text\/javascript\">\n\t\t\t  vectorM['map_ol3js_1'] = [];\n\t        \n        var raster = getTileLayer(\"osm\",\"NoKey\");\t\t\t\n\n\t\t\t  var map_ol3js_1 = new ol.Map({\n\t\t\t\tinteractions: ol.interaction.defaults.defaults({mouseWheelZoom:false}),\n\t\t\t\tlayers: [raster],\n\t\t\t\ttarget: \"map_ol3js_1\",\n\t\t\t\tview: new ol.View({\n\t\t\t\t  center: ol.proj.transform([8.878144,49.404147], \"EPSG:4326\", \"EPSG:3857\"),\n\t\t\t\t  zoom: 9.945071\n\t\t\t\t})\n\t\t\t  });\n\t\t\t  \n    var style0 = {\n      \"Point\": [new ol.style.Style({\n\n          image: new ol.style.Icon({\n            anchor: [0.5, 41],\n            anchorXUnits: \"fraction\",\n            anchorYUnits: \"pixels\",\n            opacity: 0.75,\n            src: \"https:\/\/gothein.de\/reiseblog\/wp-content\/plugins\/osm\/icons\/mic_blue_pinother_02.png\"\n          })\n      })],\n\n      \"LineString\": [new ol.style.Style({\n        stroke: new ol.style.Stroke({\n          color: \"blue\",\n          width: 8\n        })\n      })],\n      \"MultiLineString\": [new ol.style.Style({\n        stroke: new ol.style.Stroke({\n          color: \"blue\",\n          width: 4\n        })\n      })]\n    };\n\t\t  var vectorL0 = new ol.layer.Vector({\n\t\t\t\tsource: new ol.source.Vector({\n\t\t\t\turl:\"\/reiseblog\/wp-content\/uploads\/gpx\/20210731_Katzenbuckel.gpx\",\n\t\t\t\tformat: new ol.format.GPX({\n\t\t\t\t\textractStyles: false\n\t\t\t\t})\n\t\t\t}),\n\t\t\tzIndex: 92,\n\t\t\tstyle: function(feature, resolution) {return style0[feature.getGeometry().getType()];}\n\t\t  });\n\t\t  map_ol3js_1.addLayer(vectorL0);addControls2Map(map_ol3js_1,0,0,3,1,5,6,7,0,1);\nosm_addPopupClickhandler(map_ol3js_1,  \"map_ol3js_1\"); \nosm_addMouseHover(map_ol3js_1); <\/script>\n","protected":false},"excerpt":{"rendered":"<p>Das Wetter soll sich verschlechtern. Die ganze n\u00e4chste Woche Regen? Also noch mal raus aufs Rad, der Wind, der von Westen bl\u00e4st ist schon ziemlich stark. Diesmal fahre ich in Richtung Stadt und auf der Neckarbr\u00fccke wehen die Fahnen heftig in Richtung Neckartal. Die Aussicht auf R\u00fcckenwind verleitet mich dazu die zwar sch\u00f6ne aber sehr [&hellip;]<\/p>\n","protected":false},"author":1,"featured_media":0,"comment_status":"open","ping_status":"open","sticky":false,"template":"","format":"standard","meta":{"ngg_post_thumbnail":0,"_jetpack_memberships_contains_paid_content":false,"footnotes":""},"categories":[1],"tags":[146,148,175,187],"class_list":["post-4446","post","type-post","status-publish","format-standard","hentry","category-allgemein","tag-baden-wuerttemberg","tag-heidelberg","tag-hessen","tag-katzenbuckel"],"jetpack_featured_media_url":"","jetpack_sharing_enabled":true,"_links":{"self":[{"href":"https:\/\/gothein.de\/reiseblog\/wp-json\/wp\/v2\/posts\/4446","targetHints":{"allow":["GET"]}}],"collection":[{"href":"https:\/\/gothein.de\/reiseblog\/wp-json\/wp\/v2\/posts"}],"about":[{"href":"https:\/\/gothein.de\/reiseblog\/wp-json\/wp\/v2\/types\/post"}],"author":[{"embeddable":true,"href":"https:\/\/gothein.de\/reiseblog\/wp-json\/wp\/v2\/users\/1"}],"replies":[{"embeddable":true,"href":"https:\/\/gothein.de\/reiseblog\/wp-json\/wp\/v2\/comments?post=4446"}],"version-history":[{"count":0,"href":"https:\/\/gothein.de\/reiseblog\/wp-json\/wp\/v2\/posts\/4446\/revisions"}],"wp:attachment":[{"href":"https:\/\/gothein.de\/reiseblog\/wp-json\/wp\/v2\/media?parent=4446"}],"wp:term":[{"taxonomy":"category","embeddable":true,"href":"https:\/\/gothein.de\/reiseblog\/wp-json\/wp\/v2\/categories?post=4446"},{"taxonomy":"post_tag","embeddable":true,"href":"https:\/\/gothein.de\/reiseblog\/wp-json\/wp\/v2\/tags?post=4446"}],"curies":[{"name":"wp","href":"https:\/\/api.w.org\/{rel}","templated":true}]}}