

{"id":4408,"date":"2021-07-04T12:06:21","date_gmt":"2021-07-04T10:06:21","guid":{"rendered":"https:\/\/gothein.de\/reiseblog\/?p=4408"},"modified":"2021-07-04T18:19:31","modified_gmt":"2021-07-04T16:19:31","slug":"in-den-odenwald","status":"publish","type":"post","link":"https:\/\/gothein.de\/reiseblog\/2021\/07\/04\/in-den-odenwald\/","title":{"rendered":"In den Odenwald"},"content":{"rendered":"\n<p>Wieder unternehme ich heute bei ziemlich viel Sonne mit ein paar kleinen Wolken eine Tour in den Odenwald. 80 km mit 1000 H\u00f6henmetern sind es geworden von denen die ersten 30km \u00fcber die Ebene bis Neckarhausen, dort \u00fcber die Eisenbahnbr\u00fccke nach Ladenburg und \u00fcber Felder und Radwege bis Gro\u00dfsachsen f\u00fchren.<\/p>\n\n\n\n<p>Der Aufstieg von Hohensachsen nach Oberflockenbach folgt der alten Stra\u00dfe \u00fcber Felder, W\u00e4lder, Schlagl\u00f6cher und kaum Verkehr. Ein Traktor m\u00e4ht an steilem Hang die Wiese. Die recht steilen Serpentinen von Gorxheim nach Buchklingen werden leider auch von Motorradrotten f\u00fcr gut befunden.<\/p>\n\n\n\n<figure class=\"wp-block-gallery columns-3 is-cropped wp-block-gallery-1 is-layout-flex wp-block-gallery-is-layout-flex\"><ul class=\"blocks-gallery-grid\"><li class=\"blocks-gallery-item\"><figure><a href=\"https:\/\/gothein.de\/reiseblog\/wp-content\/uploads\/2021\/07\/20210703_114142_copy_1008x756.jpg\"><img loading=\"lazy\" decoding=\"async\" width=\"1008\" height=\"756\" src=\"https:\/\/gothein.de\/reiseblog\/wp-content\/uploads\/2021\/07\/20210703_114142_copy_1008x756.jpg\" data-id=\"4412\" class=\"wp-image-4412\" srcset=\"https:\/\/gothein.de\/reiseblog\/wp-content\/uploads\/2021\/07\/20210703_114142_copy_1008x756.jpg 1008w, https:\/\/gothein.de\/reiseblog\/wp-content\/uploads\/2021\/07\/20210703_114142_copy_1008x756-300x225.jpg 300w, https:\/\/gothein.de\/reiseblog\/wp-content\/uploads\/2021\/07\/20210703_114142_copy_1008x756-768x576.jpg 768w\" sizes=\"auto, (max-width: 1008px) 100vw, 1008px\" \/><\/a><\/figure><\/li><li class=\"blocks-gallery-item\"><figure><a href=\"https:\/\/gothein.de\/reiseblog\/wp-content\/uploads\/2021\/07\/20210703_122007_copy_1008x756.jpg\"><img loading=\"lazy\" decoding=\"async\" width=\"1008\" height=\"756\" src=\"https:\/\/gothein.de\/reiseblog\/wp-content\/uploads\/2021\/07\/20210703_122007_copy_1008x756.jpg\" data-id=\"4410\" class=\"wp-image-4410\" srcset=\"https:\/\/gothein.de\/reiseblog\/wp-content\/uploads\/2021\/07\/20210703_122007_copy_1008x756.jpg 1008w, https:\/\/gothein.de\/reiseblog\/wp-content\/uploads\/2021\/07\/20210703_122007_copy_1008x756-300x225.jpg 300w, https:\/\/gothein.de\/reiseblog\/wp-content\/uploads\/2021\/07\/20210703_122007_copy_1008x756-768x576.jpg 768w\" sizes=\"auto, (max-width: 1008px) 100vw, 1008px\" \/><\/a><\/figure><\/li><li class=\"blocks-gallery-item\"><figure><a href=\"https:\/\/gothein.de\/reiseblog\/wp-content\/uploads\/2021\/07\/20210703_125428_copy_1008x756.jpg\"><img loading=\"lazy\" decoding=\"async\" width=\"1008\" height=\"756\" src=\"https:\/\/gothein.de\/reiseblog\/wp-content\/uploads\/2021\/07\/20210703_125428_copy_1008x756.jpg\" data-id=\"4411\" class=\"wp-image-4411\" srcset=\"https:\/\/gothein.de\/reiseblog\/wp-content\/uploads\/2021\/07\/20210703_125428_copy_1008x756.jpg 1008w, https:\/\/gothein.de\/reiseblog\/wp-content\/uploads\/2021\/07\/20210703_125428_copy_1008x756-300x225.jpg 300w, https:\/\/gothein.de\/reiseblog\/wp-content\/uploads\/2021\/07\/20210703_125428_copy_1008x756-768x576.jpg 768w\" sizes=\"auto, (max-width: 1008px) 100vw, 1008px\" \/><\/a><\/figure><\/li><li class=\"blocks-gallery-item\"><figure><a href=\"https:\/\/gothein.de\/reiseblog\/wp-content\/uploads\/2021\/07\/20210703_134103_copy_1008x756.jpg\"><img loading=\"lazy\" decoding=\"async\" width=\"1008\" height=\"756\" src=\"https:\/\/gothein.de\/reiseblog\/wp-content\/uploads\/2021\/07\/20210703_134103_copy_1008x756.jpg\" data-id=\"4413\" class=\"wp-image-4413\" srcset=\"https:\/\/gothein.de\/reiseblog\/wp-content\/uploads\/2021\/07\/20210703_134103_copy_1008x756.jpg 1008w, https:\/\/gothein.de\/reiseblog\/wp-content\/uploads\/2021\/07\/20210703_134103_copy_1008x756-300x225.jpg 300w, https:\/\/gothein.de\/reiseblog\/wp-content\/uploads\/2021\/07\/20210703_134103_copy_1008x756-768x576.jpg 768w\" sizes=\"auto, (max-width: 1008px) 100vw, 1008px\" \/><\/a><\/figure><\/li><li class=\"blocks-gallery-item\"><figure><a href=\"https:\/\/gothein.de\/reiseblog\/wp-content\/uploads\/2021\/07\/20210703_134124_copy_1008x756.jpg\"><img loading=\"lazy\" decoding=\"async\" width=\"1008\" height=\"756\" src=\"https:\/\/gothein.de\/reiseblog\/wp-content\/uploads\/2021\/07\/20210703_134124_copy_1008x756.jpg\" data-id=\"4418\" class=\"wp-image-4418\" srcset=\"https:\/\/gothein.de\/reiseblog\/wp-content\/uploads\/2021\/07\/20210703_134124_copy_1008x756.jpg 1008w, https:\/\/gothein.de\/reiseblog\/wp-content\/uploads\/2021\/07\/20210703_134124_copy_1008x756-300x225.jpg 300w, https:\/\/gothein.de\/reiseblog\/wp-content\/uploads\/2021\/07\/20210703_134124_copy_1008x756-768x576.jpg 768w\" sizes=\"auto, (max-width: 1008px) 100vw, 1008px\" \/><\/a><\/figure><\/li><li class=\"blocks-gallery-item\"><figure><a href=\"https:\/\/gothein.de\/reiseblog\/wp-content\/uploads\/2021\/07\/20210703_135143_copy_1008x756.jpg\"><img loading=\"lazy\" decoding=\"async\" width=\"1008\" height=\"756\" src=\"https:\/\/gothein.de\/reiseblog\/wp-content\/uploads\/2021\/07\/20210703_135143_copy_1008x756.jpg\" data-id=\"4416\" class=\"wp-image-4416\" srcset=\"https:\/\/gothein.de\/reiseblog\/wp-content\/uploads\/2021\/07\/20210703_135143_copy_1008x756.jpg 1008w, https:\/\/gothein.de\/reiseblog\/wp-content\/uploads\/2021\/07\/20210703_135143_copy_1008x756-300x225.jpg 300w, https:\/\/gothein.de\/reiseblog\/wp-content\/uploads\/2021\/07\/20210703_135143_copy_1008x756-768x576.jpg 768w\" sizes=\"auto, (max-width: 1008px) 100vw, 1008px\" \/><\/a><\/figure><\/li><li class=\"blocks-gallery-item\"><figure><a href=\"https:\/\/gothein.de\/reiseblog\/wp-content\/uploads\/2021\/07\/20210703_135131_copy_1008x756.jpg\"><img loading=\"lazy\" decoding=\"async\" width=\"1008\" height=\"756\" src=\"https:\/\/gothein.de\/reiseblog\/wp-content\/uploads\/2021\/07\/20210703_135131_copy_1008x756.jpg\" data-id=\"4417\" class=\"wp-image-4417\" srcset=\"https:\/\/gothein.de\/reiseblog\/wp-content\/uploads\/2021\/07\/20210703_135131_copy_1008x756.jpg 1008w, https:\/\/gothein.de\/reiseblog\/wp-content\/uploads\/2021\/07\/20210703_135131_copy_1008x756-300x225.jpg 300w, https:\/\/gothein.de\/reiseblog\/wp-content\/uploads\/2021\/07\/20210703_135131_copy_1008x756-768x576.jpg 768w\" sizes=\"auto, (max-width: 1008px) 100vw, 1008px\" \/><\/a><\/figure><\/li><li class=\"blocks-gallery-item\"><figure><a href=\"https:\/\/gothein.de\/reiseblog\/wp-content\/uploads\/2021\/07\/20210703_135242_copy_1008x756.jpg\"><img loading=\"lazy\" decoding=\"async\" width=\"1008\" height=\"756\" src=\"https:\/\/gothein.de\/reiseblog\/wp-content\/uploads\/2021\/07\/20210703_135242_copy_1008x756.jpg\" data-id=\"4415\" class=\"wp-image-4415\" srcset=\"https:\/\/gothein.de\/reiseblog\/wp-content\/uploads\/2021\/07\/20210703_135242_copy_1008x756.jpg 1008w, https:\/\/gothein.de\/reiseblog\/wp-content\/uploads\/2021\/07\/20210703_135242_copy_1008x756-300x225.jpg 300w, https:\/\/gothein.de\/reiseblog\/wp-content\/uploads\/2021\/07\/20210703_135242_copy_1008x756-768x576.jpg 768w\" sizes=\"auto, (max-width: 1008px) 100vw, 1008px\" \/><\/a><\/figure><\/li><li class=\"blocks-gallery-item\"><figure><a href=\"https:\/\/gothein.de\/reiseblog\/wp-content\/uploads\/2021\/07\/image_editor_output_image-1722970472-1625403403070.jpg\"><img loading=\"lazy\" decoding=\"async\" width=\"720\" height=\"969\" src=\"https:\/\/gothein.de\/reiseblog\/wp-content\/uploads\/2021\/07\/image_editor_output_image-1722970472-1625403403070.jpg\" data-id=\"4420\" class=\"wp-image-4420\" srcset=\"https:\/\/gothein.de\/reiseblog\/wp-content\/uploads\/2021\/07\/image_editor_output_image-1722970472-1625403403070.jpg 720w, https:\/\/gothein.de\/reiseblog\/wp-content\/uploads\/2021\/07\/image_editor_output_image-1722970472-1625403403070-223x300.jpg 223w\" sizes=\"auto, (max-width: 720px) 100vw, 720px\" \/><\/a><\/figure><\/li><\/ul><\/figure>\n\n\n\n<p>Von Oberabtsteinach \u00fcber die Zwischenanstiege Hilsenhain und Lampenhain komme ich nach Wilhelmsfeld. Der h\u00f6chste Punkt ist kurz danach am kleinen Pass &#8222;langer Kirschbaum&#8220; mit 500 Metern erreicht. Nach dem letzten Anstieg zum K\u00f6pfel \u00fcber Ziegelhausen \u00f6ffnet sich erstmals wieder den Blick auf den Neckar. Sehr braun ist der Fluss und mit hoher Flie\u00dfgeschwindigkeit stelle ich an der alten Br\u00fccke fest. Die SUP Paddler k\u00f6nnen auf ihren Brettern sitzen und sich treiben lassen. <\/p>\n\n\n\n        <div id=\"map_ol3js_1\"\n             class=\"map undefined\"\n             data-map_name=\"undefined\"\n             data-map=\"map_ol3js_1\"\n             style=\"width:100%;\n                    max-width:100%;\n                    height:450px;\n                    display:block;\n                    overflow:hidden;\n                    border:2px solid grey;\">\n          <div id=\"map_ol3js_1_popup\" class=\"ol-popup\">\n            <a href=\"#\" id=\"map_ol3js_1_popup-closer\" class=\"ol-popup-closer\"><\/a>\n            <div id=\"map_ol3js_1_popup-content\"><\/div>\n          <\/div>\n        <\/div>\n    \n\n\t\t\t\t<script type=\"text\/javascript\">\n\t\t\t\t\ttranslations['openlayer'] = \"open layer\";\n\t\t\t\t\ttranslations['openlayerAtStartup'] = \"open layer at startup\";\n\t\t\t\t\ttranslations['generateLink'] = \"Der Link zur Karte mit ausgew\u00e4hlten Overlays und angezeigtem Ausschnitt\";\n\t\t\t\t\ttranslations['shortDescription'] = \"Kurzbeschreibung\";\n\t\t\t\t\ttranslations['generatedShortCode'] = \"to get a text control link paste this code in your wordpress editor\";\n\t\t\t\t\ttranslations['closeLayer'] = \"close layer\";\n\t\t\t\t\ttranslations['cantGenerateLink'] = \"put this string in the existing map short code to control this map\";\n\t\t\t  <\/script>\n\n\n\t\t\t  <script type=\"text\/javascript\">\n\t\t\t  vectorM['map_ol3js_1'] = [];\n\t        \n        var raster = getTileLayer(\"osm\",\"NoKey\");\t\t\t\n\n\t\t\t  var map_ol3js_1 = new ol.Map({\n\t\t\t\tinteractions: ol.interaction.defaults.defaults({mouseWheelZoom:false}),\n\t\t\t\tlayers: [raster],\n\t\t\t\ttarget: \"map_ol3js_1\",\n\t\t\t\tview: new ol.View({\n\t\t\t\t  center: ol.proj.transform([8.682648,49.460268], \"EPSG:4326\", \"EPSG:3857\"),\n\t\t\t\t  zoom: 10.540603\n\t\t\t\t})\n\t\t\t  });\n\t\t\t  \n    var style0 = {\n      \"Point\": [new ol.style.Style({\n\n          image: new ol.style.Icon({\n            anchor: [0.5, 41],\n            anchorXUnits: \"fraction\",\n            anchorYUnits: \"pixels\",\n            opacity: 0.75,\n            src: \"https:\/\/gothein.de\/reiseblog\/wp-content\/plugins\/osm\/icons\/mic_blue_pinother_02.png\"\n          })\n      })],\n\n      \"LineString\": [new ol.style.Style({\n        stroke: new ol.style.Stroke({\n          color: \"blue\",\n          width: 8\n        })\n      })],\n      \"MultiLineString\": [new ol.style.Style({\n        stroke: new ol.style.Stroke({\n          color: \"blue\",\n          width: 4\n        })\n      })]\n    };\n\t\t  var vectorL0 = new ol.layer.Vector({\n\t\t\t\tsource: new ol.source.Vector({\n\t\t\t\turl:\"\/reiseblog\/wp-content\/uploads\/gpx\/20210703_Odenwald.gpx\",\n\t\t\t\tformat: new ol.format.GPX({\n\t\t\t\t\textractStyles: false\n\t\t\t\t})\n\t\t\t}),\n\t\t\tzIndex: 92,\n\t\t\tstyle: function(feature, resolution) {return style0[feature.getGeometry().getType()];}\n\t\t  });\n\t\t  map_ol3js_1.addLayer(vectorL0);addControls2Map(map_ol3js_1,0,0,3,1,5,6,7,0,1);\nosm_addPopupClickhandler(map_ol3js_1,  \"map_ol3js_1\"); \nosm_addMouseHover(map_ol3js_1); <\/script>\n","protected":false},"excerpt":{"rendered":"<p>Wieder unternehme ich heute bei ziemlich viel Sonne mit ein paar kleinen Wolken eine Tour in den Odenwald. 80 km mit 1000 H\u00f6henmetern sind es geworden von denen die ersten 30km \u00fcber die Ebene bis Neckarhausen, dort \u00fcber die Eisenbahnbr\u00fccke nach Ladenburg und \u00fcber Felder und Radwege bis Gro\u00dfsachsen f\u00fchren. Der Aufstieg von Hohensachsen nach [&hellip;]<\/p>\n","protected":false},"author":1,"featured_media":0,"comment_status":"open","ping_status":"open","sticky":false,"template":"","format":"standard","meta":{"ngg_post_thumbnail":0,"_jetpack_memberships_contains_paid_content":false,"footnotes":""},"categories":[1],"tags":[146,148,170],"class_list":["post-4408","post","type-post","status-publish","format-standard","hentry","category-allgemein","tag-baden-wuerttemberg","tag-heidelberg","tag-odenwald"],"jetpack_featured_media_url":"","jetpack_sharing_enabled":true,"_links":{"self":[{"href":"https:\/\/gothein.de\/reiseblog\/wp-json\/wp\/v2\/posts\/4408","targetHints":{"allow":["GET"]}}],"collection":[{"href":"https:\/\/gothein.de\/reiseblog\/wp-json\/wp\/v2\/posts"}],"about":[{"href":"https:\/\/gothein.de\/reiseblog\/wp-json\/wp\/v2\/types\/post"}],"author":[{"embeddable":true,"href":"https:\/\/gothein.de\/reiseblog\/wp-json\/wp\/v2\/users\/1"}],"replies":[{"embeddable":true,"href":"https:\/\/gothein.de\/reiseblog\/wp-json\/wp\/v2\/comments?post=4408"}],"version-history":[{"count":0,"href":"https:\/\/gothein.de\/reiseblog\/wp-json\/wp\/v2\/posts\/4408\/revisions"}],"wp:attachment":[{"href":"https:\/\/gothein.de\/reiseblog\/wp-json\/wp\/v2\/media?parent=4408"}],"wp:term":[{"taxonomy":"category","embeddable":true,"href":"https:\/\/gothein.de\/reiseblog\/wp-json\/wp\/v2\/categories?post=4408"},{"taxonomy":"post_tag","embeddable":true,"href":"https:\/\/gothein.de\/reiseblog\/wp-json\/wp\/v2\/tags?post=4408"}],"curies":[{"name":"wp","href":"https:\/\/api.w.org\/{rel}","templated":true}]}}