

{"id":4382,"date":"2021-06-29T18:59:23","date_gmt":"2021-06-29T16:59:23","guid":{"rendered":"https:\/\/gothein.de\/reiseblog\/?p=4382"},"modified":"2021-06-29T19:32:11","modified_gmt":"2021-06-29T17:32:11","slug":"vom-bodensee-zum-ilmensee","status":"publish","type":"post","link":"https:\/\/gothein.de\/reiseblog\/2021\/06\/29\/vom-bodensee-zum-ilmensee\/","title":{"rendered":"Vom Bodensee zum Ilmensee"},"content":{"rendered":"\n<p>Am Wochenende hat es uns mal wieder an den Bodensee gezogen und mein Rennrad habe ich mitgenommen um am Samstag Nachmittag, bei nicht zu heissen Temperaturen, eine Tour \u00fcber den Heiligenberg zum Ilmensee zu unternehmen. \u00dcber den H\u00f6chsten und das Deggenhausertal nach Salem ging es wieder zur\u00fcck. 65 km mit 965 H\u00f6henmetern.<\/p>\n\n\n\n<figure class=\"wp-block-image size-large is-style-default\"><img loading=\"lazy\" decoding=\"async\" width=\"1440\" height=\"2560\" src=\"https:\/\/gothein.de\/reiseblog\/wp-content\/uploads\/2021\/06\/20210629_185240_copy_1620x2880-scaled.jpg\" alt=\"\" class=\"wp-image-4380\" srcset=\"https:\/\/gothein.de\/reiseblog\/wp-content\/uploads\/2021\/06\/20210629_185240_copy_1620x2880-scaled.jpg 1440w, https:\/\/gothein.de\/reiseblog\/wp-content\/uploads\/2021\/06\/20210629_185240_copy_1620x2880-169x300.jpg 169w, https:\/\/gothein.de\/reiseblog\/wp-content\/uploads\/2021\/06\/20210629_185240_copy_1620x2880-576x1024.jpg 576w, https:\/\/gothein.de\/reiseblog\/wp-content\/uploads\/2021\/06\/20210629_185240_copy_1620x2880-768x1365.jpg 768w, https:\/\/gothein.de\/reiseblog\/wp-content\/uploads\/2021\/06\/20210629_185240_copy_1620x2880-864x1536.jpg 864w, https:\/\/gothein.de\/reiseblog\/wp-content\/uploads\/2021\/06\/20210629_185240_copy_1620x2880-1152x2048.jpg 1152w\" sizes=\"auto, (max-width: 1440px) 100vw, 1440px\" \/><\/figure>\n\n\n\n<p>\u00dcber den H\u00fcgeln thront zun\u00e4chst das Heiligenberger Schloss mit Blick bis zum Bodensee und entlang des Wegs viele nette D\u00f6rfer die, obwohl doch schon einige Kilometer entfernt vom See, viel touristisches Angebot haben. \u00dcber eine steile Abfahrt zum Ende des Deggenhausertal und auf der anderen Seite einem kleinen sehr steilen Anstieg kommt man bald nach Ilmensee. Von dort f\u00fchren kleine Stra\u00dfen weiter und es \u00f6ffnen sich ein paar Ausblicke auf den See.<\/p>\n\n\n\n<figure class=\"wp-block-image size-large\"><img loading=\"lazy\" decoding=\"async\" width=\"1440\" height=\"2560\" src=\"https:\/\/gothein.de\/reiseblog\/wp-content\/uploads\/2021\/06\/20210629_185511_copy_1620x2880-scaled.jpg\" alt=\"\" class=\"wp-image-4381\" srcset=\"https:\/\/gothein.de\/reiseblog\/wp-content\/uploads\/2021\/06\/20210629_185511_copy_1620x2880-scaled.jpg 1440w, https:\/\/gothein.de\/reiseblog\/wp-content\/uploads\/2021\/06\/20210629_185511_copy_1620x2880-169x300.jpg 169w, https:\/\/gothein.de\/reiseblog\/wp-content\/uploads\/2021\/06\/20210629_185511_copy_1620x2880-576x1024.jpg 576w, https:\/\/gothein.de\/reiseblog\/wp-content\/uploads\/2021\/06\/20210629_185511_copy_1620x2880-768x1365.jpg 768w, https:\/\/gothein.de\/reiseblog\/wp-content\/uploads\/2021\/06\/20210629_185511_copy_1620x2880-864x1536.jpg 864w, https:\/\/gothein.de\/reiseblog\/wp-content\/uploads\/2021\/06\/20210629_185511_copy_1620x2880-1152x2048.jpg 1152w\" sizes=\"auto, (max-width: 1440px) 100vw, 1440px\" \/><\/figure>\n\n\n\n<p>Von Illwangen steigt die Stra\u00dfe noch einmal ziemlich steil  zum H\u00f6chsten Plateau. Ein bisschen Rummel gibt es in der Aussichtsh\u00fctte auf dem Gipfel. Durchs Deggenhausertal bis Salem dann \u00fcber den mittlerweile sch\u00f6n gepflasterten Weg zum Affenberg bis Oberuhldingen ist es auf den Radwegen noch recht einsam. Am See selbst ist nunmehr die H\u00f6lle los. So war ich ganz froh, dass ich nur diese kleine Passage entlang des Sees gefahren bin. Zum Abschluss noch ein Blick von der \u00dcberlinger \u201eLiebesinsel\u201c zum S\u00e4ntis in der Schweiz.<\/p>\n\n\n\n        <div id=\"map_ol3js_1\"\n             class=\"map undefined\"\n             data-map_name=\"undefined\"\n             data-map=\"map_ol3js_1\"\n             style=\"width:100%;\n                    max-width:100%;\n                    height:450px;\n                    display:block;\n                    overflow:hidden;\n                    border:2px solid grey;\">\n          <div id=\"map_ol3js_1_popup\" class=\"ol-popup\">\n            <a href=\"#\" id=\"map_ol3js_1_popup-closer\" class=\"ol-popup-closer\"><\/a>\n            <div id=\"map_ol3js_1_popup-content\"><\/div>\n          <\/div>\n        <\/div>\n    \n\n\t\t\t\t<script type=\"text\/javascript\">\n\t\t\t\t\ttranslations['openlayer'] = \"open layer\";\n\t\t\t\t\ttranslations['openlayerAtStartup'] = \"open layer at startup\";\n\t\t\t\t\ttranslations['generateLink'] = \"Der Link zur Karte mit ausgew\u00e4hlten Overlays und angezeigtem Ausschnitt\";\n\t\t\t\t\ttranslations['shortDescription'] = \"Kurzbeschreibung\";\n\t\t\t\t\ttranslations['generatedShortCode'] = \"to get a text control link paste this code in your wordpress editor\";\n\t\t\t\t\ttranslations['closeLayer'] = \"close layer\";\n\t\t\t\t\ttranslations['cantGenerateLink'] = \"put this string in the existing map short code to control this map\";\n\t\t\t  <\/script>\n\n\n\t\t\t  <script type=\"text\/javascript\">\n\t\t\t  vectorM['map_ol3js_1'] = [];\n\t        \n        var raster = getTileLayer(\"osm\",\"NoKey\");\t\t\t\n\n\t\t\t  var map_ol3js_1 = new ol.Map({\n\t\t\t\tinteractions: ol.interaction.defaults.defaults({mouseWheelZoom:false}),\n\t\t\t\tlayers: [raster],\n\t\t\t\ttarget: \"map_ol3js_1\",\n\t\t\t\tview: new ol.View({\n\t\t\t\t  center: ol.proj.transform([9.299620,47.801022], \"EPSG:4326\", \"EPSG:3857\"),\n\t\t\t\t  zoom: 10.773365\n\t\t\t\t})\n\t\t\t  });\n\t\t\t  \n    var style0 = {\n      \"Point\": [new ol.style.Style({\n\n          image: new ol.style.Icon({\n            anchor: [0.5, 41],\n            anchorXUnits: \"fraction\",\n            anchorYUnits: \"pixels\",\n            opacity: 0.75,\n            src: \"https:\/\/gothein.de\/reiseblog\/wp-content\/plugins\/osm\/icons\/mic_blue_pinother_02.png\"\n          })\n      })],\n\n      \"LineString\": [new ol.style.Style({\n        stroke: new ol.style.Stroke({\n          color: \"blue\",\n          width: 8\n        })\n      })],\n      \"MultiLineString\": [new ol.style.Style({\n        stroke: new ol.style.Stroke({\n          color: \"blue\",\n          width: 4\n        })\n      })]\n    };\n\t\t  var vectorL0 = new ol.layer.Vector({\n\t\t\t\tsource: new ol.source.Vector({\n\t\t\t\turl:\"\/reiseblog\/wp-content\/uploads\/gpx\/20210626_Bodensee_Ilmensee.gpx\",\n\t\t\t\tformat: new ol.format.GPX({\n\t\t\t\t\textractStyles: false\n\t\t\t\t})\n\t\t\t}),\n\t\t\tzIndex: 92,\n\t\t\tstyle: function(feature, resolution) {return style0[feature.getGeometry().getType()];}\n\t\t  });\n\t\t  map_ol3js_1.addLayer(vectorL0);addControls2Map(map_ol3js_1,0,0,3,1,5,6,7,0,1);\nosm_addPopupClickhandler(map_ol3js_1,  \"map_ol3js_1\"); \nosm_addMouseHover(map_ol3js_1); <\/script>\n","protected":false},"excerpt":{"rendered":"<p>Am Wochenende hat es uns mal wieder an den Bodensee gezogen und mein Rennrad habe ich mitgenommen um am Samstag Nachmittag, bei nicht zu heissen Temperaturen, eine Tour \u00fcber den Heiligenberg zum Ilmensee zu unternehmen. \u00dcber den H\u00f6chsten und das Deggenhausertal nach Salem ging es wieder zur\u00fcck. 65 km mit 965 H\u00f6henmetern. \u00dcber den H\u00fcgeln [&hellip;]<\/p>\n","protected":false},"author":1,"featured_media":0,"comment_status":"open","ping_status":"open","sticky":false,"template":"","format":"standard","meta":{"ngg_post_thumbnail":0,"_jetpack_memberships_contains_paid_content":false,"footnotes":""},"categories":[1],"tags":[146,101,179,186],"class_list":["post-4382","post","type-post","status-publish","format-standard","hentry","category-allgemein","tag-baden-wuerttemberg","tag-bodensee","tag-hoechsten","tag-ilmensee"],"jetpack_featured_media_url":"","jetpack_sharing_enabled":true,"_links":{"self":[{"href":"https:\/\/gothein.de\/reiseblog\/wp-json\/wp\/v2\/posts\/4382","targetHints":{"allow":["GET"]}}],"collection":[{"href":"https:\/\/gothein.de\/reiseblog\/wp-json\/wp\/v2\/posts"}],"about":[{"href":"https:\/\/gothein.de\/reiseblog\/wp-json\/wp\/v2\/types\/post"}],"author":[{"embeddable":true,"href":"https:\/\/gothein.de\/reiseblog\/wp-json\/wp\/v2\/users\/1"}],"replies":[{"embeddable":true,"href":"https:\/\/gothein.de\/reiseblog\/wp-json\/wp\/v2\/comments?post=4382"}],"version-history":[{"count":0,"href":"https:\/\/gothein.de\/reiseblog\/wp-json\/wp\/v2\/posts\/4382\/revisions"}],"wp:attachment":[{"href":"https:\/\/gothein.de\/reiseblog\/wp-json\/wp\/v2\/media?parent=4382"}],"wp:term":[{"taxonomy":"category","embeddable":true,"href":"https:\/\/gothein.de\/reiseblog\/wp-json\/wp\/v2\/categories?post=4382"},{"taxonomy":"post_tag","embeddable":true,"href":"https:\/\/gothein.de\/reiseblog\/wp-json\/wp\/v2\/tags?post=4382"}],"curies":[{"name":"wp","href":"https:\/\/api.w.org\/{rel}","templated":true}]}}