

{"id":4355,"date":"2021-04-01T16:06:30","date_gmt":"2021-04-01T14:06:30","guid":{"rendered":"https:\/\/gothein.de\/reiseblog\/?p=4355"},"modified":"2021-04-01T17:04:18","modified_gmt":"2021-04-01T15:04:18","slug":"ueber-meersburg-friedrichshafen-markdorf","status":"publish","type":"post","link":"https:\/\/gothein.de\/reiseblog\/2021\/04\/01\/ueber-meersburg-friedrichshafen-markdorf\/","title":{"rendered":"\u00dcber Meersburg, Friedrichshafen, Markdorf"},"content":{"rendered":"\n<p>Auch heute h\u00e4lt das Wetter und um die Mittagszeit ist die Temperatur schon wieder sehr angenehm. Der Seeradweg durch Meersburg mit der namensgebenden Burg direkt am See bis Hagnau und dann in zweiter Reihe bis Immenstaad ist wirklich gut ausgebaut. Das Ufer in Hagnau ist auf jeden Fall den Besuch wert. In der Meersburger Innenstadt ist es verh\u00e4ltnism\u00e4\u00dfig einsam., trotzdem \u00fcberall Schilder mit Maskenpflicht. Auch die Radwege sind kaum bev\u00f6lkert und man kann sich gut aus dem Weg gehen. <\/p>\n\n\n\n<p>Ab Fischbach geht es nicht mehr so sch\u00f6n weiter, der Radweg l\u00e4uft einfach direkt an der sehr befahrenen Bundesstra\u00dfe entlang. Bei Airbus, fr\u00fcher Dornier beginnt eine neue Umfahrung um Friedrichshafen aber dennoch ist auf der alten B31 immer noch l\u00fcckenloser lauter Lasterverkehr. <\/p>\n\n\n\n<figure class=\"wp-block-image size-large\"><img loading=\"lazy\" decoding=\"async\" width=\"2560\" height=\"2560\" src=\"https:\/\/gothein.de\/reiseblog\/wp-content\/uploads\/2021\/04\/20210401_155318-scaled.jpg\" alt=\"\" class=\"wp-image-4353\" srcset=\"https:\/\/gothein.de\/reiseblog\/wp-content\/uploads\/2021\/04\/20210401_155318-scaled.jpg 2560w, https:\/\/gothein.de\/reiseblog\/wp-content\/uploads\/2021\/04\/20210401_155318-300x300.jpg 300w, https:\/\/gothein.de\/reiseblog\/wp-content\/uploads\/2021\/04\/20210401_155318-1024x1024.jpg 1024w, https:\/\/gothein.de\/reiseblog\/wp-content\/uploads\/2021\/04\/20210401_155318-150x150.jpg 150w, https:\/\/gothein.de\/reiseblog\/wp-content\/uploads\/2021\/04\/20210401_155318-768x768.jpg 768w, https:\/\/gothein.de\/reiseblog\/wp-content\/uploads\/2021\/04\/20210401_155318-1536x1536.jpg 1536w, https:\/\/gothein.de\/reiseblog\/wp-content\/uploads\/2021\/04\/20210401_155318-2048x2048.jpg 2048w, https:\/\/gothein.de\/reiseblog\/wp-content\/uploads\/2021\/04\/20210401_155318-60x60.jpg 60w\" sizes=\"auto, (max-width: 2560px) 100vw, 2560px\" \/><figcaption>Meersburg, Hagnau, Immenstaad<\/figcaption><\/figure>\n\n\n\n<p>Kurz vor Friedrichshafen wird es uns zu laut und wir kehren dem See den R\u00fccken und drehen ins Hinterland ab. Bis Markdorf geht es auf Nebenstra\u00dfen oder Radwegen. Nach der Unterf\u00fchrung der neuen B31 verfahren wir uns aber erstmal und landen im Wald. An Markdorf vorbei, das Stadtzentrum lassen wir aus, f\u00fchrt der Weg sehr sch\u00f6n \u00fcber Bermatingen, Ahausen, unterhalb der idyllischen Kapelle von Baitenhausen bis Schiggendorf. Ein Ort, an dem man eher nicht vorbeikommt, sehr l\u00e4ndlich mit sch\u00f6nen alten Fachwerksh\u00e4usern. Nur der Radweg von hier nach Gebhardsweiler ist eine Zumutung. Grober Kies mit gr\u00f6\u00dferen Steigungen. Bei Ober-Uhldingen schlie\u00dfen wir die Runde wieder.<\/p>\n\n\n\n<figure class=\"wp-block-image size-large\"><img loading=\"lazy\" decoding=\"async\" width=\"1440\" height=\"2560\" src=\"https:\/\/gothein.de\/reiseblog\/wp-content\/uploads\/2021\/04\/20210401_155810-scaled.jpg\" alt=\"\" class=\"wp-image-4354\" srcset=\"https:\/\/gothein.de\/reiseblog\/wp-content\/uploads\/2021\/04\/20210401_155810-scaled.jpg 1440w, https:\/\/gothein.de\/reiseblog\/wp-content\/uploads\/2021\/04\/20210401_155810-169x300.jpg 169w, https:\/\/gothein.de\/reiseblog\/wp-content\/uploads\/2021\/04\/20210401_155810-576x1024.jpg 576w, https:\/\/gothein.de\/reiseblog\/wp-content\/uploads\/2021\/04\/20210401_155810-768x1365.jpg 768w, https:\/\/gothein.de\/reiseblog\/wp-content\/uploads\/2021\/04\/20210401_155810-864x1536.jpg 864w, https:\/\/gothein.de\/reiseblog\/wp-content\/uploads\/2021\/04\/20210401_155810-1152x2048.jpg 1152w\" sizes=\"auto, (max-width: 1440px) 100vw, 1440px\" \/><\/figure>\n\n\n\n<p>56 km und wellige 360 H\u00f6henmeter sind es heute geworden.<\/p>\n\n\n\n        <div id=\"map_ol3js_1\"\n             class=\"map undefined\"\n             data-map_name=\"undefined\"\n             data-map=\"map_ol3js_1\"\n             style=\"width:100%;\n                    max-width:100%;\n                    height:450px;\n                    display:block;\n                    overflow:hidden;\n                    border:2px solid grey;\">\n          <div id=\"map_ol3js_1_popup\" class=\"ol-popup\">\n            <a href=\"#\" id=\"map_ol3js_1_popup-closer\" class=\"ol-popup-closer\"><\/a>\n            <div id=\"map_ol3js_1_popup-content\"><\/div>\n          <\/div>\n        <\/div>\n    \n\n\t\t\t\t<script type=\"text\/javascript\">\n\t\t\t\t\ttranslations['openlayer'] = \"open layer\";\n\t\t\t\t\ttranslations['openlayerAtStartup'] = \"open layer at startup\";\n\t\t\t\t\ttranslations['generateLink'] = \"Der Link zur Karte mit ausgew\u00e4hlten Overlays und angezeigtem Ausschnitt\";\n\t\t\t\t\ttranslations['shortDescription'] = \"Kurzbeschreibung\";\n\t\t\t\t\ttranslations['generatedShortCode'] = \"to get a text control link paste this code in your wordpress editor\";\n\t\t\t\t\ttranslations['closeLayer'] = \"close layer\";\n\t\t\t\t\ttranslations['cantGenerateLink'] = \"put this string in the existing map short code to control this map\";\n\t\t\t  <\/script>\n\n\n\t\t\t  <script type=\"text\/javascript\">\n\t\t\t  vectorM['map_ol3js_1'] = [];\n\t        \n        var raster = getTileLayer(\"osm\",\"NoKey\");\t\t\t\n\n\t\t\t  var map_ol3js_1 = new ol.Map({\n\t\t\t\tinteractions: ol.interaction.defaults.defaults({mouseWheelZoom:false}),\n\t\t\t\tlayers: [raster],\n\t\t\t\ttarget: \"map_ol3js_1\",\n\t\t\t\tview: new ol.View({\n\t\t\t\t  center: ol.proj.transform([9.321675,47.706766], \"EPSG:4326\", \"EPSG:3857\"),\n\t\t\t\t  zoom: 10.803973\n\t\t\t\t})\n\t\t\t  });\n\t\t\t  \n    var style0 = {\n      \"Point\": [new ol.style.Style({\n\n          image: new ol.style.Icon({\n            anchor: [0.5, 41],\n            anchorXUnits: \"fraction\",\n            anchorYUnits: \"pixels\",\n            opacity: 0.75,\n            src: \"https:\/\/gothein.de\/reiseblog\/wp-content\/plugins\/osm\/icons\/mic_blue_pinother_02.png\"\n          })\n      })],\n\n      \"LineString\": [new ol.style.Style({\n        stroke: new ol.style.Stroke({\n          color: \"blue\",\n          width: 8\n        })\n      })],\n      \"MultiLineString\": [new ol.style.Style({\n        stroke: new ol.style.Stroke({\n          color: \"blue\",\n          width: 4\n        })\n      })]\n    };\n\t\t  var vectorL0 = new ol.layer.Vector({\n\t\t\t\tsource: new ol.source.Vector({\n\t\t\t\turl:\"\/reiseblog\/wp-content\/uploads\/gpx\/20210401_Meersburg_FN_Markdorf.gpx\",\n\t\t\t\tformat: new ol.format.GPX({\n\t\t\t\t\textractStyles: false\n\t\t\t\t})\n\t\t\t}),\n\t\t\tzIndex: 92,\n\t\t\tstyle: function(feature, resolution) {return style0[feature.getGeometry().getType()];}\n\t\t  });\n\t\t  map_ol3js_1.addLayer(vectorL0);addControls2Map(map_ol3js_1,0,0,3,1,5,6,7,0,1);\nosm_addPopupClickhandler(map_ol3js_1,  \"map_ol3js_1\"); \nosm_addMouseHover(map_ol3js_1); <\/script>\n","protected":false},"excerpt":{"rendered":"<p>Auch heute h\u00e4lt das Wetter und um die Mittagszeit ist die Temperatur schon wieder sehr angenehm. Der Seeradweg durch Meersburg mit der namensgebenden Burg direkt am See bis Hagnau und dann in zweiter Reihe bis Immenstaad ist wirklich gut ausgebaut. Das Ufer in Hagnau ist auf jeden Fall den Besuch wert. In der Meersburger Innenstadt [&hellip;]<\/p>\n","protected":false},"author":1,"featured_media":0,"comment_status":"open","ping_status":"open","sticky":false,"template":"","format":"standard","meta":{"ngg_post_thumbnail":0,"_jetpack_memberships_contains_paid_content":false,"footnotes":""},"categories":[1],"tags":[146,181,180],"class_list":["post-4355","post","type-post","status-publish","format-standard","hentry","category-allgemein","tag-baden-wuerttemberg","tag-friedrichshafen","tag-meersburg"],"jetpack_featured_media_url":"","jetpack_sharing_enabled":true,"_links":{"self":[{"href":"https:\/\/gothein.de\/reiseblog\/wp-json\/wp\/v2\/posts\/4355","targetHints":{"allow":["GET"]}}],"collection":[{"href":"https:\/\/gothein.de\/reiseblog\/wp-json\/wp\/v2\/posts"}],"about":[{"href":"https:\/\/gothein.de\/reiseblog\/wp-json\/wp\/v2\/types\/post"}],"author":[{"embeddable":true,"href":"https:\/\/gothein.de\/reiseblog\/wp-json\/wp\/v2\/users\/1"}],"replies":[{"embeddable":true,"href":"https:\/\/gothein.de\/reiseblog\/wp-json\/wp\/v2\/comments?post=4355"}],"version-history":[{"count":0,"href":"https:\/\/gothein.de\/reiseblog\/wp-json\/wp\/v2\/posts\/4355\/revisions"}],"wp:attachment":[{"href":"https:\/\/gothein.de\/reiseblog\/wp-json\/wp\/v2\/media?parent=4355"}],"wp:term":[{"taxonomy":"category","embeddable":true,"href":"https:\/\/gothein.de\/reiseblog\/wp-json\/wp\/v2\/categories?post=4355"},{"taxonomy":"post_tag","embeddable":true,"href":"https:\/\/gothein.de\/reiseblog\/wp-json\/wp\/v2\/tags?post=4355"}],"curies":[{"name":"wp","href":"https:\/\/api.w.org\/{rel}","templated":true}]}}