

{"id":4326,"date":"2020-11-15T18:32:33","date_gmt":"2020-11-15T17:32:33","guid":{"rendered":"https:\/\/gothein.de\/reiseblog\/?p=4326"},"modified":"2020-11-15T18:32:57","modified_gmt":"2020-11-15T17:32:57","slug":"wanderung-neckargemuend-neckarsteinach","status":"publish","type":"post","link":"https:\/\/gothein.de\/reiseblog\/2020\/11\/15\/wanderung-neckargemuend-neckarsteinach\/","title":{"rendered":"Wanderung Neckargem\u00fcnd &#8211; Neckarsteinach"},"content":{"rendered":"\n<p>Schon wieder ein milder herbstlicher Sonntag mitten im November. Ein Tag pr\u00e4destiniert um eine kleine Wanderung zu machen. In Neckargem\u00fcnd starten wir und queren den Neckar. Von der Br\u00fccke ist die Aussicht auf den Ort, die M\u00fcndung der Elsenz und der Neckar besonders sch\u00f6n. Auf der anderen Seite f\u00fchrt der Weg steil nach oben um dann wieder langsam Richtung Neckarsteinach abzufallen. <\/p>\n\n\n\n<figure class=\"wp-block-image size-large\"><img loading=\"lazy\" decoding=\"async\" width=\"1024\" height=\"1024\" src=\"https:\/\/gothein.de\/reiseblog\/wp-content\/uploads\/2020\/11\/20201115_175047-1024x1024.jpg\" alt=\"\" class=\"wp-image-4324\" srcset=\"https:\/\/gothein.de\/reiseblog\/wp-content\/uploads\/2020\/11\/20201115_175047-1024x1024.jpg 1024w, https:\/\/gothein.de\/reiseblog\/wp-content\/uploads\/2020\/11\/20201115_175047-300x300.jpg 300w, https:\/\/gothein.de\/reiseblog\/wp-content\/uploads\/2020\/11\/20201115_175047-150x150.jpg 150w, https:\/\/gothein.de\/reiseblog\/wp-content\/uploads\/2020\/11\/20201115_175047-768x768.jpg 768w, https:\/\/gothein.de\/reiseblog\/wp-content\/uploads\/2020\/11\/20201115_175047-1536x1536.jpg 1536w, https:\/\/gothein.de\/reiseblog\/wp-content\/uploads\/2020\/11\/20201115_175047-2048x2048.jpg 2048w, https:\/\/gothein.de\/reiseblog\/wp-content\/uploads\/2020\/11\/20201115_175047-60x60.jpg 60w\" sizes=\"auto, (max-width: 1024px) 100vw, 1024px\" \/><\/figure>\n\n\n\n<p>Je mehr wir uns Neckarsteinach n\u00e4hern umso voller wird es. Bei der ersten Burg, dem Schwalbennest oder Burg Schadeck hat man einen wunder baren Blick auf den Ort, auf den Dilsberg und den Neckar. <\/p>\n\n\n\n<p>An der zweiten Burg, der Hinterburg, ist ein derartiges Get\u00fcmmel, dass wir schnell weiter gehen. Die Restaurants im Ort sind zu aber einige bieten Essen zum mitnehmen an. Nach kurzer Wartezeit tragen wir unseren Pizzakarton zur Bootsanlegestelle, finden eine sonnige Bank und verzehren das Mittagsmahl. Wir sind nicht die Einzigen mit dieser Idee, was sich an den Papierk\u00f6rben erkennen l\u00e4sst. <\/p>\n\n\n\n<figure class=\"wp-block-image size-large\"><img loading=\"lazy\" decoding=\"async\" width=\"1024\" height=\"1024\" src=\"https:\/\/gothein.de\/reiseblog\/wp-content\/uploads\/2020\/11\/20201115_175238-1024x1024.jpg\" alt=\"\" class=\"wp-image-4325\" srcset=\"https:\/\/gothein.de\/reiseblog\/wp-content\/uploads\/2020\/11\/20201115_175238-1024x1024.jpg 1024w, https:\/\/gothein.de\/reiseblog\/wp-content\/uploads\/2020\/11\/20201115_175238-300x300.jpg 300w, https:\/\/gothein.de\/reiseblog\/wp-content\/uploads\/2020\/11\/20201115_175238-150x150.jpg 150w, https:\/\/gothein.de\/reiseblog\/wp-content\/uploads\/2020\/11\/20201115_175238-768x768.jpg 768w, https:\/\/gothein.de\/reiseblog\/wp-content\/uploads\/2020\/11\/20201115_175238-1536x1536.jpg 1536w, https:\/\/gothein.de\/reiseblog\/wp-content\/uploads\/2020\/11\/20201115_175238-2048x2048.jpg 2048w, https:\/\/gothein.de\/reiseblog\/wp-content\/uploads\/2020\/11\/20201115_175238-60x60.jpg 60w\" sizes=\"auto, (max-width: 1024px) 100vw, 1024px\" \/><\/figure>\n\n\n\n<p>Auf dem kleinen Uferweg zum Neckar Kraftwerk mit Schleuse und \u00dcbergang  hat man nochmal einen tollen Blick auf den Neckar und die Burgen. Auf der anderen Seite ist es um 14h schon schattig und auf dem steilen Weg zum Dilsberg hoch begegnen uns auch wieder einige. Steil runter Richtung Rainbach und dann nochmal kurz steil hoch in den Wald f\u00fchrt der R\u00fcckweg (diesmal von Komoot ermittelt) uns wieder zur\u00fcck an den Ausgangspunkt. <\/p>\n\n\n\n<p>Ein wundersch\u00f6ner Tag in Herbstfarben mit leider viel mehr Betrieb als in der Vergangenheit an den gleichen Orten.<\/p>\n\n\n\n        <div id=\"map_ol3js_1\"\n             class=\"map undefined\"\n             data-map_name=\"undefined\"\n             data-map=\"map_ol3js_1\"\n             style=\"width:100%;\n                    max-width:100%;\n                    height:450px;\n                    display:block;\n                    overflow:hidden;\n                    border:2px solid grey;\">\n          <div id=\"map_ol3js_1_popup\" class=\"ol-popup\">\n            <a href=\"#\" id=\"map_ol3js_1_popup-closer\" class=\"ol-popup-closer\"><\/a>\n            <div id=\"map_ol3js_1_popup-content\"><\/div>\n          <\/div>\n        <\/div>\n    \n\n\t\t\t\t<script type=\"text\/javascript\">\n\t\t\t\t\ttranslations['openlayer'] = \"open layer\";\n\t\t\t\t\ttranslations['openlayerAtStartup'] = \"open layer at startup\";\n\t\t\t\t\ttranslations['generateLink'] = \"Der Link zur Karte mit ausgew\u00e4hlten Overlays und angezeigtem Ausschnitt\";\n\t\t\t\t\ttranslations['shortDescription'] = \"Kurzbeschreibung\";\n\t\t\t\t\ttranslations['generatedShortCode'] = \"to get a text control link paste this code in your wordpress editor\";\n\t\t\t\t\ttranslations['closeLayer'] = \"close layer\";\n\t\t\t\t\ttranslations['cantGenerateLink'] = \"put this string in the existing map short code to control this map\";\n\t\t\t  <\/script>\n\n\n\t\t\t  <script type=\"text\/javascript\">\n\t\t\t  vectorM['map_ol3js_1'] = [];\n\t        \n        var raster = getTileLayer(\"osm\",\"NoKey\");\t\t\t\n\n\t\t\t  var map_ol3js_1 = new ol.Map({\n\t\t\t\tinteractions: ol.interaction.defaults.defaults({mouseWheelZoom:false}),\n\t\t\t\tlayers: [raster],\n\t\t\t\ttarget: \"map_ol3js_1\",\n\t\t\t\tview: new ol.View({\n\t\t\t\t  center: ol.proj.transform([8.818596,49.399756], \"EPSG:4326\", \"EPSG:3857\"),\n\t\t\t\t  zoom: 13.234772\n\t\t\t\t})\n\t\t\t  });\n\t\t\t  \n    var style0 = {\n      \"Point\": [new ol.style.Style({\n\n          image: new ol.style.Icon({\n            anchor: [0.5, 41],\n            anchorXUnits: \"fraction\",\n            anchorYUnits: \"pixels\",\n            opacity: 0.75,\n            src: \"https:\/\/gothein.de\/reiseblog\/wp-content\/plugins\/osm\/icons\/mic_blue_pinother_02.png\"\n          })\n      })],\n\n      \"LineString\": [new ol.style.Style({\n        stroke: new ol.style.Stroke({\n          color: \"blue\",\n          width: 8\n        })\n      })],\n      \"MultiLineString\": [new ol.style.Style({\n        stroke: new ol.style.Stroke({\n          color: \"blue\",\n          width: 4\n        })\n      })]\n    };\n\t\t  var vectorL0 = new ol.layer.Vector({\n\t\t\t\tsource: new ol.source.Vector({\n\t\t\t\turl:\"\/reiseblog\/wp-content\/uploads\/gpx\/20201115_Neckargemuend.gpx\",\n\t\t\t\tformat: new ol.format.GPX({\n\t\t\t\t\textractStyles: false\n\t\t\t\t})\n\t\t\t}),\n\t\t\tzIndex: 92,\n\t\t\tstyle: function(feature, resolution) {return style0[feature.getGeometry().getType()];}\n\t\t  });\n\t\t  map_ol3js_1.addLayer(vectorL0);addControls2Map(map_ol3js_1,0,0,3,1,5,6,7,0,1);\nosm_addPopupClickhandler(map_ol3js_1,  \"map_ol3js_1\"); \nosm_addMouseHover(map_ol3js_1); <\/script>\n","protected":false},"excerpt":{"rendered":"<p>Schon wieder ein milder herbstlicher Sonntag mitten im November. Ein Tag pr\u00e4destiniert um eine kleine Wanderung zu machen. In Neckargem\u00fcnd starten wir und queren den Neckar. Von der Br\u00fccke ist die Aussicht auf den Ort, die M\u00fcndung der Elsenz und der Neckar besonders sch\u00f6n. Auf der anderen Seite f\u00fchrt der Weg steil nach oben um [&hellip;]<\/p>\n","protected":false},"author":1,"featured_media":0,"comment_status":"open","ping_status":"open","sticky":false,"template":"","format":"standard","meta":{"ngg_post_thumbnail":0,"_jetpack_memberships_contains_paid_content":false,"footnotes":""},"categories":[1],"tags":[146,175,176,177],"class_list":["post-4326","post","type-post","status-publish","format-standard","hentry","category-allgemein","tag-baden-wuerttemberg","tag-hessen","tag-neckargemuend","tag-neckarsteinach"],"jetpack_featured_media_url":"","jetpack_sharing_enabled":true,"_links":{"self":[{"href":"https:\/\/gothein.de\/reiseblog\/wp-json\/wp\/v2\/posts\/4326","targetHints":{"allow":["GET"]}}],"collection":[{"href":"https:\/\/gothein.de\/reiseblog\/wp-json\/wp\/v2\/posts"}],"about":[{"href":"https:\/\/gothein.de\/reiseblog\/wp-json\/wp\/v2\/types\/post"}],"author":[{"embeddable":true,"href":"https:\/\/gothein.de\/reiseblog\/wp-json\/wp\/v2\/users\/1"}],"replies":[{"embeddable":true,"href":"https:\/\/gothein.de\/reiseblog\/wp-json\/wp\/v2\/comments?post=4326"}],"version-history":[{"count":0,"href":"https:\/\/gothein.de\/reiseblog\/wp-json\/wp\/v2\/posts\/4326\/revisions"}],"wp:attachment":[{"href":"https:\/\/gothein.de\/reiseblog\/wp-json\/wp\/v2\/media?parent=4326"}],"wp:term":[{"taxonomy":"category","embeddable":true,"href":"https:\/\/gothein.de\/reiseblog\/wp-json\/wp\/v2\/categories?post=4326"},{"taxonomy":"post_tag","embeddable":true,"href":"https:\/\/gothein.de\/reiseblog\/wp-json\/wp\/v2\/tags?post=4326"}],"curies":[{"name":"wp","href":"https:\/\/api.w.org\/{rel}","templated":true}]}}