

{"id":4310,"date":"2020-11-08T20:46:30","date_gmt":"2020-11-08T19:46:30","guid":{"rendered":"https:\/\/gothein.de\/reiseblog\/?p=4310"},"modified":"2020-11-08T21:52:43","modified_gmt":"2020-11-08T20:52:43","slug":"herbstwanderung-im-ueberwald","status":"publish","type":"post","link":"https:\/\/gothein.de\/reiseblog\/2020\/11\/08\/herbstwanderung-im-ueberwald\/","title":{"rendered":"Herbstwanderung im \u00dcberwald"},"content":{"rendered":"\n<p>Lange habe ich hier nichts mehr berichtet. Wegen Corona und Home Office war unser Tatendrang etwas reduziert. Heute haben wir uns in kleiner Runde zusammengefunden um ein paar neue Ziele im \u00dcberwald bei Siedelsbrunn im Odenwald zu erkunden. <\/p>\n\n\n\n<figure class=\"wp-block-image size-large\"><img loading=\"lazy\" decoding=\"async\" width=\"1024\" height=\"1024\" src=\"https:\/\/gothein.de\/reiseblog\/wp-content\/uploads\/2020\/11\/20201108_202600_copy_1620x1620-1024x1024.jpg\" alt=\"\" class=\"wp-image-4308\" srcset=\"https:\/\/gothein.de\/reiseblog\/wp-content\/uploads\/2020\/11\/20201108_202600_copy_1620x1620-1024x1024.jpg 1024w, https:\/\/gothein.de\/reiseblog\/wp-content\/uploads\/2020\/11\/20201108_202600_copy_1620x1620-300x300.jpg 300w, https:\/\/gothein.de\/reiseblog\/wp-content\/uploads\/2020\/11\/20201108_202600_copy_1620x1620-150x150.jpg 150w, https:\/\/gothein.de\/reiseblog\/wp-content\/uploads\/2020\/11\/20201108_202600_copy_1620x1620-768x768.jpg 768w, https:\/\/gothein.de\/reiseblog\/wp-content\/uploads\/2020\/11\/20201108_202600_copy_1620x1620-1536x1536.jpg 1536w, https:\/\/gothein.de\/reiseblog\/wp-content\/uploads\/2020\/11\/20201108_202600_copy_1620x1620-60x60.jpg 60w, https:\/\/gothein.de\/reiseblog\/wp-content\/uploads\/2020\/11\/20201108_202600_copy_1620x1620.jpg 1620w\" sizes=\"auto, (max-width: 1024px) 100vw, 1024px\" \/><\/figure>\n\n\n\n<p>Von der \u201ePassh\u00f6he\u201c bei Siedelsbrunn, direkt beim Buddha Zentrum geht der Weg los, am Funkturm vorbei bis zur h\u00f6chsten Erhebung, der Stiefelh\u00f6he, die durch einen sch\u00f6nen Hinkelstein markiert ist. Immerhin eine H\u00f6he von 589 Meter erreicht man, etwas mehr als beim K\u00f6nigsstuhl. Der Wald ist herbstlich und am Wegrand sind viele Fliegenpilze zu finden.<\/p>\n\n\n\n<p>Das n\u00e4chste Ziel ist die steinerne Bank, mit sch\u00f6ner Aussicht und direktem Blick auf die Windr\u00e4der. Diese sind nun auf einigen H\u00f6henz\u00fcgen zu sehen. Unz\u00e4hlige Plakate in den Orten k\u00fcnden von heftigem Protest gegen diese Form der Energiegewinnung. <\/p>\n\n\n\n<p>Stichwort \u201eBank\u201c: auf dem Weg sind sie alle ausnahmslos besetzt. So braucht es eine Zeit, bis wir ein sch\u00f6nes Pl\u00e4tzchen f\u00fcr unser Picknick finden. \u00dcbrigens sind auch alle Parkpl\u00e4tze da oben ziemlich voll und auf den Wanderwegen begegnen wir vielen Leuten, die die gleiche Idee hatten wie wir.  <\/p>\n\n\n\n<div class=\"wp-block-image\"><figure class=\"aligncenter size-full\"><img loading=\"lazy\" decoding=\"async\" width=\"1440\" height=\"2560\" src=\"https:\/\/gothein.de\/reiseblog\/wp-content\/uploads\/2020\/11\/20201108_202812_copy_1620x2880-scaled.jpg\" alt=\"\" class=\"wp-image-4309\" srcset=\"https:\/\/gothein.de\/reiseblog\/wp-content\/uploads\/2020\/11\/20201108_202812_copy_1620x2880-scaled.jpg 1440w, https:\/\/gothein.de\/reiseblog\/wp-content\/uploads\/2020\/11\/20201108_202812_copy_1620x2880-169x300.jpg 169w, https:\/\/gothein.de\/reiseblog\/wp-content\/uploads\/2020\/11\/20201108_202812_copy_1620x2880-576x1024.jpg 576w, https:\/\/gothein.de\/reiseblog\/wp-content\/uploads\/2020\/11\/20201108_202812_copy_1620x2880-768x1365.jpg 768w, https:\/\/gothein.de\/reiseblog\/wp-content\/uploads\/2020\/11\/20201108_202812_copy_1620x2880-864x1536.jpg 864w, https:\/\/gothein.de\/reiseblog\/wp-content\/uploads\/2020\/11\/20201108_202812_copy_1620x2880-1152x2048.jpg 1152w\" sizes=\"auto, (max-width: 1440px) 100vw, 1440px\" \/><\/figure><\/div>\n\n\n\n<p>Das n\u00e4chste Ziel ist Lichtenklingen. Auch hier gibt es einige Leute, die unterwegs sind: ein altes denkmalgesch\u00fctztes verlassenes Forsthaus, eine verfallene Kappelle mit Devotionalien der Gottesmutter, der diese Kappelle geweiht war. Von dort geht es vorbei an einem alten Laufbrunnen ins Eiterbachtal hinunter, entlang einer Weide in der Rinder einer uns unbekannten Rasse grasen, inklusive kleiner K\u00e4lbchen. <\/p>\n\n\n\n<p>Der Weg hoch zur\u00fcck nach Siedelsbrunn folgt dem gr\u00fcnen Tal des malerisch gewundenen Bach. Bei einsetzender D\u00e4mmerung erreichen wir unseren Ausgangspunkt. Es ist immer erstaunlich und erfreulich, wie sich in unmittelbarer N\u00e4he immer wieder neue sch\u00f6ne Orte finden lassen. <\/p>\n\n\n\n        <div id=\"map_ol3js_1\"\n             class=\"map undefined\"\n             data-map_name=\"undefined\"\n             data-map=\"map_ol3js_1\"\n             style=\"width:100%;\n                    max-width:100%;\n                    height:450px;\n                    display:block;\n                    overflow:hidden;\n                    border:2px solid grey;\">\n          <div id=\"map_ol3js_1_popup\" class=\"ol-popup\">\n            <a href=\"#\" id=\"map_ol3js_1_popup-closer\" class=\"ol-popup-closer\"><\/a>\n            <div id=\"map_ol3js_1_popup-content\"><\/div>\n          <\/div>\n        <\/div>\n    \n\n\t\t\t\t<script type=\"text\/javascript\">\n\t\t\t\t\ttranslations['openlayer'] = \"open layer\";\n\t\t\t\t\ttranslations['openlayerAtStartup'] = \"open layer at startup\";\n\t\t\t\t\ttranslations['generateLink'] = \"Der Link zur Karte mit ausgew\u00e4hlten Overlays und angezeigtem Ausschnitt\";\n\t\t\t\t\ttranslations['shortDescription'] = \"Kurzbeschreibung\";\n\t\t\t\t\ttranslations['generatedShortCode'] = \"to get a text control link paste this code in your wordpress editor\";\n\t\t\t\t\ttranslations['closeLayer'] = \"close layer\";\n\t\t\t\t\ttranslations['cantGenerateLink'] = \"put this string in the existing map short code to control this map\";\n\t\t\t  <\/script>\n\n\n\t\t\t  <script type=\"text\/javascript\">\n\t\t\t  vectorM['map_ol3js_1'] = [];\n\t        \n        var raster = getTileLayer(\"osm\",\"NoKey\");\t\t\t\n\n\t\t\t  var map_ol3js_1 = new ol.Map({\n\t\t\t\tinteractions: ol.interaction.defaults.defaults({mouseWheelZoom:false}),\n\t\t\t\tlayers: [raster],\n\t\t\t\ttarget: \"map_ol3js_1\",\n\t\t\t\tview: new ol.View({\n\t\t\t\t  center: ol.proj.transform([8.813967,49.533992], \"EPSG:4326\", \"EPSG:3857\"),\n\t\t\t\t  zoom: 13.414795\n\t\t\t\t})\n\t\t\t  });\n\t\t\t  \n    var style0 = {\n      \"Point\": [new ol.style.Style({\n\n          image: new ol.style.Icon({\n            anchor: [0.5, 41],\n            anchorXUnits: \"fraction\",\n            anchorYUnits: \"pixels\",\n            opacity: 0.75,\n            src: \"https:\/\/gothein.de\/reiseblog\/wp-content\/plugins\/osm\/icons\/mic_blue_pinother_02.png\"\n          })\n      })],\n\n      \"LineString\": [new ol.style.Style({\n        stroke: new ol.style.Stroke({\n          color: \"blue\",\n          width: 8\n        })\n      })],\n      \"MultiLineString\": [new ol.style.Style({\n        stroke: new ol.style.Stroke({\n          color: \"blue\",\n          width: 4\n        })\n      })]\n    };\n\t\t  var vectorL0 = new ol.layer.Vector({\n\t\t\t\tsource: new ol.source.Vector({\n\t\t\t\turl:\"\/reiseblog\/wp-content\/uploads\/gpx\/20201108_Siedelsbrunn.gpx\",\n\t\t\t\tformat: new ol.format.GPX({\n\t\t\t\t\textractStyles: false\n\t\t\t\t})\n\t\t\t}),\n\t\t\tzIndex: 92,\n\t\t\tstyle: function(feature, resolution) {return style0[feature.getGeometry().getType()];}\n\t\t  });\n\t\t  map_ol3js_1.addLayer(vectorL0);addControls2Map(map_ol3js_1,0,0,3,1,5,6,7,0,1);\nosm_addPopupClickhandler(map_ol3js_1,  \"map_ol3js_1\"); \nosm_addMouseHover(map_ol3js_1); <\/script>\n","protected":false},"excerpt":{"rendered":"<p>Lange habe ich hier nichts mehr berichtet. Wegen Corona und Home Office war unser Tatendrang etwas reduziert. Heute haben wir uns in kleiner Runde zusammengefunden um ein paar neue Ziele im \u00dcberwald bei Siedelsbrunn im Odenwald zu erkunden. Von der \u201ePassh\u00f6he\u201c bei Siedelsbrunn, direkt beim Buddha Zentrum geht der Weg los, am Funkturm vorbei bis [&hellip;]<\/p>\n","protected":false},"author":1,"featured_media":0,"comment_status":"open","ping_status":"open","sticky":false,"template":"","format":"standard","meta":{"ngg_post_thumbnail":0,"_jetpack_memberships_contains_paid_content":false,"footnotes":""},"categories":[1],"tags":[146,173,174],"class_list":["post-4310","post","type-post","status-publish","format-standard","hentry","category-allgemein","tag-baden-wuerttemberg","tag-siedelsbrunn","tag-ueberwald"],"jetpack_featured_media_url":"","jetpack_sharing_enabled":true,"_links":{"self":[{"href":"https:\/\/gothein.de\/reiseblog\/wp-json\/wp\/v2\/posts\/4310","targetHints":{"allow":["GET"]}}],"collection":[{"href":"https:\/\/gothein.de\/reiseblog\/wp-json\/wp\/v2\/posts"}],"about":[{"href":"https:\/\/gothein.de\/reiseblog\/wp-json\/wp\/v2\/types\/post"}],"author":[{"embeddable":true,"href":"https:\/\/gothein.de\/reiseblog\/wp-json\/wp\/v2\/users\/1"}],"replies":[{"embeddable":true,"href":"https:\/\/gothein.de\/reiseblog\/wp-json\/wp\/v2\/comments?post=4310"}],"version-history":[{"count":0,"href":"https:\/\/gothein.de\/reiseblog\/wp-json\/wp\/v2\/posts\/4310\/revisions"}],"wp:attachment":[{"href":"https:\/\/gothein.de\/reiseblog\/wp-json\/wp\/v2\/media?parent=4310"}],"wp:term":[{"taxonomy":"category","embeddable":true,"href":"https:\/\/gothein.de\/reiseblog\/wp-json\/wp\/v2\/categories?post=4310"},{"taxonomy":"post_tag","embeddable":true,"href":"https:\/\/gothein.de\/reiseblog\/wp-json\/wp\/v2\/tags?post=4310"}],"curies":[{"name":"wp","href":"https:\/\/api.w.org\/{rel}","templated":true}]}}